{"id":33785,"date":"2026-08-31T13:28:45","date_gmt":"2026-08-31T20:28:45","guid":{"rendered":"https:\/\/eticacomunica.com.mx\/?p=33785"},"modified":"2026-08-31T13:28:45","modified_gmt":"2026-08-31T20:28:45","slug":"el-plan-integral-de-seguridad-y-gobernabilidad-se-elabora-de-la-mano-con-gobierno-federal-destaca-gobernadora-graciela-dominguez","status":"publish","type":"post","link":"https:\/\/eticacomunica.com.mx\/?p=33785","title":{"rendered":"El Plan Integral de Seguridad y Gobernabilidad se elabora de la mano con gobierno federal, destaca Gobernadora Graciela Dom\u00ednguez"},"content":{"rendered":"\n<p class=\"wp-block-paragraph\">Explica la mandataria que los ejes centrales son fortalecer cuerpos polic\u00edacos, profundizar acciones sociales y generar confianza ciudadana que conduzcan a la pacificaci\u00f3n.<br><br>Culiac\u00e1n, Sinaloa, a 31 de agosto de 2026.\u2013 Concebido como una estrategia intersecretarial de amplio alcance para alcanzar la pacificaci\u00f3n de la entidad a trav\u00e9s de una agenda que incluya, entre otros sectores, a los j\u00f3venes, al \u00e1rea educativa y a familias desplazadas, adem\u00e1s de robustecer la operaci\u00f3n de las \u00e1reas de seguridad estatales, el Plan Integral de Seguridad y Gobernabilidad se est\u00e1 elaborando de la mano del gobierno federal por instrucciones de la presidenta Claudia Sheinbaum y un avance se dar\u00e1 a conocer en los pr\u00f3ximos d\u00edas, detall\u00f3 la Gobernadora Graciela Dom\u00ednguez Nava.<br><br>\u201cLos dos ejes centrales son; c\u00f3mo fortalecemos a nuestras polic\u00edas y sobre todo es el fortalecimiento desde Sinaloa de nuestros cuerpos policiacos, la tarea que se hace en materia de seguridad, ante el esfuerzo que la federaci\u00f3n ha venido haciendo en el acompa\u00f1amiento en nuestro estado, pero requerimos tambi\u00e9n nosotros desde Sinaloa reforzarlo y por otro lado tambi\u00e9n la parte social\u201d, indic\u00f3. <br><br>Los municipios con mayor incidencia en la actualidad ser\u00e1n el objetivo base, por lo que se otorgar\u00e1 especial atenci\u00f3n a Culiac\u00e1n, Mazatl\u00e1n, Navolato, Escuinapa, Rosario y Concordia, sin embargo, la estrategia de seguridad comprende todo el estado, m\u00e1s all\u00e1 de que algunas acciones se concentren en estas zonas, detall\u00f3. <br><br>Al referirse al aspecto social, la mandataria estatal dijo que la idea es profundizar algunas estrategias de atenci\u00f3n social junto con la federaci\u00f3n, lo cual implica considerar un contexto m\u00e1s significativo en cuanto a las \u00e1reas donde se trabajar\u00e1.<br><br>\u201cVamos a atender distintas vertientes, desde el \u00e1mbito educativo, pero tambi\u00e9n desde el \u00e1mbito de los j\u00f3venes que viven tambi\u00e9n mucha marginaci\u00f3n, por otro lado, tambi\u00e9n estamos revisando la atenci\u00f3n a las familias desplazadas por la violencia en estas regiones, en estos municipios\u201d, agreg\u00f3.<br><br>Finalmente, Dom\u00ednguez Nava enfatiz\u00f3 que se busca trazar una ruta determinando hacia donde se debe profundizar una serie de pol\u00edticas y acciones encaminadas a mantener la paz y la tranquilidad, bajo una coordinaci\u00f3n con el gobierno federal.<\/p>\n","protected":false},"excerpt":{"rendered":"<p>Explica la mandataria que los ejes centrales son fortalecer cuerpos polic\u00edacos, profundizar acciones sociales y generar confianza ciudadana que conduzcan a la pacificaci\u00f3n. Culiac\u00e1n, Sinaloa, a 31 de agosto de&hellip;<\/p>\n","protected":false},"author":1,"featured_media":33784,"comment_status":"open","ping_status":"open","sticky":false,"template":"","format":"standard","meta":{"_jetpack_newsletter_access":"","_jetpack_dont_email_post_to_subs":false,"_jetpack_newsletter_tier_id":0,"_jetpack_memberships_contains_paywalled_content":false,"_jetpack_feature_clip_id":0,"_jetpack_memberships_contains_paid_content":false,"footnotes":"","jetpack_publicize_message":"","jetpack_publicize_feature_enabled":true,"jetpack_social_post_already_shared":true,"jetpack_social_options":{"image_generator_settings":{"template":"highway","default_image_id":0,"font":"","enabled":false},"version":2},"jetpack_post_was_ever_published":false},"categories":[207,26],"tags":[34],"class_list":["post-33785","post","type-post","status-publish","format-standard","has-post-thumbnail","hentry","category-ges","category-portada","tag-gobierno-del-estado-de-sinaloa"],"yoast_head":"<!-- This site is optimized with the Yoast SEO plugin v28.2 - https:\/\/yoast.com\/product\/yoast-seo-wordpress\/ -->\n<title>El Plan Integral de Seguridad y Gobernabilidad se elabora de la mano con gobierno federal, destaca Gobernadora Graciela Dom\u00ednguez - \u00c9tica Comunica<\/title>\n<meta name=\"robots\" content=\"index, follow, max-snippet:-1, max-image-preview:large, max-video-preview:-1\" \/>\n<link rel=\"canonical\" href=\"https:\/\/eticacomunica.com.mx\/?p=33785\" \/>\n<meta property=\"og:locale\" content=\"es_MX\" \/>\n<meta property=\"og:type\" content=\"article\" \/>\n<meta property=\"og:title\" content=\"El Plan Integral de Seguridad y Gobernabilidad se elabora de la mano con gobierno federal, destaca Gobernadora Graciela Dom\u00ednguez - \u00c9tica Comunica\" \/>\n<meta property=\"og:description\" content=\"Explica la mandataria que los ejes centrales son fortalecer cuerpos polic\u00edacos, profundizar acciones sociales y generar confianza ciudadana que conduzcan a la pacificaci\u00f3n. Culiac\u00e1n, Sinaloa, a 31 de agosto de&hellip;\" \/>\n<meta property=\"og:url\" content=\"https:\/\/eticacomunica.com.mx\/?p=33785\" \/>\n<meta property=\"og:site_name\" content=\"\u00c9tica Comunica\" \/>\n<meta property=\"article:publisher\" content=\"https:\/\/www.facebook.com\/eticacomunica\" \/>\n<meta property=\"article:published_time\" content=\"2026-08-31T20:28:45+00:00\" \/>\n<meta name=\"author\" content=\"etica\" \/>\n<meta name=\"twitter:card\" content=\"summary_large_image\" \/>\n<meta name=\"twitter:label1\" content=\"Escrito por\" \/>\n\t<meta name=\"twitter:data1\" content=\"etica\" \/>\n\t<meta name=\"twitter:label2\" content=\"Tiempo de lectura\" \/>\n\t<meta name=\"twitter:data2\" content=\"2 minutos\" \/>\n<script type=\"application\/ld+json\" class=\"yoast-schema-graph\">{\"@context\":\"https:\\\/\\\/schema.org\",\"@graph\":[{\"@type\":\"Article\",\"@id\":\"https:\\\/\\\/eticacomunica.com.mx\\\/?p=33785#article\",\"isPartOf\":{\"@id\":\"https:\\\/\\\/eticacomunica.com.mx\\\/?p=33785\"},\"author\":{\"name\":\"etica\",\"@id\":\"https:\\\/\\\/eticacomunica.com.mx\\\/#\\\/schema\\\/person\\\/2cacc47bd17fe8ad92f08c0313d22fa6\"},\"headline\":\"El Plan Integral de Seguridad y Gobernabilidad se elabora de la mano con gobierno federal, destaca Gobernadora Graciela Dom\u00ednguez\",\"datePublished\":\"2026-08-31T20:28:45+00:00\",\"mainEntityOfPage\":{\"@id\":\"https:\\\/\\\/eticacomunica.com.mx\\\/?p=33785\"},\"wordCount\":400,\"commentCount\":0,\"publisher\":{\"@id\":\"https:\\\/\\\/eticacomunica.com.mx\\\/#organization\"},\"image\":{\"@id\":\"https:\\\/\\\/eticacomunica.com.mx\\\/?p=33785#primaryimage\"},\"thumbnailUrl\":\"https:\\\/\\\/eticacomunica.com.mx\\\/wp-content\\\/uploads\\\/2026\\\/08\\\/IMG-20260831-WA0030.jpg\",\"keywords\":[\"Gobierno del Estado de Sinaloa\"],\"articleSection\":[\"GES\",\"Portada\"],\"inLanguage\":\"es\",\"potentialAction\":[{\"@type\":\"CommentAction\",\"name\":\"Comment\",\"target\":[\"https:\\\/\\\/eticacomunica.com.mx\\\/?p=33785#respond\"]}]},{\"@type\":\"WebPage\",\"@id\":\"https:\\\/\\\/eticacomunica.com.mx\\\/?p=33785\",\"url\":\"https:\\\/\\\/eticacomunica.com.mx\\\/?p=33785\",\"name\":\"El Plan Integral de Seguridad y Gobernabilidad se elabora de la mano con gobierno federal, destaca Gobernadora Graciela Dom\u00ednguez - \u00c9tica Comunica\",\"isPartOf\":{\"@id\":\"https:\\\/\\\/eticacomunica.com.mx\\\/#website\"},\"primaryImageOfPage\":{\"@id\":\"https:\\\/\\\/eticacomunica.com.mx\\\/?p=33785#primaryimage\"},\"image\":{\"@id\":\"https:\\\/\\\/eticacomunica.com.mx\\\/?p=33785#primaryimage\"},\"thumbnailUrl\":\"https:\\\/\\\/eticacomunica.com.mx\\\/wp-content\\\/uploads\\\/2026\\\/08\\\/IMG-20260831-WA0030.jpg\",\"datePublished\":\"2026-08-31T20:28:45+00:00\",\"breadcrumb\":{\"@id\":\"https:\\\/\\\/eticacomunica.com.mx\\\/?p=33785#breadcrumb\"},\"inLanguage\":\"es\",\"potentialAction\":[{\"@type\":\"ReadAction\",\"target\":[\"https:\\\/\\\/eticacomunica.com.mx\\\/?p=33785\"]}]},{\"@type\":\"ImageObject\",\"inLanguage\":\"es\",\"@id\":\"https:\\\/\\\/eticacomunica.com.mx\\\/?p=33785#primaryimage\",\"url\":\"https:\\\/\\\/eticacomunica.com.mx\\\/wp-content\\\/uploads\\\/2026\\\/08\\\/IMG-20260831-WA0030.jpg\",\"contentUrl\":\"https:\\\/\\\/eticacomunica.com.mx\\\/wp-content\\\/uploads\\\/2026\\\/08\\\/IMG-20260831-WA0030.jpg\",\"width\":1280,\"height\":854},{\"@type\":\"BreadcrumbList\",\"@id\":\"https:\\\/\\\/eticacomunica.com.mx\\\/?p=33785#breadcrumb\",\"itemListElement\":[{\"@type\":\"ListItem\",\"position\":1,\"name\":\"Inicio\",\"item\":\"https:\\\/\\\/eticacomunica.com.mx\\\/\"},{\"@type\":\"ListItem\",\"position\":2,\"name\":\"El Plan Integral de Seguridad y Gobernabilidad se elabora de la mano con gobierno federal, destaca Gobernadora Graciela Dom\u00ednguez\"}]},{\"@type\":\"WebSite\",\"@id\":\"https:\\\/\\\/eticacomunica.com.mx\\\/#website\",\"url\":\"https:\\\/\\\/eticacomunica.com.mx\\\/\",\"name\":\"\u00c9tica Comunica\",\"description\":\"Diario Digital\",\"publisher\":{\"@id\":\"https:\\\/\\\/eticacomunica.com.mx\\\/#organization\"},\"potentialAction\":[{\"@type\":\"SearchAction\",\"target\":{\"@type\":\"EntryPoint\",\"urlTemplate\":\"https:\\\/\\\/eticacomunica.com.mx\\\/?s={search_term_string}\"},\"query-input\":{\"@type\":\"PropertyValueSpecification\",\"valueRequired\":true,\"valueName\":\"search_term_string\"}}],\"inLanguage\":\"es\"},{\"@type\":\"Organization\",\"@id\":\"https:\\\/\\\/eticacomunica.com.mx\\\/#organization\",\"name\":\"Diarios Digitales de Sinaloa\",\"url\":\"https:\\\/\\\/eticacomunica.com.mx\\\/\",\"logo\":{\"@type\":\"ImageObject\",\"inLanguage\":\"es\",\"@id\":\"https:\\\/\\\/eticacomunica.com.mx\\\/#\\\/schema\\\/logo\\\/image\\\/\",\"url\":\"https:\\\/\\\/eticacomunica.com.mx\\\/wp-content\\\/uploads\\\/2023\\\/10\\\/etica-logo.png\",\"contentUrl\":\"https:\\\/\\\/eticacomunica.com.mx\\\/wp-content\\\/uploads\\\/2023\\\/10\\\/etica-logo.png\",\"width\":1280,\"height\":432,\"caption\":\"Diarios Digitales de Sinaloa\"},\"image\":{\"@id\":\"https:\\\/\\\/eticacomunica.com.mx\\\/#\\\/schema\\\/logo\\\/image\\\/\"},\"sameAs\":[\"https:\\\/\\\/www.facebook.com\\\/eticacomunica\"]},{\"@type\":\"Person\",\"@id\":\"https:\\\/\\\/eticacomunica.com.mx\\\/#\\\/schema\\\/person\\\/2cacc47bd17fe8ad92f08c0313d22fa6\",\"name\":\"etica\",\"image\":{\"@type\":\"ImageObject\",\"inLanguage\":\"es\",\"@id\":\"https:\\\/\\\/secure.gravatar.com\\\/avatar\\\/dfb45d32bc7097f8f06d6e4f6e6b387e7cb8fd5b3a2869265c40587ab62cab1e?s=96&d=mm&r=g\",\"url\":\"https:\\\/\\\/secure.gravatar.com\\\/avatar\\\/dfb45d32bc7097f8f06d6e4f6e6b387e7cb8fd5b3a2869265c40587ab62cab1e?s=96&d=mm&r=g\",\"contentUrl\":\"https:\\\/\\\/secure.gravatar.com\\\/avatar\\\/dfb45d32bc7097f8f06d6e4f6e6b387e7cb8fd5b3a2869265c40587ab62cab1e?s=96&d=mm&r=g\",\"caption\":\"etica\"},\"sameAs\":[\"https:\\\/\\\/eticacomunica.com.mx\"],\"url\":\"https:\\\/\\\/eticacomunica.com.mx\\\/?author=1\"}]}<\/script>\n<!-- \/ Yoast SEO plugin. -->","yoast_head_json":{"title":"El Plan Integral de Seguridad y Gobernabilidad se elabora de la mano con gobierno federal, destaca Gobernadora Graciela Dom\u00ednguez - \u00c9tica Comunica","robots":{"index":"index","follow":"follow","max-snippet":"max-snippet:-1","max-image-preview":"max-image-preview:large","max-video-preview":"max-video-preview:-1"},"canonical":"https:\/\/eticacomunica.com.mx\/?p=33785","og_locale":"es_MX","og_type":"article","og_title":"El Plan Integral de Seguridad y Gobernabilidad se elabora de la mano con gobierno federal, destaca Gobernadora Graciela Dom\u00ednguez - \u00c9tica Comunica","og_description":"Explica la mandataria que los ejes centrales son fortalecer cuerpos polic\u00edacos, profundizar acciones sociales y generar confianza ciudadana que conduzcan a la pacificaci\u00f3n. Culiac\u00e1n, Sinaloa, a 31 de agosto de&hellip;","og_url":"https:\/\/eticacomunica.com.mx\/?p=33785","og_site_name":"\u00c9tica Comunica","article_publisher":"https:\/\/www.facebook.com\/eticacomunica","article_published_time":"2026-08-31T20:28:45+00:00","author":"etica","twitter_card":"summary_large_image","twitter_misc":{"Escrito por":"etica","Tiempo de lectura":"2 minutos"},"schema":{"@context":"https:\/\/schema.org","@graph":[{"@type":"Article","@id":"https:\/\/eticacomunica.com.mx\/?p=33785#article","isPartOf":{"@id":"https:\/\/eticacomunica.com.mx\/?p=33785"},"author":{"name":"etica","@id":"https:\/\/eticacomunica.com.mx\/#\/schema\/person\/2cacc47bd17fe8ad92f08c0313d22fa6"},"headline":"El Plan Integral de Seguridad y Gobernabilidad se elabora de la mano con gobierno federal, destaca Gobernadora Graciela Dom\u00ednguez","datePublished":"2026-08-31T20:28:45+00:00","mainEntityOfPage":{"@id":"https:\/\/eticacomunica.com.mx\/?p=33785"},"wordCount":400,"commentCount":0,"publisher":{"@id":"https:\/\/eticacomunica.com.mx\/#organization"},"image":{"@id":"https:\/\/eticacomunica.com.mx\/?p=33785#primaryimage"},"thumbnailUrl":"https:\/\/eticacomunica.com.mx\/wp-content\/uploads\/2026\/08\/IMG-20260831-WA0030.jpg","keywords":["Gobierno del Estado de Sinaloa"],"articleSection":["GES","Portada"],"inLanguage":"es","potentialAction":[{"@type":"CommentAction","name":"Comment","target":["https:\/\/eticacomunica.com.mx\/?p=33785#respond"]}]},{"@type":"WebPage","@id":"https:\/\/eticacomunica.com.mx\/?p=33785","url":"https:\/\/eticacomunica.com.mx\/?p=33785","name":"El Plan Integral de Seguridad y Gobernabilidad se elabora de la mano con gobierno federal, destaca Gobernadora Graciela Dom\u00ednguez - \u00c9tica Comunica","isPartOf":{"@id":"https:\/\/eticacomunica.com.mx\/#website"},"primaryImageOfPage":{"@id":"https:\/\/eticacomunica.com.mx\/?p=33785#primaryimage"},"image":{"@id":"https:\/\/eticacomunica.com.mx\/?p=33785#primaryimage"},"thumbnailUrl":"https:\/\/eticacomunica.com.mx\/wp-content\/uploads\/2026\/08\/IMG-20260831-WA0030.jpg","datePublished":"2026-08-31T20:28:45+00:00","breadcrumb":{"@id":"https:\/\/eticacomunica.com.mx\/?p=33785#breadcrumb"},"inLanguage":"es","potentialAction":[{"@type":"ReadAction","target":["https:\/\/eticacomunica.com.mx\/?p=33785"]}]},{"@type":"ImageObject","inLanguage":"es","@id":"https:\/\/eticacomunica.com.mx\/?p=33785#primaryimage","url":"https:\/\/eticacomunica.com.mx\/wp-content\/uploads\/2026\/08\/IMG-20260831-WA0030.jpg","contentUrl":"https:\/\/eticacomunica.com.mx\/wp-content\/uploads\/2026\/08\/IMG-20260831-WA0030.jpg","width":1280,"height":854},{"@type":"BreadcrumbList","@id":"https:\/\/eticacomunica.com.mx\/?p=33785#breadcrumb","itemListElement":[{"@type":"ListItem","position":1,"name":"Inicio","item":"https:\/\/eticacomunica.com.mx\/"},{"@type":"ListItem","position":2,"name":"El Plan Integral de Seguridad y Gobernabilidad se elabora de la mano con gobierno federal, destaca Gobernadora Graciela Dom\u00ednguez"}]},{"@type":"WebSite","@id":"https:\/\/eticacomunica.com.mx\/#website","url":"https:\/\/eticacomunica.com.mx\/","name":"\u00c9tica Comunica","description":"Diario Digital","publisher":{"@id":"https:\/\/eticacomunica.com.mx\/#organization"},"potentialAction":[{"@type":"SearchAction","target":{"@type":"EntryPoint","urlTemplate":"https:\/\/eticacomunica.com.mx\/?s={search_term_string}"},"query-input":{"@type":"PropertyValueSpecification","valueRequired":true,"valueName":"search_term_string"}}],"inLanguage":"es"},{"@type":"Organization","@id":"https:\/\/eticacomunica.com.mx\/#organization","name":"Diarios Digitales de Sinaloa","url":"https:\/\/eticacomunica.com.mx\/","logo":{"@type":"ImageObject","inLanguage":"es","@id":"https:\/\/eticacomunica.com.mx\/#\/schema\/logo\/image\/","url":"https:\/\/eticacomunica.com.mx\/wp-content\/uploads\/2023\/10\/etica-logo.png","contentUrl":"https:\/\/eticacomunica.com.mx\/wp-content\/uploads\/2023\/10\/etica-logo.png","width":1280,"height":432,"caption":"Diarios Digitales de Sinaloa"},"image":{"@id":"https:\/\/eticacomunica.com.mx\/#\/schema\/logo\/image\/"},"sameAs":["https:\/\/www.facebook.com\/eticacomunica"]},{"@type":"Person","@id":"https:\/\/eticacomunica.com.mx\/#\/schema\/person\/2cacc47bd17fe8ad92f08c0313d22fa6","name":"etica","image":{"@type":"ImageObject","inLanguage":"es","@id":"https:\/\/secure.gravatar.com\/avatar\/dfb45d32bc7097f8f06d6e4f6e6b387e7cb8fd5b3a2869265c40587ab62cab1e?s=96&d=mm&r=g","url":"https:\/\/secure.gravatar.com\/avatar\/dfb45d32bc7097f8f06d6e4f6e6b387e7cb8fd5b3a2869265c40587ab62cab1e?s=96&d=mm&r=g","contentUrl":"https:\/\/secure.gravatar.com\/avatar\/dfb45d32bc7097f8f06d6e4f6e6b387e7cb8fd5b3a2869265c40587ab62cab1e?s=96&d=mm&r=g","caption":"etica"},"sameAs":["https:\/\/eticacomunica.com.mx"],"url":"https:\/\/eticacomunica.com.mx\/?author=1"}]}},"jetpack_publicize_connections":[],"jetpack_sharing_enabled":true,"jetpack_featured_media_url":"https:\/\/eticacomunica.com.mx\/wp-content\/uploads\/2026\/08\/IMG-20260831-WA0030.jpg","_links":{"self":[{"href":"https:\/\/eticacomunica.com.mx\/index.php?rest_route=\/wp\/v2\/posts\/33785","targetHints":{"allow":["GET"]}}],"collection":[{"href":"https:\/\/eticacomunica.com.mx\/index.php?rest_route=\/wp\/v2\/posts"}],"about":[{"href":"https:\/\/eticacomunica.com.mx\/index.php?rest_route=\/wp\/v2\/types\/post"}],"author":[{"embeddable":true,"href":"https:\/\/eticacomunica.com.mx\/index.php?rest_route=\/wp\/v2\/users\/1"}],"replies":[{"embeddable":true,"href":"https:\/\/eticacomunica.com.mx\/index.php?rest_route=%2Fwp%2Fv2%2Fcomments&post=33785"}],"version-history":[{"count":0,"href":"https:\/\/eticacomunica.com.mx\/index.php?rest_route=\/wp\/v2\/posts\/33785\/revisions"}],"wp:featuredmedia":[{"embeddable":true,"href":"https:\/\/eticacomunica.com.mx\/index.php?rest_route=\/wp\/v2\/media\/33784"}],"wp:attachment":[{"href":"https:\/\/eticacomunica.com.mx\/index.php?rest_route=%2Fwp%2Fv2%2Fmedia&parent=33785"}],"wp:term":[{"taxonomy":"category","embeddable":true,"href":"https:\/\/eticacomunica.com.mx\/index.php?rest_route=%2Fwp%2Fv2%2Fcategories&post=33785"},{"taxonomy":"post_tag","embeddable":true,"href":"https:\/\/eticacomunica.com.mx\/index.php?rest_route=%2Fwp%2Fv2%2Ftags&post=33785"}],"curies":[{"name":"wp","href":"https:\/\/api.w.org\/{rel}","templated":true}]}}