{"id":33800,"date":"2026-09-01T15:09:45","date_gmt":"2026-09-01T22:09:45","guid":{"rendered":"https:\/\/eticacomunica.com.mx\/?p=33800"},"modified":"2026-09-01T15:09:45","modified_gmt":"2026-09-01T22:09:45","slug":"la-licencia-permanente-esta-de-regreso-sates-mantiene-vigentes-tres-programas-durante-todo-septiembre","status":"publish","type":"post","link":"https:\/\/eticacomunica.com.mx\/?p=33800","title":{"rendered":"\u00a1La Licencia Permanente est\u00e1 de regreso! SATES mantiene vigentes tres programas durante todo septiembre"},"content":{"rendered":"\n<p class=\"wp-block-paragraph\">Culiac\u00e1n, Sinaloa. Martes 01 de septiembre de 2026.<br><br>El Servicio de Administraci\u00f3n Tributaria del Estado de Sinaloa (SATES) informa a la ciudadan\u00eda sinaloense que la *Licencia Permanente est\u00e1 de regreso, por lo que durante todo el mes de septiembre* permanecer\u00e1 abierta nuevamente la ventanilla para que las y los ciudadanos puedan realizar este importante tr\u00e1mite.<br><br>Esta medida representa una nueva oportunidad para que las y los automovilistas y motociclistas&nbsp; que cumplan con los requisitos establecidos puedan obtener su *Licencia Permanente*, brind\u00e1ndoles certeza y mayor facilidad para realizar este tr\u00e1mite con un costo de *$2,323.00.*<br><br>Asimismo, el SATES informa que durante *todo septiembre* tambi\u00e9n estar\u00e1n vigentes los programas *\u201cPonte al Corriente\u201d y \u201cBaja Definitiva\u201d*, con el objetivo de brindar mayores facilidades a las familias sinaloenses para regularizar su situaci\u00f3n vehicular.<br><br>El programa *\u201cPonte al Corriente\u201d* ofrece a las y los propietarios de veh\u00edculos 2022 y anteriores, la oportunidad de regularizar sus adeudos y poner al d\u00eda su situaci\u00f3n vehicular con un pago \u00fanico de *$6,000.00*, aprovechando las facilidades establecidas por el Gobierno del Estado.<br><br>Por su parte, el programa *\u201cBaja Definitiva\u201d* est\u00e1 dirigido a propietarios de veh\u00edculos que ya no se encuentran en circulaci\u00f3n y que desean realizar su baja formal, facilitando la regularizaci\u00f3n de su situaci\u00f3n ante la autoridad fiscal por la cantidad de *$3,237.00.*<br><br>El SATES invita a la ciudadan\u00eda a no esperar hasta los \u00faltimos d\u00edas de septiembre y aprovechar desde ahora los beneficios disponibles, acudiendo a las oficinas de recaudaci\u00f3n, m\u00f3dulos y colectur\u00edas del estado para realizar sus tr\u00e1mites correspondientes.<br><br>Durante todo septiembre, aprovecha esta nueva oportunidad, regulariza tus tr\u00e1mites y evita dejarlo para el \u00faltimo momento.<\/p>\n","protected":false},"excerpt":{"rendered":"<p>Culiac\u00e1n, Sinaloa. Martes 01 de septiembre de 2026. El Servicio de Administraci\u00f3n Tributaria del Estado de Sinaloa (SATES) informa a la ciudadan\u00eda sinaloense que la *Licencia Permanente est\u00e1 de regreso,&hellip;<\/p>\n","protected":false},"author":1,"featured_media":33799,"comment_status":"open","ping_status":"open","sticky":false,"template":"","format":"standard","meta":{"_jetpack_newsletter_access":"","_jetpack_dont_email_post_to_subs":false,"_jetpack_newsletter_tier_id":0,"_jetpack_memberships_contains_paywalled_content":false,"_jetpack_feature_clip_id":0,"_jetpack_memberships_contains_paid_content":false,"footnotes":"","jetpack_publicize_message":"","jetpack_publicize_feature_enabled":true,"jetpack_social_post_already_shared":true,"jetpack_social_options":{"image_generator_settings":{"template":"highway","default_image_id":0,"font":"","enabled":false},"version":2},"jetpack_post_was_ever_published":false},"categories":[52],"tags":[],"class_list":["post-33800","post","type-post","status-publish","format-standard","has-post-thumbnail","hentry","category-subportada"],"yoast_head":"<!-- This site is optimized with the Yoast SEO plugin v28.2 - https:\/\/yoast.com\/product\/yoast-seo-wordpress\/ -->\n<title>\u00a1La Licencia Permanente est\u00e1 de regreso! SATES mantiene vigentes tres programas durante todo septiembre - \u00c9tica Comunica<\/title>\n<meta name=\"robots\" content=\"index, follow, max-snippet:-1, max-image-preview:large, max-video-preview:-1\" \/>\n<link rel=\"canonical\" href=\"https:\/\/eticacomunica.com.mx\/?p=33800\" \/>\n<meta property=\"og:locale\" content=\"es_MX\" \/>\n<meta property=\"og:type\" content=\"article\" \/>\n<meta property=\"og:title\" content=\"\u00a1La Licencia Permanente est\u00e1 de regreso! SATES mantiene vigentes tres programas durante todo septiembre - \u00c9tica Comunica\" \/>\n<meta property=\"og:description\" content=\"Culiac\u00e1n, Sinaloa. Martes 01 de septiembre de 2026. El Servicio de Administraci\u00f3n Tributaria del Estado de Sinaloa (SATES) informa a la ciudadan\u00eda sinaloense que la *Licencia Permanente est\u00e1 de regreso,&hellip;\" \/>\n<meta property=\"og:url\" content=\"https:\/\/eticacomunica.com.mx\/?p=33800\" \/>\n<meta property=\"og:site_name\" content=\"\u00c9tica Comunica\" \/>\n<meta property=\"article:publisher\" content=\"https:\/\/www.facebook.com\/eticacomunica\" \/>\n<meta property=\"article:published_time\" content=\"2026-09-01T22:09:45+00:00\" \/>\n<meta name=\"author\" content=\"etica\" \/>\n<meta name=\"twitter:card\" content=\"summary_large_image\" \/>\n<meta name=\"twitter:label1\" content=\"Escrito por\" \/>\n\t<meta name=\"twitter:data1\" content=\"etica\" \/>\n\t<meta name=\"twitter:label2\" content=\"Tiempo de lectura\" \/>\n\t<meta name=\"twitter:data2\" content=\"1 minuto\" \/>\n<script type=\"application\/ld+json\" class=\"yoast-schema-graph\">{\"@context\":\"https:\\\/\\\/schema.org\",\"@graph\":[{\"@type\":\"Article\",\"@id\":\"https:\\\/\\\/eticacomunica.com.mx\\\/?p=33800#article\",\"isPartOf\":{\"@id\":\"https:\\\/\\\/eticacomunica.com.mx\\\/?p=33800\"},\"author\":{\"name\":\"etica\",\"@id\":\"https:\\\/\\\/eticacomunica.com.mx\\\/#\\\/schema\\\/person\\\/2cacc47bd17fe8ad92f08c0313d22fa6\"},\"headline\":\"\u00a1La Licencia Permanente est\u00e1 de regreso! SATES mantiene vigentes tres programas durante todo septiembre\",\"datePublished\":\"2026-09-01T22:09:45+00:00\",\"mainEntityOfPage\":{\"@id\":\"https:\\\/\\\/eticacomunica.com.mx\\\/?p=33800\"},\"wordCount\":302,\"commentCount\":0,\"publisher\":{\"@id\":\"https:\\\/\\\/eticacomunica.com.mx\\\/#organization\"},\"image\":{\"@id\":\"https:\\\/\\\/eticacomunica.com.mx\\\/?p=33800#primaryimage\"},\"thumbnailUrl\":\"https:\\\/\\\/eticacomunica.com.mx\\\/wp-content\\\/uploads\\\/2026\\\/09\\\/IMG-20260901-WA0036.jpg\",\"articleSection\":[\"Subportada\"],\"inLanguage\":\"es\",\"potentialAction\":[{\"@type\":\"CommentAction\",\"name\":\"Comment\",\"target\":[\"https:\\\/\\\/eticacomunica.com.mx\\\/?p=33800#respond\"]}]},{\"@type\":\"WebPage\",\"@id\":\"https:\\\/\\\/eticacomunica.com.mx\\\/?p=33800\",\"url\":\"https:\\\/\\\/eticacomunica.com.mx\\\/?p=33800\",\"name\":\"\u00a1La Licencia Permanente est\u00e1 de regreso! SATES mantiene vigentes tres programas durante todo septiembre - \u00c9tica Comunica\",\"isPartOf\":{\"@id\":\"https:\\\/\\\/eticacomunica.com.mx\\\/#website\"},\"primaryImageOfPage\":{\"@id\":\"https:\\\/\\\/eticacomunica.com.mx\\\/?p=33800#primaryimage\"},\"image\":{\"@id\":\"https:\\\/\\\/eticacomunica.com.mx\\\/?p=33800#primaryimage\"},\"thumbnailUrl\":\"https:\\\/\\\/eticacomunica.com.mx\\\/wp-content\\\/uploads\\\/2026\\\/09\\\/IMG-20260901-WA0036.jpg\",\"datePublished\":\"2026-09-01T22:09:45+00:00\",\"breadcrumb\":{\"@id\":\"https:\\\/\\\/eticacomunica.com.mx\\\/?p=33800#breadcrumb\"},\"inLanguage\":\"es\",\"potentialAction\":[{\"@type\":\"ReadAction\",\"target\":[\"https:\\\/\\\/eticacomunica.com.mx\\\/?p=33800\"]}]},{\"@type\":\"ImageObject\",\"inLanguage\":\"es\",\"@id\":\"https:\\\/\\\/eticacomunica.com.mx\\\/?p=33800#primaryimage\",\"url\":\"https:\\\/\\\/eticacomunica.com.mx\\\/wp-content\\\/uploads\\\/2026\\\/09\\\/IMG-20260901-WA0036.jpg\",\"contentUrl\":\"https:\\\/\\\/eticacomunica.com.mx\\\/wp-content\\\/uploads\\\/2026\\\/09\\\/IMG-20260901-WA0036.jpg\",\"width\":1600,\"height\":1600},{\"@type\":\"BreadcrumbList\",\"@id\":\"https:\\\/\\\/eticacomunica.com.mx\\\/?p=33800#breadcrumb\",\"itemListElement\":[{\"@type\":\"ListItem\",\"position\":1,\"name\":\"Inicio\",\"item\":\"https:\\\/\\\/eticacomunica.com.mx\\\/\"},{\"@type\":\"ListItem\",\"position\":2,\"name\":\"\u00a1La Licencia Permanente est\u00e1 de regreso! SATES mantiene vigentes tres programas durante todo septiembre\"}]},{\"@type\":\"WebSite\",\"@id\":\"https:\\\/\\\/eticacomunica.com.mx\\\/#website\",\"url\":\"https:\\\/\\\/eticacomunica.com.mx\\\/\",\"name\":\"\u00c9tica Comunica\",\"description\":\"Diario Digital\",\"publisher\":{\"@id\":\"https:\\\/\\\/eticacomunica.com.mx\\\/#organization\"},\"potentialAction\":[{\"@type\":\"SearchAction\",\"target\":{\"@type\":\"EntryPoint\",\"urlTemplate\":\"https:\\\/\\\/eticacomunica.com.mx\\\/?s={search_term_string}\"},\"query-input\":{\"@type\":\"PropertyValueSpecification\",\"valueRequired\":true,\"valueName\":\"search_term_string\"}}],\"inLanguage\":\"es\"},{\"@type\":\"Organization\",\"@id\":\"https:\\\/\\\/eticacomunica.com.mx\\\/#organization\",\"name\":\"Diarios Digitales de Sinaloa\",\"url\":\"https:\\\/\\\/eticacomunica.com.mx\\\/\",\"logo\":{\"@type\":\"ImageObject\",\"inLanguage\":\"es\",\"@id\":\"https:\\\/\\\/eticacomunica.com.mx\\\/#\\\/schema\\\/logo\\\/image\\\/\",\"url\":\"https:\\\/\\\/eticacomunica.com.mx\\\/wp-content\\\/uploads\\\/2023\\\/10\\\/etica-logo.png\",\"contentUrl\":\"https:\\\/\\\/eticacomunica.com.mx\\\/wp-content\\\/uploads\\\/2023\\\/10\\\/etica-logo.png\",\"width\":1280,\"height\":432,\"caption\":\"Diarios Digitales de Sinaloa\"},\"image\":{\"@id\":\"https:\\\/\\\/eticacomunica.com.mx\\\/#\\\/schema\\\/logo\\\/image\\\/\"},\"sameAs\":[\"https:\\\/\\\/www.facebook.com\\\/eticacomunica\"]},{\"@type\":\"Person\",\"@id\":\"https:\\\/\\\/eticacomunica.com.mx\\\/#\\\/schema\\\/person\\\/2cacc47bd17fe8ad92f08c0313d22fa6\",\"name\":\"etica\",\"image\":{\"@type\":\"ImageObject\",\"inLanguage\":\"es\",\"@id\":\"https:\\\/\\\/secure.gravatar.com\\\/avatar\\\/dfb45d32bc7097f8f06d6e4f6e6b387e7cb8fd5b3a2869265c40587ab62cab1e?s=96&d=mm&r=g\",\"url\":\"https:\\\/\\\/secure.gravatar.com\\\/avatar\\\/dfb45d32bc7097f8f06d6e4f6e6b387e7cb8fd5b3a2869265c40587ab62cab1e?s=96&d=mm&r=g\",\"contentUrl\":\"https:\\\/\\\/secure.gravatar.com\\\/avatar\\\/dfb45d32bc7097f8f06d6e4f6e6b387e7cb8fd5b3a2869265c40587ab62cab1e?s=96&d=mm&r=g\",\"caption\":\"etica\"},\"sameAs\":[\"https:\\\/\\\/eticacomunica.com.mx\"],\"url\":\"https:\\\/\\\/eticacomunica.com.mx\\\/?author=1\"}]}<\/script>\n<!-- \/ Yoast SEO plugin. -->","yoast_head_json":{"title":"\u00a1La Licencia Permanente est\u00e1 de regreso! SATES mantiene vigentes tres programas durante todo septiembre - \u00c9tica Comunica","robots":{"index":"index","follow":"follow","max-snippet":"max-snippet:-1","max-image-preview":"max-image-preview:large","max-video-preview":"max-video-preview:-1"},"canonical":"https:\/\/eticacomunica.com.mx\/?p=33800","og_locale":"es_MX","og_type":"article","og_title":"\u00a1La Licencia Permanente est\u00e1 de regreso! SATES mantiene vigentes tres programas durante todo septiembre - \u00c9tica Comunica","og_description":"Culiac\u00e1n, Sinaloa. Martes 01 de septiembre de 2026. El Servicio de Administraci\u00f3n Tributaria del Estado de Sinaloa (SATES) informa a la ciudadan\u00eda sinaloense que la *Licencia Permanente est\u00e1 de regreso,&hellip;","og_url":"https:\/\/eticacomunica.com.mx\/?p=33800","og_site_name":"\u00c9tica Comunica","article_publisher":"https:\/\/www.facebook.com\/eticacomunica","article_published_time":"2026-09-01T22:09:45+00:00","author":"etica","twitter_card":"summary_large_image","twitter_misc":{"Escrito por":"etica","Tiempo de lectura":"1 minuto"},"schema":{"@context":"https:\/\/schema.org","@graph":[{"@type":"Article","@id":"https:\/\/eticacomunica.com.mx\/?p=33800#article","isPartOf":{"@id":"https:\/\/eticacomunica.com.mx\/?p=33800"},"author":{"name":"etica","@id":"https:\/\/eticacomunica.com.mx\/#\/schema\/person\/2cacc47bd17fe8ad92f08c0313d22fa6"},"headline":"\u00a1La Licencia Permanente est\u00e1 de regreso! SATES mantiene vigentes tres programas durante todo septiembre","datePublished":"2026-09-01T22:09:45+00:00","mainEntityOfPage":{"@id":"https:\/\/eticacomunica.com.mx\/?p=33800"},"wordCount":302,"commentCount":0,"publisher":{"@id":"https:\/\/eticacomunica.com.mx\/#organization"},"image":{"@id":"https:\/\/eticacomunica.com.mx\/?p=33800#primaryimage"},"thumbnailUrl":"https:\/\/eticacomunica.com.mx\/wp-content\/uploads\/2026\/09\/IMG-20260901-WA0036.jpg","articleSection":["Subportada"],"inLanguage":"es","potentialAction":[{"@type":"CommentAction","name":"Comment","target":["https:\/\/eticacomunica.com.mx\/?p=33800#respond"]}]},{"@type":"WebPage","@id":"https:\/\/eticacomunica.com.mx\/?p=33800","url":"https:\/\/eticacomunica.com.mx\/?p=33800","name":"\u00a1La Licencia Permanente est\u00e1 de regreso! SATES mantiene vigentes tres programas durante todo septiembre - \u00c9tica Comunica","isPartOf":{"@id":"https:\/\/eticacomunica.com.mx\/#website"},"primaryImageOfPage":{"@id":"https:\/\/eticacomunica.com.mx\/?p=33800#primaryimage"},"image":{"@id":"https:\/\/eticacomunica.com.mx\/?p=33800#primaryimage"},"thumbnailUrl":"https:\/\/eticacomunica.com.mx\/wp-content\/uploads\/2026\/09\/IMG-20260901-WA0036.jpg","datePublished":"2026-09-01T22:09:45+00:00","breadcrumb":{"@id":"https:\/\/eticacomunica.com.mx\/?p=33800#breadcrumb"},"inLanguage":"es","potentialAction":[{"@type":"ReadAction","target":["https:\/\/eticacomunica.com.mx\/?p=33800"]}]},{"@type":"ImageObject","inLanguage":"es","@id":"https:\/\/eticacomunica.com.mx\/?p=33800#primaryimage","url":"https:\/\/eticacomunica.com.mx\/wp-content\/uploads\/2026\/09\/IMG-20260901-WA0036.jpg","contentUrl":"https:\/\/eticacomunica.com.mx\/wp-content\/uploads\/2026\/09\/IMG-20260901-WA0036.jpg","width":1600,"height":1600},{"@type":"BreadcrumbList","@id":"https:\/\/eticacomunica.com.mx\/?p=33800#breadcrumb","itemListElement":[{"@type":"ListItem","position":1,"name":"Inicio","item":"https:\/\/eticacomunica.com.mx\/"},{"@type":"ListItem","position":2,"name":"\u00a1La Licencia Permanente est\u00e1 de regreso! SATES mantiene vigentes tres programas durante todo septiembre"}]},{"@type":"WebSite","@id":"https:\/\/eticacomunica.com.mx\/#website","url":"https:\/\/eticacomunica.com.mx\/","name":"\u00c9tica Comunica","description":"Diario Digital","publisher":{"@id":"https:\/\/eticacomunica.com.mx\/#organization"},"potentialAction":[{"@type":"SearchAction","target":{"@type":"EntryPoint","urlTemplate":"https:\/\/eticacomunica.com.mx\/?s={search_term_string}"},"query-input":{"@type":"PropertyValueSpecification","valueRequired":true,"valueName":"search_term_string"}}],"inLanguage":"es"},{"@type":"Organization","@id":"https:\/\/eticacomunica.com.mx\/#organization","name":"Diarios Digitales de Sinaloa","url":"https:\/\/eticacomunica.com.mx\/","logo":{"@type":"ImageObject","inLanguage":"es","@id":"https:\/\/eticacomunica.com.mx\/#\/schema\/logo\/image\/","url":"https:\/\/eticacomunica.com.mx\/wp-content\/uploads\/2023\/10\/etica-logo.png","contentUrl":"https:\/\/eticacomunica.com.mx\/wp-content\/uploads\/2023\/10\/etica-logo.png","width":1280,"height":432,"caption":"Diarios Digitales de Sinaloa"},"image":{"@id":"https:\/\/eticacomunica.com.mx\/#\/schema\/logo\/image\/"},"sameAs":["https:\/\/www.facebook.com\/eticacomunica"]},{"@type":"Person","@id":"https:\/\/eticacomunica.com.mx\/#\/schema\/person\/2cacc47bd17fe8ad92f08c0313d22fa6","name":"etica","image":{"@type":"ImageObject","inLanguage":"es","@id":"https:\/\/secure.gravatar.com\/avatar\/dfb45d32bc7097f8f06d6e4f6e6b387e7cb8fd5b3a2869265c40587ab62cab1e?s=96&d=mm&r=g","url":"https:\/\/secure.gravatar.com\/avatar\/dfb45d32bc7097f8f06d6e4f6e6b387e7cb8fd5b3a2869265c40587ab62cab1e?s=96&d=mm&r=g","contentUrl":"https:\/\/secure.gravatar.com\/avatar\/dfb45d32bc7097f8f06d6e4f6e6b387e7cb8fd5b3a2869265c40587ab62cab1e?s=96&d=mm&r=g","caption":"etica"},"sameAs":["https:\/\/eticacomunica.com.mx"],"url":"https:\/\/eticacomunica.com.mx\/?author=1"}]}},"jetpack_publicize_connections":[],"jetpack_sharing_enabled":true,"jetpack_featured_media_url":"https:\/\/eticacomunica.com.mx\/wp-content\/uploads\/2026\/09\/IMG-20260901-WA0036.jpg","_links":{"self":[{"href":"https:\/\/eticacomunica.com.mx\/index.php?rest_route=\/wp\/v2\/posts\/33800","targetHints":{"allow":["GET"]}}],"collection":[{"href":"https:\/\/eticacomunica.com.mx\/index.php?rest_route=\/wp\/v2\/posts"}],"about":[{"href":"https:\/\/eticacomunica.com.mx\/index.php?rest_route=\/wp\/v2\/types\/post"}],"author":[{"embeddable":true,"href":"https:\/\/eticacomunica.com.mx\/index.php?rest_route=\/wp\/v2\/users\/1"}],"replies":[{"embeddable":true,"href":"https:\/\/eticacomunica.com.mx\/index.php?rest_route=%2Fwp%2Fv2%2Fcomments&post=33800"}],"version-history":[{"count":0,"href":"https:\/\/eticacomunica.com.mx\/index.php?rest_route=\/wp\/v2\/posts\/33800\/revisions"}],"wp:featuredmedia":[{"embeddable":true,"href":"https:\/\/eticacomunica.com.mx\/index.php?rest_route=\/wp\/v2\/media\/33799"}],"wp:attachment":[{"href":"https:\/\/eticacomunica.com.mx\/index.php?rest_route=%2Fwp%2Fv2%2Fmedia&parent=33800"}],"wp:term":[{"taxonomy":"category","embeddable":true,"href":"https:\/\/eticacomunica.com.mx\/index.php?rest_route=%2Fwp%2Fv2%2Fcategories&post=33800"},{"taxonomy":"post_tag","embeddable":true,"href":"https:\/\/eticacomunica.com.mx\/index.php?rest_route=%2Fwp%2Fv2%2Ftags&post=33800"}],"curies":[{"name":"wp","href":"https:\/\/api.w.org\/{rel}","templated":true}]}}