{"id":33804,"date":"2026-09-01T17:34:15","date_gmt":"2026-09-02T00:34:15","guid":{"rendered":"https:\/\/eticacomunica.com.mx\/?p=33804"},"modified":"2026-09-01T17:34:15","modified_gmt":"2026-09-02T00:34:15","slug":"fortalece-secretaria-de-salud-atencion-oportuna-ante-eventos-cerebrovasculares-con-capacitacion-en-codigo-ictus","status":"publish","type":"post","link":"https:\/\/eticacomunica.com.mx\/?p=33804","title":{"rendered":"Fortalece Secretar\u00eda de Salud atenci\u00f3n oportuna ante eventos cerebrovasculares con capacitaci\u00f3n en C\u00f3digo ICTUS"},"content":{"rendered":"\n<p class=\"wp-block-paragraph\">Culiac\u00e1n, Sinaloa.-* Con el objetivo de fortalecer la identificaci\u00f3n temprana de los signos y s\u00edntomas de un evento cerebrovascular (EVC) y mejorar la capacidad de respuesta ante estas emergencias m\u00e9dicas, el Centro Regulador de Urgencias M\u00e9dicas (CRUM) de la Secretar\u00eda de Salud llev\u00f3 a cabo una capacitaci\u00f3n en C\u00f3digo ICTUS, dirigida a personal de salud.<br><br>Durante la capacitaci\u00f3n, el secretario de Salud, Dr. Cuitl\u00e1huac Gonz\u00e1lez Galindo, destac\u00f3 la importancia de fortalecer la atenci\u00f3n prehospitalaria y hospitalaria para brindar una respuesta r\u00e1pida y eficiente ante los eventos cerebrovasculares, debido a que el tiempo es un factor determinante para reducir complicaciones, secuelas y defunciones.<br><br>\u201cHay una gran labor que tenemos que hacer en torno al EVC y creo que fortaleciendo la atenci\u00f3n prehospitalaria, sin duda vamos a generar un gran impacto en la poblaci\u00f3n. Antes habl\u00e1bamos c\u00f3digo infarto, pero pues el cerebro tambi\u00e9n es un indispensable y creo que gran parte del trabajo que hoy podemos ir fortaleciendo desde la Secretar\u00eda de Salud y todas las instituciones, pues es en torno a fortalecer el c\u00f3digo cerebro\u201d, dijo.<br><br>El funcionario estatal se\u00f1al\u00f3 que m\u00e1s del 80 por ciento de los eventos cerebrovasculares son de tipo isqu\u00e9mico, en los cuales existen alternativas terap\u00e9uticas que pueden mejorar el pron\u00f3stico de los pacientes cuando se brinda atenci\u00f3n de manera oportuna. En este sentido, resalt\u00f3 que la ventana de atenci\u00f3n para determinados tratamientos es limitada, por lo que resulta fundamental que el personal de salud pueda reconocer r\u00e1pidamente los signos de alarma y activar los protocolos correspondientes.<br><br>Gonz\u00e1lez Galindo subray\u00f3 que en M\u00e9xico se registran m\u00e1s de 100 mil personas con un evento cerebrovascular cada a\u00f1o, una situaci\u00f3n que representa un importante reto para el sistema de salud, debido a que una proporci\u00f3n de los pacientes puede presentar secuelas permanentes o perder la vida.<br><br>Por ello, destac\u00f3 que la capacitaci\u00f3n del personal y el fortalecimiento de los servicios de urgencias permiten mejorar los tiempos de respuesta y generar un mayor impacto en la poblaci\u00f3n, especialmente durante la atenci\u00f3n prehospitalaria, donde una intervenci\u00f3n adecuada puede ser determinante para el pron\u00f3stico del paciente.<br><br>El secretario de Salud reconoci\u00f3 adem\u00e1s el trabajo coordinado que se mantiene entre las distintas instituciones y organismos involucrados en la atenci\u00f3n de emergencias, como Cruz Roja, IMSS-Bienestar y otros sectores, con el prop\u00f3sito de fortalecer la atenci\u00f3n prehospitalaria y hospitalaria en Sinaloa.<br><br>Asimismo, agradeci\u00f3 a Iniciativa \u00c1ngeles por incluir a Sinaloa en esta iniciativa de capacitaci\u00f3n y reiter\u00f3 que el estado mantiene las puertas abiertas para continuar impulsando acciones conjuntas que contribuyan a mejorar la atenci\u00f3n de las emergencias cerebrovasculares.<\/p>\n","protected":false},"excerpt":{"rendered":"<p>Culiac\u00e1n, Sinaloa.-* Con el objetivo de fortalecer la identificaci\u00f3n temprana de los signos y s\u00edntomas de un evento cerebrovascular (EVC) y mejorar la capacidad de respuesta ante estas emergencias m\u00e9dicas,&hellip;<\/p>\n","protected":false},"author":1,"featured_media":33803,"comment_status":"open","ping_status":"open","sticky":false,"template":"","format":"standard","meta":{"_jetpack_newsletter_access":"","_jetpack_dont_email_post_to_subs":false,"_jetpack_newsletter_tier_id":0,"_jetpack_memberships_contains_paywalled_content":false,"_jetpack_feature_clip_id":0,"_jetpack_memberships_contains_paid_content":false,"footnotes":"","jetpack_publicize_message":"","jetpack_publicize_feature_enabled":true,"jetpack_social_post_already_shared":true,"jetpack_social_options":{"image_generator_settings":{"template":"highway","default_image_id":0,"font":"","enabled":false},"version":2},"jetpack_post_was_ever_published":false},"categories":[24],"tags":[],"class_list":["post-33804","post","type-post","status-publish","format-standard","has-post-thumbnail","hentry","category-estados"],"yoast_head":"<!-- This site is optimized with the Yoast SEO plugin v28.2 - https:\/\/yoast.com\/product\/yoast-seo-wordpress\/ -->\n<title>Fortalece Secretar\u00eda de Salud atenci\u00f3n oportuna ante eventos cerebrovasculares con capacitaci\u00f3n en C\u00f3digo ICTUS - \u00c9tica Comunica<\/title>\n<meta name=\"robots\" content=\"index, follow, max-snippet:-1, max-image-preview:large, max-video-preview:-1\" \/>\n<link rel=\"canonical\" href=\"https:\/\/eticacomunica.com.mx\/?p=33804\" \/>\n<meta property=\"og:locale\" content=\"es_MX\" \/>\n<meta property=\"og:type\" content=\"article\" \/>\n<meta property=\"og:title\" content=\"Fortalece Secretar\u00eda de Salud atenci\u00f3n oportuna ante eventos cerebrovasculares con capacitaci\u00f3n en C\u00f3digo ICTUS - \u00c9tica Comunica\" \/>\n<meta property=\"og:description\" content=\"Culiac\u00e1n, Sinaloa.-* Con el objetivo de fortalecer la identificaci\u00f3n temprana de los signos y s\u00edntomas de un evento cerebrovascular (EVC) y mejorar la capacidad de respuesta ante estas emergencias m\u00e9dicas,&hellip;\" \/>\n<meta property=\"og:url\" content=\"https:\/\/eticacomunica.com.mx\/?p=33804\" \/>\n<meta property=\"og:site_name\" content=\"\u00c9tica Comunica\" \/>\n<meta property=\"article:publisher\" content=\"https:\/\/www.facebook.com\/eticacomunica\" \/>\n<meta property=\"article:published_time\" content=\"2026-09-02T00:34:15+00:00\" \/>\n<meta name=\"author\" content=\"etica\" \/>\n<meta name=\"twitter:card\" content=\"summary_large_image\" \/>\n<meta name=\"twitter:label1\" content=\"Escrito por\" \/>\n\t<meta name=\"twitter:data1\" content=\"etica\" \/>\n\t<meta name=\"twitter:label2\" content=\"Tiempo de lectura\" \/>\n\t<meta name=\"twitter:data2\" content=\"2 minutos\" \/>\n<script type=\"application\/ld+json\" class=\"yoast-schema-graph\">{\"@context\":\"https:\\\/\\\/schema.org\",\"@graph\":[{\"@type\":\"Article\",\"@id\":\"https:\\\/\\\/eticacomunica.com.mx\\\/?p=33804#article\",\"isPartOf\":{\"@id\":\"https:\\\/\\\/eticacomunica.com.mx\\\/?p=33804\"},\"author\":{\"name\":\"etica\",\"@id\":\"https:\\\/\\\/eticacomunica.com.mx\\\/#\\\/schema\\\/person\\\/2cacc47bd17fe8ad92f08c0313d22fa6\"},\"headline\":\"Fortalece Secretar\u00eda de Salud atenci\u00f3n oportuna ante eventos cerebrovasculares con capacitaci\u00f3n en C\u00f3digo ICTUS\",\"datePublished\":\"2026-09-02T00:34:15+00:00\",\"mainEntityOfPage\":{\"@id\":\"https:\\\/\\\/eticacomunica.com.mx\\\/?p=33804\"},\"wordCount\":487,\"commentCount\":0,\"publisher\":{\"@id\":\"https:\\\/\\\/eticacomunica.com.mx\\\/#organization\"},\"image\":{\"@id\":\"https:\\\/\\\/eticacomunica.com.mx\\\/?p=33804#primaryimage\"},\"thumbnailUrl\":\"https:\\\/\\\/eticacomunica.com.mx\\\/wp-content\\\/uploads\\\/2026\\\/09\\\/IMG-20260901-WA0050.jpg\",\"articleSection\":[\"Estados\"],\"inLanguage\":\"es\",\"potentialAction\":[{\"@type\":\"CommentAction\",\"name\":\"Comment\",\"target\":[\"https:\\\/\\\/eticacomunica.com.mx\\\/?p=33804#respond\"]}]},{\"@type\":\"WebPage\",\"@id\":\"https:\\\/\\\/eticacomunica.com.mx\\\/?p=33804\",\"url\":\"https:\\\/\\\/eticacomunica.com.mx\\\/?p=33804\",\"name\":\"Fortalece Secretar\u00eda de Salud atenci\u00f3n oportuna ante eventos cerebrovasculares con capacitaci\u00f3n en C\u00f3digo ICTUS - \u00c9tica Comunica\",\"isPartOf\":{\"@id\":\"https:\\\/\\\/eticacomunica.com.mx\\\/#website\"},\"primaryImageOfPage\":{\"@id\":\"https:\\\/\\\/eticacomunica.com.mx\\\/?p=33804#primaryimage\"},\"image\":{\"@id\":\"https:\\\/\\\/eticacomunica.com.mx\\\/?p=33804#primaryimage\"},\"thumbnailUrl\":\"https:\\\/\\\/eticacomunica.com.mx\\\/wp-content\\\/uploads\\\/2026\\\/09\\\/IMG-20260901-WA0050.jpg\",\"datePublished\":\"2026-09-02T00:34:15+00:00\",\"breadcrumb\":{\"@id\":\"https:\\\/\\\/eticacomunica.com.mx\\\/?p=33804#breadcrumb\"},\"inLanguage\":\"es\",\"potentialAction\":[{\"@type\":\"ReadAction\",\"target\":[\"https:\\\/\\\/eticacomunica.com.mx\\\/?p=33804\"]}]},{\"@type\":\"ImageObject\",\"inLanguage\":\"es\",\"@id\":\"https:\\\/\\\/eticacomunica.com.mx\\\/?p=33804#primaryimage\",\"url\":\"https:\\\/\\\/eticacomunica.com.mx\\\/wp-content\\\/uploads\\\/2026\\\/09\\\/IMG-20260901-WA0050.jpg\",\"contentUrl\":\"https:\\\/\\\/eticacomunica.com.mx\\\/wp-content\\\/uploads\\\/2026\\\/09\\\/IMG-20260901-WA0050.jpg\",\"width\":1280,\"height\":854},{\"@type\":\"BreadcrumbList\",\"@id\":\"https:\\\/\\\/eticacomunica.com.mx\\\/?p=33804#breadcrumb\",\"itemListElement\":[{\"@type\":\"ListItem\",\"position\":1,\"name\":\"Inicio\",\"item\":\"https:\\\/\\\/eticacomunica.com.mx\\\/\"},{\"@type\":\"ListItem\",\"position\":2,\"name\":\"Fortalece Secretar\u00eda de Salud atenci\u00f3n oportuna ante eventos cerebrovasculares con capacitaci\u00f3n en C\u00f3digo ICTUS\"}]},{\"@type\":\"WebSite\",\"@id\":\"https:\\\/\\\/eticacomunica.com.mx\\\/#website\",\"url\":\"https:\\\/\\\/eticacomunica.com.mx\\\/\",\"name\":\"\u00c9tica Comunica\",\"description\":\"Diario Digital\",\"publisher\":{\"@id\":\"https:\\\/\\\/eticacomunica.com.mx\\\/#organization\"},\"potentialAction\":[{\"@type\":\"SearchAction\",\"target\":{\"@type\":\"EntryPoint\",\"urlTemplate\":\"https:\\\/\\\/eticacomunica.com.mx\\\/?s={search_term_string}\"},\"query-input\":{\"@type\":\"PropertyValueSpecification\",\"valueRequired\":true,\"valueName\":\"search_term_string\"}}],\"inLanguage\":\"es\"},{\"@type\":\"Organization\",\"@id\":\"https:\\\/\\\/eticacomunica.com.mx\\\/#organization\",\"name\":\"Diarios Digitales de Sinaloa\",\"url\":\"https:\\\/\\\/eticacomunica.com.mx\\\/\",\"logo\":{\"@type\":\"ImageObject\",\"inLanguage\":\"es\",\"@id\":\"https:\\\/\\\/eticacomunica.com.mx\\\/#\\\/schema\\\/logo\\\/image\\\/\",\"url\":\"https:\\\/\\\/eticacomunica.com.mx\\\/wp-content\\\/uploads\\\/2023\\\/10\\\/etica-logo.png\",\"contentUrl\":\"https:\\\/\\\/eticacomunica.com.mx\\\/wp-content\\\/uploads\\\/2023\\\/10\\\/etica-logo.png\",\"width\":1280,\"height\":432,\"caption\":\"Diarios Digitales de Sinaloa\"},\"image\":{\"@id\":\"https:\\\/\\\/eticacomunica.com.mx\\\/#\\\/schema\\\/logo\\\/image\\\/\"},\"sameAs\":[\"https:\\\/\\\/www.facebook.com\\\/eticacomunica\"]},{\"@type\":\"Person\",\"@id\":\"https:\\\/\\\/eticacomunica.com.mx\\\/#\\\/schema\\\/person\\\/2cacc47bd17fe8ad92f08c0313d22fa6\",\"name\":\"etica\",\"image\":{\"@type\":\"ImageObject\",\"inLanguage\":\"es\",\"@id\":\"https:\\\/\\\/secure.gravatar.com\\\/avatar\\\/dfb45d32bc7097f8f06d6e4f6e6b387e7cb8fd5b3a2869265c40587ab62cab1e?s=96&d=mm&r=g\",\"url\":\"https:\\\/\\\/secure.gravatar.com\\\/avatar\\\/dfb45d32bc7097f8f06d6e4f6e6b387e7cb8fd5b3a2869265c40587ab62cab1e?s=96&d=mm&r=g\",\"contentUrl\":\"https:\\\/\\\/secure.gravatar.com\\\/avatar\\\/dfb45d32bc7097f8f06d6e4f6e6b387e7cb8fd5b3a2869265c40587ab62cab1e?s=96&d=mm&r=g\",\"caption\":\"etica\"},\"sameAs\":[\"https:\\\/\\\/eticacomunica.com.mx\"],\"url\":\"https:\\\/\\\/eticacomunica.com.mx\\\/?author=1\"}]}<\/script>\n<!-- \/ Yoast SEO plugin. -->","yoast_head_json":{"title":"Fortalece Secretar\u00eda de Salud atenci\u00f3n oportuna ante eventos cerebrovasculares con capacitaci\u00f3n en C\u00f3digo ICTUS - \u00c9tica Comunica","robots":{"index":"index","follow":"follow","max-snippet":"max-snippet:-1","max-image-preview":"max-image-preview:large","max-video-preview":"max-video-preview:-1"},"canonical":"https:\/\/eticacomunica.com.mx\/?p=33804","og_locale":"es_MX","og_type":"article","og_title":"Fortalece Secretar\u00eda de Salud atenci\u00f3n oportuna ante eventos cerebrovasculares con capacitaci\u00f3n en C\u00f3digo ICTUS - \u00c9tica Comunica","og_description":"Culiac\u00e1n, Sinaloa.-* Con el objetivo de fortalecer la identificaci\u00f3n temprana de los signos y s\u00edntomas de un evento cerebrovascular (EVC) y mejorar la capacidad de respuesta ante estas emergencias m\u00e9dicas,&hellip;","og_url":"https:\/\/eticacomunica.com.mx\/?p=33804","og_site_name":"\u00c9tica Comunica","article_publisher":"https:\/\/www.facebook.com\/eticacomunica","article_published_time":"2026-09-02T00:34:15+00:00","author":"etica","twitter_card":"summary_large_image","twitter_misc":{"Escrito por":"etica","Tiempo de lectura":"2 minutos"},"schema":{"@context":"https:\/\/schema.org","@graph":[{"@type":"Article","@id":"https:\/\/eticacomunica.com.mx\/?p=33804#article","isPartOf":{"@id":"https:\/\/eticacomunica.com.mx\/?p=33804"},"author":{"name":"etica","@id":"https:\/\/eticacomunica.com.mx\/#\/schema\/person\/2cacc47bd17fe8ad92f08c0313d22fa6"},"headline":"Fortalece Secretar\u00eda de Salud atenci\u00f3n oportuna ante eventos cerebrovasculares con capacitaci\u00f3n en C\u00f3digo ICTUS","datePublished":"2026-09-02T00:34:15+00:00","mainEntityOfPage":{"@id":"https:\/\/eticacomunica.com.mx\/?p=33804"},"wordCount":487,"commentCount":0,"publisher":{"@id":"https:\/\/eticacomunica.com.mx\/#organization"},"image":{"@id":"https:\/\/eticacomunica.com.mx\/?p=33804#primaryimage"},"thumbnailUrl":"https:\/\/eticacomunica.com.mx\/wp-content\/uploads\/2026\/09\/IMG-20260901-WA0050.jpg","articleSection":["Estados"],"inLanguage":"es","potentialAction":[{"@type":"CommentAction","name":"Comment","target":["https:\/\/eticacomunica.com.mx\/?p=33804#respond"]}]},{"@type":"WebPage","@id":"https:\/\/eticacomunica.com.mx\/?p=33804","url":"https:\/\/eticacomunica.com.mx\/?p=33804","name":"Fortalece Secretar\u00eda de Salud atenci\u00f3n oportuna ante eventos cerebrovasculares con capacitaci\u00f3n en C\u00f3digo ICTUS - \u00c9tica Comunica","isPartOf":{"@id":"https:\/\/eticacomunica.com.mx\/#website"},"primaryImageOfPage":{"@id":"https:\/\/eticacomunica.com.mx\/?p=33804#primaryimage"},"image":{"@id":"https:\/\/eticacomunica.com.mx\/?p=33804#primaryimage"},"thumbnailUrl":"https:\/\/eticacomunica.com.mx\/wp-content\/uploads\/2026\/09\/IMG-20260901-WA0050.jpg","datePublished":"2026-09-02T00:34:15+00:00","breadcrumb":{"@id":"https:\/\/eticacomunica.com.mx\/?p=33804#breadcrumb"},"inLanguage":"es","potentialAction":[{"@type":"ReadAction","target":["https:\/\/eticacomunica.com.mx\/?p=33804"]}]},{"@type":"ImageObject","inLanguage":"es","@id":"https:\/\/eticacomunica.com.mx\/?p=33804#primaryimage","url":"https:\/\/eticacomunica.com.mx\/wp-content\/uploads\/2026\/09\/IMG-20260901-WA0050.jpg","contentUrl":"https:\/\/eticacomunica.com.mx\/wp-content\/uploads\/2026\/09\/IMG-20260901-WA0050.jpg","width":1280,"height":854},{"@type":"BreadcrumbList","@id":"https:\/\/eticacomunica.com.mx\/?p=33804#breadcrumb","itemListElement":[{"@type":"ListItem","position":1,"name":"Inicio","item":"https:\/\/eticacomunica.com.mx\/"},{"@type":"ListItem","position":2,"name":"Fortalece Secretar\u00eda de Salud atenci\u00f3n oportuna ante eventos cerebrovasculares con capacitaci\u00f3n en C\u00f3digo ICTUS"}]},{"@type":"WebSite","@id":"https:\/\/eticacomunica.com.mx\/#website","url":"https:\/\/eticacomunica.com.mx\/","name":"\u00c9tica Comunica","description":"Diario Digital","publisher":{"@id":"https:\/\/eticacomunica.com.mx\/#organization"},"potentialAction":[{"@type":"SearchAction","target":{"@type":"EntryPoint","urlTemplate":"https:\/\/eticacomunica.com.mx\/?s={search_term_string}"},"query-input":{"@type":"PropertyValueSpecification","valueRequired":true,"valueName":"search_term_string"}}],"inLanguage":"es"},{"@type":"Organization","@id":"https:\/\/eticacomunica.com.mx\/#organization","name":"Diarios Digitales de Sinaloa","url":"https:\/\/eticacomunica.com.mx\/","logo":{"@type":"ImageObject","inLanguage":"es","@id":"https:\/\/eticacomunica.com.mx\/#\/schema\/logo\/image\/","url":"https:\/\/eticacomunica.com.mx\/wp-content\/uploads\/2023\/10\/etica-logo.png","contentUrl":"https:\/\/eticacomunica.com.mx\/wp-content\/uploads\/2023\/10\/etica-logo.png","width":1280,"height":432,"caption":"Diarios Digitales de Sinaloa"},"image":{"@id":"https:\/\/eticacomunica.com.mx\/#\/schema\/logo\/image\/"},"sameAs":["https:\/\/www.facebook.com\/eticacomunica"]},{"@type":"Person","@id":"https:\/\/eticacomunica.com.mx\/#\/schema\/person\/2cacc47bd17fe8ad92f08c0313d22fa6","name":"etica","image":{"@type":"ImageObject","inLanguage":"es","@id":"https:\/\/secure.gravatar.com\/avatar\/dfb45d32bc7097f8f06d6e4f6e6b387e7cb8fd5b3a2869265c40587ab62cab1e?s=96&d=mm&r=g","url":"https:\/\/secure.gravatar.com\/avatar\/dfb45d32bc7097f8f06d6e4f6e6b387e7cb8fd5b3a2869265c40587ab62cab1e?s=96&d=mm&r=g","contentUrl":"https:\/\/secure.gravatar.com\/avatar\/dfb45d32bc7097f8f06d6e4f6e6b387e7cb8fd5b3a2869265c40587ab62cab1e?s=96&d=mm&r=g","caption":"etica"},"sameAs":["https:\/\/eticacomunica.com.mx"],"url":"https:\/\/eticacomunica.com.mx\/?author=1"}]}},"jetpack_publicize_connections":[],"jetpack_sharing_enabled":true,"jetpack_featured_media_url":"https:\/\/eticacomunica.com.mx\/wp-content\/uploads\/2026\/09\/IMG-20260901-WA0050.jpg","_links":{"self":[{"href":"https:\/\/eticacomunica.com.mx\/index.php?rest_route=\/wp\/v2\/posts\/33804","targetHints":{"allow":["GET"]}}],"collection":[{"href":"https:\/\/eticacomunica.com.mx\/index.php?rest_route=\/wp\/v2\/posts"}],"about":[{"href":"https:\/\/eticacomunica.com.mx\/index.php?rest_route=\/wp\/v2\/types\/post"}],"author":[{"embeddable":true,"href":"https:\/\/eticacomunica.com.mx\/index.php?rest_route=\/wp\/v2\/users\/1"}],"replies":[{"embeddable":true,"href":"https:\/\/eticacomunica.com.mx\/index.php?rest_route=%2Fwp%2Fv2%2Fcomments&post=33804"}],"version-history":[{"count":0,"href":"https:\/\/eticacomunica.com.mx\/index.php?rest_route=\/wp\/v2\/posts\/33804\/revisions"}],"wp:featuredmedia":[{"embeddable":true,"href":"https:\/\/eticacomunica.com.mx\/index.php?rest_route=\/wp\/v2\/media\/33803"}],"wp:attachment":[{"href":"https:\/\/eticacomunica.com.mx\/index.php?rest_route=%2Fwp%2Fv2%2Fmedia&parent=33804"}],"wp:term":[{"taxonomy":"category","embeddable":true,"href":"https:\/\/eticacomunica.com.mx\/index.php?rest_route=%2Fwp%2Fv2%2Fcategories&post=33804"},{"taxonomy":"post_tag","embeddable":true,"href":"https:\/\/eticacomunica.com.mx\/index.php?rest_route=%2Fwp%2Fv2%2Ftags&post=33804"}],"curies":[{"name":"wp","href":"https:\/\/api.w.org\/{rel}","templated":true}]}}