{"id":33806,"date":"2026-09-01T18:16:57","date_gmt":"2026-09-02T01:16:57","guid":{"rendered":"https:\/\/eticacomunica.com.mx\/?p=33806"},"modified":"2026-09-01T18:16:57","modified_gmt":"2026-09-02T01:16:57","slug":"presentan-la-temporada-2026-2027-del-camino-del-arte-en-mazatlan","status":"publish","type":"post","link":"https:\/\/eticacomunica.com.mx\/?p=33806","title":{"rendered":"Presentan la temporada 2026-2027 del Camino del Arte en Mazatl\u00e1n"},"content":{"rendered":"\n<p class=\"wp-block-paragraph\">La actividad se llevar\u00e1 a cabo del 6 de noviembre de 2026 al 2 de abril de 2027, el primer y tercer viernes de cada mes.<br><br>Mazatl\u00e1n, Sinaloa, 1 de septiembre de 2026.- Del 6 de noviembre de 2026 al 2 de abril de 2027 se llevar\u00e1 a cabo en Mazatl\u00e1n el Camino del Arte &#8211; Art Walk, una actividad que permite que residentes y visitantes conozcan galer\u00edas, talleres y espacios creativos ubicados en el Centro Hist\u00f3rico, pero sobre todo que tengan un encuentro directo con quienes hacen arte en el puerto.<br><br>En rueda de prensa donde se dieron a conocer los detalles de esta iniciativa, Celia J\u00e1uregui Ibarra, subsecretaria de Planeaci\u00f3n, Inversi\u00f3n y Desarrollo Tur\u00edstico de Sectur, en representaci\u00f3n de la secretaria de Turismo de Sinaloa, Mireya Sosa Osuna, se\u00f1al\u00f3 que se trata de un evento que contribuye a darle vida, identidad y movimiento al Centro Hist\u00f3rico del puerto.<br><br>\u201cDesde la Secretar\u00eda de Turismo de Sinaloa reconocemos el enorme valor que tiene vincular turismo, cultura y comunidad, ya que quienes visitan un destino no solamente buscan conocer sus atractivos, buscan vivirlo, caminar sus calles, descubrir su historia acercarse a su gente y llevarse una experiencia aut\u00e9ntica\u201d, afirm\u00f3.<br><br>La temporada 2026-2027 de Camino del Arte &#8211; Art Walk se desarrollar\u00e1 el primer y tercer viernes de cada mes. Las fechas espec\u00edficas son 6 y 20 de noviembre; 4 y 8 de diciembre; 8 y 22 de enero; 5 y 19 de febrero; 5 y 19 de marzo y 2 de abril.<br><br>Marisol Galv\u00e1n Pelayo, artista visual y coordinadora de la actividad, asegur\u00f3 que los artistas que deseen formar parte de esta temporada tienen hasta el 30 de septiembre para inscribirse. Pueden participar galer\u00edas, dise\u00f1adores, fot\u00f3grafos, escultores, joyeros, artesanos y cualquier espacio creativo ubicado en el Centro de Mazatl\u00e1n.<br><br>\u201cSe trata de impulsar a los artistas en general. La invitaci\u00f3n es para todo aquel que produzca algo, ya sea artesan\u00eda, pintura, escultura, cualquier tipo de arte y que se encuentren cerca del Centro de la ciudad, para que abran su casa, sus talleres, porque parte del Camino del Arte es ver el arte en la esencia de quien lo hace y en donde lo produce\u201d, destac\u00f3.<br><br>Tambi\u00e9n habr\u00e1 lugares, como restaurantes, bares y oficinas, que apoyar\u00e1n a los artistas para que expongan sus trabajos, adem\u00e1s de espacios p\u00fablicos colectivos que se montar\u00e1n con el mismo objetivo.<br><br>Uno de ellos estar\u00e1 ubicado en el Callej\u00f3n Liverpool, donde integrantes de la asociaci\u00f3n Artesanos del Sur de Sinaloa mostrar\u00e1n las artesan\u00edas y la gastronom\u00eda que elaboran.<br><br>Y en el Parque Venustiano Carranza, afuera del Museo de Arte, tendr\u00e1 actividad la Sala de Lectura Oruga Azul, coordinada por Jox Castelo.<br><br>\u201cSomos alrededor de 50 personas las que integramos esta comunidad de la sala de lectura, estaremos todos los d\u00edas de Camino del Arte con cuentacuentos, actividades art\u00edsticas y manualidades, completamente gratuitas para las personas que asisten\u201d, apunt\u00f3 Castelo.<br><br>En la rueda de prensa tambi\u00e9n estuvieron presentes Libia Corelli, l\u00edder de Artesanos del Sur de Sinaloa, junto a algunos de sus integrantes, quienes agradecieron la oportunidad que les dan para dar a conocer sus productos, y Javier Franco, quien coordinar\u00e1 la parte musical con los grupos y cantantes invitados que se presenten.<br><br>Quienes deseen formar parte de la temporada 2026-2027 del Camino del Arte &#8211; Art Walk pueden comunicarse al tel\u00e9fono 6691-390939. Para m\u00e1s informaci\u00f3n se pueden consultar las p\u00e1ginas oficiales en Facebook e Instagram.<\/p>\n","protected":false},"excerpt":{"rendered":"<p>La actividad se llevar\u00e1 a cabo del 6 de noviembre de 2026 al 2 de abril de 2027, el primer y tercer viernes de cada mes. Mazatl\u00e1n, Sinaloa, 1 de&hellip;<\/p>\n","protected":false},"author":1,"featured_media":33805,"comment_status":"open","ping_status":"open","sticky":false,"template":"","format":"standard","meta":{"_jetpack_newsletter_access":"","_jetpack_dont_email_post_to_subs":false,"_jetpack_newsletter_tier_id":0,"_jetpack_memberships_contains_paywalled_content":false,"_jetpack_feature_clip_id":0,"_jetpack_memberships_contains_paid_content":false,"footnotes":"","jetpack_publicize_message":"","jetpack_publicize_feature_enabled":true,"jetpack_social_post_already_shared":true,"jetpack_social_options":{"image_generator_settings":{"template":"highway","default_image_id":0,"font":"","enabled":false},"version":2},"jetpack_post_was_ever_published":false},"categories":[24],"tags":[],"class_list":["post-33806","post","type-post","status-publish","format-standard","has-post-thumbnail","hentry","category-estados"],"yoast_head":"<!-- This site is optimized with the Yoast SEO plugin v28.2 - https:\/\/yoast.com\/product\/yoast-seo-wordpress\/ -->\n<title>Presentan la temporada 2026-2027 del Camino del Arte en Mazatl\u00e1n - \u00c9tica Comunica<\/title>\n<meta name=\"robots\" content=\"index, follow, max-snippet:-1, max-image-preview:large, max-video-preview:-1\" \/>\n<link rel=\"canonical\" href=\"https:\/\/eticacomunica.com.mx\/?p=33806\" \/>\n<meta property=\"og:locale\" content=\"es_MX\" \/>\n<meta property=\"og:type\" content=\"article\" \/>\n<meta property=\"og:title\" content=\"Presentan la temporada 2026-2027 del Camino del Arte en Mazatl\u00e1n - \u00c9tica Comunica\" \/>\n<meta property=\"og:description\" content=\"La actividad se llevar\u00e1 a cabo del 6 de noviembre de 2026 al 2 de abril de 2027, el primer y tercer viernes de cada mes. Mazatl\u00e1n, Sinaloa, 1 de&hellip;\" \/>\n<meta property=\"og:url\" content=\"https:\/\/eticacomunica.com.mx\/?p=33806\" \/>\n<meta property=\"og:site_name\" content=\"\u00c9tica Comunica\" \/>\n<meta property=\"article:publisher\" content=\"https:\/\/www.facebook.com\/eticacomunica\" \/>\n<meta property=\"article:published_time\" content=\"2026-09-02T01:16:57+00:00\" \/>\n<meta name=\"author\" content=\"etica\" \/>\n<meta name=\"twitter:card\" content=\"summary_large_image\" \/>\n<meta name=\"twitter:label1\" content=\"Escrito por\" \/>\n\t<meta name=\"twitter:data1\" content=\"etica\" \/>\n\t<meta name=\"twitter:label2\" content=\"Tiempo de lectura\" \/>\n\t<meta name=\"twitter:data2\" content=\"3 minutos\" \/>\n<script type=\"application\/ld+json\" class=\"yoast-schema-graph\">{\"@context\":\"https:\\\/\\\/schema.org\",\"@graph\":[{\"@type\":\"Article\",\"@id\":\"https:\\\/\\\/eticacomunica.com.mx\\\/?p=33806#article\",\"isPartOf\":{\"@id\":\"https:\\\/\\\/eticacomunica.com.mx\\\/?p=33806\"},\"author\":{\"name\":\"etica\",\"@id\":\"https:\\\/\\\/eticacomunica.com.mx\\\/#\\\/schema\\\/person\\\/2cacc47bd17fe8ad92f08c0313d22fa6\"},\"headline\":\"Presentan la temporada 2026-2027 del Camino del Arte en Mazatl\u00e1n\",\"datePublished\":\"2026-09-02T01:16:57+00:00\",\"mainEntityOfPage\":{\"@id\":\"https:\\\/\\\/eticacomunica.com.mx\\\/?p=33806\"},\"wordCount\":597,\"commentCount\":0,\"publisher\":{\"@id\":\"https:\\\/\\\/eticacomunica.com.mx\\\/#organization\"},\"image\":{\"@id\":\"https:\\\/\\\/eticacomunica.com.mx\\\/?p=33806#primaryimage\"},\"thumbnailUrl\":\"https:\\\/\\\/eticacomunica.com.mx\\\/wp-content\\\/uploads\\\/2026\\\/09\\\/IMG-20260901-WA0038.jpg\",\"articleSection\":[\"Estados\"],\"inLanguage\":\"es\",\"potentialAction\":[{\"@type\":\"CommentAction\",\"name\":\"Comment\",\"target\":[\"https:\\\/\\\/eticacomunica.com.mx\\\/?p=33806#respond\"]}]},{\"@type\":\"WebPage\",\"@id\":\"https:\\\/\\\/eticacomunica.com.mx\\\/?p=33806\",\"url\":\"https:\\\/\\\/eticacomunica.com.mx\\\/?p=33806\",\"name\":\"Presentan la temporada 2026-2027 del Camino del Arte en Mazatl\u00e1n - \u00c9tica Comunica\",\"isPartOf\":{\"@id\":\"https:\\\/\\\/eticacomunica.com.mx\\\/#website\"},\"primaryImageOfPage\":{\"@id\":\"https:\\\/\\\/eticacomunica.com.mx\\\/?p=33806#primaryimage\"},\"image\":{\"@id\":\"https:\\\/\\\/eticacomunica.com.mx\\\/?p=33806#primaryimage\"},\"thumbnailUrl\":\"https:\\\/\\\/eticacomunica.com.mx\\\/wp-content\\\/uploads\\\/2026\\\/09\\\/IMG-20260901-WA0038.jpg\",\"datePublished\":\"2026-09-02T01:16:57+00:00\",\"breadcrumb\":{\"@id\":\"https:\\\/\\\/eticacomunica.com.mx\\\/?p=33806#breadcrumb\"},\"inLanguage\":\"es\",\"potentialAction\":[{\"@type\":\"ReadAction\",\"target\":[\"https:\\\/\\\/eticacomunica.com.mx\\\/?p=33806\"]}]},{\"@type\":\"ImageObject\",\"inLanguage\":\"es\",\"@id\":\"https:\\\/\\\/eticacomunica.com.mx\\\/?p=33806#primaryimage\",\"url\":\"https:\\\/\\\/eticacomunica.com.mx\\\/wp-content\\\/uploads\\\/2026\\\/09\\\/IMG-20260901-WA0038.jpg\",\"contentUrl\":\"https:\\\/\\\/eticacomunica.com.mx\\\/wp-content\\\/uploads\\\/2026\\\/09\\\/IMG-20260901-WA0038.jpg\",\"width\":1600,\"height\":1200},{\"@type\":\"BreadcrumbList\",\"@id\":\"https:\\\/\\\/eticacomunica.com.mx\\\/?p=33806#breadcrumb\",\"itemListElement\":[{\"@type\":\"ListItem\",\"position\":1,\"name\":\"Inicio\",\"item\":\"https:\\\/\\\/eticacomunica.com.mx\\\/\"},{\"@type\":\"ListItem\",\"position\":2,\"name\":\"Presentan la temporada 2026-2027 del Camino del Arte en Mazatl\u00e1n\"}]},{\"@type\":\"WebSite\",\"@id\":\"https:\\\/\\\/eticacomunica.com.mx\\\/#website\",\"url\":\"https:\\\/\\\/eticacomunica.com.mx\\\/\",\"name\":\"\u00c9tica Comunica\",\"description\":\"Diario Digital\",\"publisher\":{\"@id\":\"https:\\\/\\\/eticacomunica.com.mx\\\/#organization\"},\"potentialAction\":[{\"@type\":\"SearchAction\",\"target\":{\"@type\":\"EntryPoint\",\"urlTemplate\":\"https:\\\/\\\/eticacomunica.com.mx\\\/?s={search_term_string}\"},\"query-input\":{\"@type\":\"PropertyValueSpecification\",\"valueRequired\":true,\"valueName\":\"search_term_string\"}}],\"inLanguage\":\"es\"},{\"@type\":\"Organization\",\"@id\":\"https:\\\/\\\/eticacomunica.com.mx\\\/#organization\",\"name\":\"Diarios Digitales de Sinaloa\",\"url\":\"https:\\\/\\\/eticacomunica.com.mx\\\/\",\"logo\":{\"@type\":\"ImageObject\",\"inLanguage\":\"es\",\"@id\":\"https:\\\/\\\/eticacomunica.com.mx\\\/#\\\/schema\\\/logo\\\/image\\\/\",\"url\":\"https:\\\/\\\/eticacomunica.com.mx\\\/wp-content\\\/uploads\\\/2023\\\/10\\\/etica-logo.png\",\"contentUrl\":\"https:\\\/\\\/eticacomunica.com.mx\\\/wp-content\\\/uploads\\\/2023\\\/10\\\/etica-logo.png\",\"width\":1280,\"height\":432,\"caption\":\"Diarios Digitales de Sinaloa\"},\"image\":{\"@id\":\"https:\\\/\\\/eticacomunica.com.mx\\\/#\\\/schema\\\/logo\\\/image\\\/\"},\"sameAs\":[\"https:\\\/\\\/www.facebook.com\\\/eticacomunica\"]},{\"@type\":\"Person\",\"@id\":\"https:\\\/\\\/eticacomunica.com.mx\\\/#\\\/schema\\\/person\\\/2cacc47bd17fe8ad92f08c0313d22fa6\",\"name\":\"etica\",\"image\":{\"@type\":\"ImageObject\",\"inLanguage\":\"es\",\"@id\":\"https:\\\/\\\/secure.gravatar.com\\\/avatar\\\/dfb45d32bc7097f8f06d6e4f6e6b387e7cb8fd5b3a2869265c40587ab62cab1e?s=96&d=mm&r=g\",\"url\":\"https:\\\/\\\/secure.gravatar.com\\\/avatar\\\/dfb45d32bc7097f8f06d6e4f6e6b387e7cb8fd5b3a2869265c40587ab62cab1e?s=96&d=mm&r=g\",\"contentUrl\":\"https:\\\/\\\/secure.gravatar.com\\\/avatar\\\/dfb45d32bc7097f8f06d6e4f6e6b387e7cb8fd5b3a2869265c40587ab62cab1e?s=96&d=mm&r=g\",\"caption\":\"etica\"},\"sameAs\":[\"https:\\\/\\\/eticacomunica.com.mx\"],\"url\":\"https:\\\/\\\/eticacomunica.com.mx\\\/?author=1\"}]}<\/script>\n<!-- \/ Yoast SEO plugin. -->","yoast_head_json":{"title":"Presentan la temporada 2026-2027 del Camino del Arte en Mazatl\u00e1n - \u00c9tica Comunica","robots":{"index":"index","follow":"follow","max-snippet":"max-snippet:-1","max-image-preview":"max-image-preview:large","max-video-preview":"max-video-preview:-1"},"canonical":"https:\/\/eticacomunica.com.mx\/?p=33806","og_locale":"es_MX","og_type":"article","og_title":"Presentan la temporada 2026-2027 del Camino del Arte en Mazatl\u00e1n - \u00c9tica Comunica","og_description":"La actividad se llevar\u00e1 a cabo del 6 de noviembre de 2026 al 2 de abril de 2027, el primer y tercer viernes de cada mes. Mazatl\u00e1n, Sinaloa, 1 de&hellip;","og_url":"https:\/\/eticacomunica.com.mx\/?p=33806","og_site_name":"\u00c9tica Comunica","article_publisher":"https:\/\/www.facebook.com\/eticacomunica","article_published_time":"2026-09-02T01:16:57+00:00","author":"etica","twitter_card":"summary_large_image","twitter_misc":{"Escrito por":"etica","Tiempo de lectura":"3 minutos"},"schema":{"@context":"https:\/\/schema.org","@graph":[{"@type":"Article","@id":"https:\/\/eticacomunica.com.mx\/?p=33806#article","isPartOf":{"@id":"https:\/\/eticacomunica.com.mx\/?p=33806"},"author":{"name":"etica","@id":"https:\/\/eticacomunica.com.mx\/#\/schema\/person\/2cacc47bd17fe8ad92f08c0313d22fa6"},"headline":"Presentan la temporada 2026-2027 del Camino del Arte en Mazatl\u00e1n","datePublished":"2026-09-02T01:16:57+00:00","mainEntityOfPage":{"@id":"https:\/\/eticacomunica.com.mx\/?p=33806"},"wordCount":597,"commentCount":0,"publisher":{"@id":"https:\/\/eticacomunica.com.mx\/#organization"},"image":{"@id":"https:\/\/eticacomunica.com.mx\/?p=33806#primaryimage"},"thumbnailUrl":"https:\/\/eticacomunica.com.mx\/wp-content\/uploads\/2026\/09\/IMG-20260901-WA0038.jpg","articleSection":["Estados"],"inLanguage":"es","potentialAction":[{"@type":"CommentAction","name":"Comment","target":["https:\/\/eticacomunica.com.mx\/?p=33806#respond"]}]},{"@type":"WebPage","@id":"https:\/\/eticacomunica.com.mx\/?p=33806","url":"https:\/\/eticacomunica.com.mx\/?p=33806","name":"Presentan la temporada 2026-2027 del Camino del Arte en Mazatl\u00e1n - \u00c9tica Comunica","isPartOf":{"@id":"https:\/\/eticacomunica.com.mx\/#website"},"primaryImageOfPage":{"@id":"https:\/\/eticacomunica.com.mx\/?p=33806#primaryimage"},"image":{"@id":"https:\/\/eticacomunica.com.mx\/?p=33806#primaryimage"},"thumbnailUrl":"https:\/\/eticacomunica.com.mx\/wp-content\/uploads\/2026\/09\/IMG-20260901-WA0038.jpg","datePublished":"2026-09-02T01:16:57+00:00","breadcrumb":{"@id":"https:\/\/eticacomunica.com.mx\/?p=33806#breadcrumb"},"inLanguage":"es","potentialAction":[{"@type":"ReadAction","target":["https:\/\/eticacomunica.com.mx\/?p=33806"]}]},{"@type":"ImageObject","inLanguage":"es","@id":"https:\/\/eticacomunica.com.mx\/?p=33806#primaryimage","url":"https:\/\/eticacomunica.com.mx\/wp-content\/uploads\/2026\/09\/IMG-20260901-WA0038.jpg","contentUrl":"https:\/\/eticacomunica.com.mx\/wp-content\/uploads\/2026\/09\/IMG-20260901-WA0038.jpg","width":1600,"height":1200},{"@type":"BreadcrumbList","@id":"https:\/\/eticacomunica.com.mx\/?p=33806#breadcrumb","itemListElement":[{"@type":"ListItem","position":1,"name":"Inicio","item":"https:\/\/eticacomunica.com.mx\/"},{"@type":"ListItem","position":2,"name":"Presentan la temporada 2026-2027 del Camino del Arte en Mazatl\u00e1n"}]},{"@type":"WebSite","@id":"https:\/\/eticacomunica.com.mx\/#website","url":"https:\/\/eticacomunica.com.mx\/","name":"\u00c9tica Comunica","description":"Diario Digital","publisher":{"@id":"https:\/\/eticacomunica.com.mx\/#organization"},"potentialAction":[{"@type":"SearchAction","target":{"@type":"EntryPoint","urlTemplate":"https:\/\/eticacomunica.com.mx\/?s={search_term_string}"},"query-input":{"@type":"PropertyValueSpecification","valueRequired":true,"valueName":"search_term_string"}}],"inLanguage":"es"},{"@type":"Organization","@id":"https:\/\/eticacomunica.com.mx\/#organization","name":"Diarios Digitales de Sinaloa","url":"https:\/\/eticacomunica.com.mx\/","logo":{"@type":"ImageObject","inLanguage":"es","@id":"https:\/\/eticacomunica.com.mx\/#\/schema\/logo\/image\/","url":"https:\/\/eticacomunica.com.mx\/wp-content\/uploads\/2023\/10\/etica-logo.png","contentUrl":"https:\/\/eticacomunica.com.mx\/wp-content\/uploads\/2023\/10\/etica-logo.png","width":1280,"height":432,"caption":"Diarios Digitales de Sinaloa"},"image":{"@id":"https:\/\/eticacomunica.com.mx\/#\/schema\/logo\/image\/"},"sameAs":["https:\/\/www.facebook.com\/eticacomunica"]},{"@type":"Person","@id":"https:\/\/eticacomunica.com.mx\/#\/schema\/person\/2cacc47bd17fe8ad92f08c0313d22fa6","name":"etica","image":{"@type":"ImageObject","inLanguage":"es","@id":"https:\/\/secure.gravatar.com\/avatar\/dfb45d32bc7097f8f06d6e4f6e6b387e7cb8fd5b3a2869265c40587ab62cab1e?s=96&d=mm&r=g","url":"https:\/\/secure.gravatar.com\/avatar\/dfb45d32bc7097f8f06d6e4f6e6b387e7cb8fd5b3a2869265c40587ab62cab1e?s=96&d=mm&r=g","contentUrl":"https:\/\/secure.gravatar.com\/avatar\/dfb45d32bc7097f8f06d6e4f6e6b387e7cb8fd5b3a2869265c40587ab62cab1e?s=96&d=mm&r=g","caption":"etica"},"sameAs":["https:\/\/eticacomunica.com.mx"],"url":"https:\/\/eticacomunica.com.mx\/?author=1"}]}},"jetpack_publicize_connections":[],"jetpack_sharing_enabled":true,"jetpack_featured_media_url":"https:\/\/eticacomunica.com.mx\/wp-content\/uploads\/2026\/09\/IMG-20260901-WA0038.jpg","_links":{"self":[{"href":"https:\/\/eticacomunica.com.mx\/index.php?rest_route=\/wp\/v2\/posts\/33806","targetHints":{"allow":["GET"]}}],"collection":[{"href":"https:\/\/eticacomunica.com.mx\/index.php?rest_route=\/wp\/v2\/posts"}],"about":[{"href":"https:\/\/eticacomunica.com.mx\/index.php?rest_route=\/wp\/v2\/types\/post"}],"author":[{"embeddable":true,"href":"https:\/\/eticacomunica.com.mx\/index.php?rest_route=\/wp\/v2\/users\/1"}],"replies":[{"embeddable":true,"href":"https:\/\/eticacomunica.com.mx\/index.php?rest_route=%2Fwp%2Fv2%2Fcomments&post=33806"}],"version-history":[{"count":0,"href":"https:\/\/eticacomunica.com.mx\/index.php?rest_route=\/wp\/v2\/posts\/33806\/revisions"}],"wp:featuredmedia":[{"embeddable":true,"href":"https:\/\/eticacomunica.com.mx\/index.php?rest_route=\/wp\/v2\/media\/33805"}],"wp:attachment":[{"href":"https:\/\/eticacomunica.com.mx\/index.php?rest_route=%2Fwp%2Fv2%2Fmedia&parent=33806"}],"wp:term":[{"taxonomy":"category","embeddable":true,"href":"https:\/\/eticacomunica.com.mx\/index.php?rest_route=%2Fwp%2Fv2%2Fcategories&post=33806"},{"taxonomy":"post_tag","embeddable":true,"href":"https:\/\/eticacomunica.com.mx\/index.php?rest_route=%2Fwp%2Fv2%2Ftags&post=33806"}],"curies":[{"name":"wp","href":"https:\/\/api.w.org\/{rel}","templated":true}]}}