{"id":33810,"date":"2026-09-02T12:53:30","date_gmt":"2026-09-02T19:53:30","guid":{"rendered":"https:\/\/eticacomunica.com.mx\/?p=33810"},"modified":"2026-09-02T12:53:30","modified_gmt":"2026-09-02T19:53:30","slug":"se-instalaran-la-proxima-semana-tres-grupos-de-trabajo-tecnico-para-dar-certeza-al-plan-integral-para-la-bahia-de-ohuira","status":"publish","type":"post","link":"https:\/\/eticacomunica.com.mx\/?p=33810","title":{"rendered":"Se instalar\u00e1n la pr\u00f3xima semana tres grupos de trabajo t\u00e9cnico para dar certeza al Plan Integral para la Bahia de Ohuira"},"content":{"rendered":"\n<p class=\"wp-block-paragraph\">El Gobierno de M\u00e9xico informa que, como resultado del di\u00e1logo con las comunidades de la ribera de la Bah\u00eda de Ohuira, sus asesores acad\u00e9micos y representantes de la empresa GPO, se defini\u00f3 la metodolog\u00eda de trabajo de&nbsp; tres grupos de t\u00e9cnicos&nbsp; para analizar el cambio de los puntos de extracci\u00f3n de agua y descarga, actualizar la l\u00ednea base ambiental y elaborar un Programa Integral de Restauraci\u00f3n y Conservaci\u00f3n de la Bah\u00eda de Ohuira, con la finalidad de contar con las certezas t\u00e9cnicas sobre la viabilidad del Plan Integral para la Conservaci\u00f3n y Desarrollo Sustentable de la Bah\u00eda de Ohuira, presentado despu\u00e9s de las mesas de di\u00e1logo. <br><br>Los grupos t\u00e9cnicos iniciaran reuniones la pr\u00f3xima semana. Los dedicados a la actualizaci\u00f3n de la l\u00ednea base ambiental y para la restauraci\u00f3n integral de la bah\u00eda iniciar\u00e1n sus actividades el viernes 11 de septiembre en instalaciones del Instituto Polit\u00e9cnico Nacional (IPN), en la Ciudad de M\u00e9xico, con una sesi\u00f3n de diagn\u00f3stico en formato de foro.<br><br>En este encuentro, la Secretar\u00eda de Medio Ambiente y Recursos Naturales (SEMARNAT), la Comisi\u00f3n Nacional del Agua (CONAGUA), as\u00ed como acad\u00e9micos y ambientalistas que asesoran al colectivo, expondr\u00e1n la informaci\u00f3n disponible. Representantes de las comunidades aportar\u00e1n sus conocimientos y experiencias en materia de conservaci\u00f3n comunitaria.<br><br>A partir del diagn\u00f3stico, ambos grupos definir\u00e1n, en sus respectivos \u00e1mbitos, las necesidades prioritarias y las acciones inmediatas, de corto, mediano y largo plazo, as\u00ed como las actividades permanentes. <br><br>En paralelo, el lunes 7 de septiembre iniciar\u00e1 sus sesiones un tercer grupo t\u00e9cnico, integrado por la Comisi\u00f3n Federal de Electricidad (CFE), CONAGUA, SEMARNAT y la empresa GPO, que analizar\u00e1 el cambio de los puntos de extracci\u00f3n de agua y descarga de la planta de amoniaco.<br><br>Su tarea ser\u00e1 determinar las modificaciones t\u00e9cnicas, jur\u00eddicas y administrativas necesarias para que el agua que pudiera utilizar la empresa no se extraiga de la Bah\u00eda de Ohuira y sus descargas no lleguen a ella. Los resultados de este an\u00e1lisis ser\u00e1n la base para definir el plan de reingenier\u00eda correspondiente.<br><br>El Gobierno de M\u00e9xico reafirma su confianza en el di\u00e1logo como v\u00eda para atender las preocupaciones de las comunidades y construir acuerdos. La confianza se fortalece con escucha respetuosa, informaci\u00f3n verificable y cumplimiento de los compromisos. Con esa convicci\u00f3n, mantendr\u00e1 abierto este proceso y acompa\u00f1ar\u00e1 los trabajos con respeto a los derechos de las comunidades y al conocimiento que aportan, para avanzar en la protecci\u00f3n de la Bah\u00eda de Ohuira y el bienestar de sus habitantes.<\/p>\n","protected":false},"excerpt":{"rendered":"<p>El Gobierno de M\u00e9xico informa que, como resultado del di\u00e1logo con las comunidades de la ribera de la Bah\u00eda de Ohuira, sus asesores acad\u00e9micos y representantes de la empresa GPO,&hellip;<\/p>\n","protected":false},"author":1,"featured_media":33809,"comment_status":"open","ping_status":"open","sticky":false,"template":"","format":"standard","meta":{"_jetpack_newsletter_access":"","_jetpack_dont_email_post_to_subs":false,"_jetpack_newsletter_tier_id":0,"_jetpack_memberships_contains_paywalled_content":false,"_jetpack_feature_clip_id":0,"_jetpack_memberships_contains_paid_content":false,"footnotes":"","jetpack_publicize_message":"","jetpack_publicize_feature_enabled":true,"jetpack_social_post_already_shared":true,"jetpack_social_options":{"image_generator_settings":{"template":"highway","default_image_id":0,"font":"","enabled":false},"version":2},"jetpack_post_was_ever_published":false},"categories":[24],"tags":[],"class_list":["post-33810","post","type-post","status-publish","format-standard","has-post-thumbnail","hentry","category-estados"],"yoast_head":"<!-- This site is optimized with the Yoast SEO plugin v28.2 - https:\/\/yoast.com\/product\/yoast-seo-wordpress\/ -->\n<title>Se instalar\u00e1n la pr\u00f3xima semana tres grupos de trabajo t\u00e9cnico para dar certeza al Plan Integral para la Bahia de Ohuira - \u00c9tica Comunica<\/title>\n<meta name=\"robots\" content=\"index, follow, max-snippet:-1, max-image-preview:large, max-video-preview:-1\" \/>\n<link rel=\"canonical\" href=\"https:\/\/eticacomunica.com.mx\/?p=33810\" \/>\n<meta property=\"og:locale\" content=\"es_MX\" \/>\n<meta property=\"og:type\" content=\"article\" \/>\n<meta property=\"og:title\" content=\"Se instalar\u00e1n la pr\u00f3xima semana tres grupos de trabajo t\u00e9cnico para dar certeza al Plan Integral para la Bahia de Ohuira - \u00c9tica Comunica\" \/>\n<meta property=\"og:description\" content=\"El Gobierno de M\u00e9xico informa que, como resultado del di\u00e1logo con las comunidades de la ribera de la Bah\u00eda de Ohuira, sus asesores acad\u00e9micos y representantes de la empresa GPO,&hellip;\" \/>\n<meta property=\"og:url\" content=\"https:\/\/eticacomunica.com.mx\/?p=33810\" \/>\n<meta property=\"og:site_name\" content=\"\u00c9tica Comunica\" \/>\n<meta property=\"article:publisher\" content=\"https:\/\/www.facebook.com\/eticacomunica\" \/>\n<meta property=\"article:published_time\" content=\"2026-09-02T19:53:30+00:00\" \/>\n<meta name=\"author\" content=\"etica\" \/>\n<meta name=\"twitter:card\" content=\"summary_large_image\" \/>\n<meta name=\"twitter:label1\" content=\"Escrito por\" \/>\n\t<meta name=\"twitter:data1\" content=\"etica\" \/>\n\t<meta name=\"twitter:label2\" content=\"Tiempo de lectura\" \/>\n\t<meta name=\"twitter:data2\" content=\"2 minutos\" \/>\n<script type=\"application\/ld+json\" class=\"yoast-schema-graph\">{\"@context\":\"https:\\\/\\\/schema.org\",\"@graph\":[{\"@type\":\"Article\",\"@id\":\"https:\\\/\\\/eticacomunica.com.mx\\\/?p=33810#article\",\"isPartOf\":{\"@id\":\"https:\\\/\\\/eticacomunica.com.mx\\\/?p=33810\"},\"author\":{\"name\":\"etica\",\"@id\":\"https:\\\/\\\/eticacomunica.com.mx\\\/#\\\/schema\\\/person\\\/2cacc47bd17fe8ad92f08c0313d22fa6\"},\"headline\":\"Se instalar\u00e1n la pr\u00f3xima semana tres grupos de trabajo t\u00e9cnico para dar certeza al Plan Integral para la Bahia de Ohuira\",\"datePublished\":\"2026-09-02T19:53:30+00:00\",\"mainEntityOfPage\":{\"@id\":\"https:\\\/\\\/eticacomunica.com.mx\\\/?p=33810\"},\"wordCount\":484,\"commentCount\":0,\"publisher\":{\"@id\":\"https:\\\/\\\/eticacomunica.com.mx\\\/#organization\"},\"image\":{\"@id\":\"https:\\\/\\\/eticacomunica.com.mx\\\/?p=33810#primaryimage\"},\"thumbnailUrl\":\"https:\\\/\\\/eticacomunica.com.mx\\\/wp-content\\\/uploads\\\/2026\\\/09\\\/IMG-20260902-WA0007.jpg\",\"articleSection\":[\"Estados\"],\"inLanguage\":\"es\",\"potentialAction\":[{\"@type\":\"CommentAction\",\"name\":\"Comment\",\"target\":[\"https:\\\/\\\/eticacomunica.com.mx\\\/?p=33810#respond\"]}]},{\"@type\":\"WebPage\",\"@id\":\"https:\\\/\\\/eticacomunica.com.mx\\\/?p=33810\",\"url\":\"https:\\\/\\\/eticacomunica.com.mx\\\/?p=33810\",\"name\":\"Se instalar\u00e1n la pr\u00f3xima semana tres grupos de trabajo t\u00e9cnico para dar certeza al Plan Integral para la Bahia de Ohuira - \u00c9tica Comunica\",\"isPartOf\":{\"@id\":\"https:\\\/\\\/eticacomunica.com.mx\\\/#website\"},\"primaryImageOfPage\":{\"@id\":\"https:\\\/\\\/eticacomunica.com.mx\\\/?p=33810#primaryimage\"},\"image\":{\"@id\":\"https:\\\/\\\/eticacomunica.com.mx\\\/?p=33810#primaryimage\"},\"thumbnailUrl\":\"https:\\\/\\\/eticacomunica.com.mx\\\/wp-content\\\/uploads\\\/2026\\\/09\\\/IMG-20260902-WA0007.jpg\",\"datePublished\":\"2026-09-02T19:53:30+00:00\",\"breadcrumb\":{\"@id\":\"https:\\\/\\\/eticacomunica.com.mx\\\/?p=33810#breadcrumb\"},\"inLanguage\":\"es\",\"potentialAction\":[{\"@type\":\"ReadAction\",\"target\":[\"https:\\\/\\\/eticacomunica.com.mx\\\/?p=33810\"]}]},{\"@type\":\"ImageObject\",\"inLanguage\":\"es\",\"@id\":\"https:\\\/\\\/eticacomunica.com.mx\\\/?p=33810#primaryimage\",\"url\":\"https:\\\/\\\/eticacomunica.com.mx\\\/wp-content\\\/uploads\\\/2026\\\/09\\\/IMG-20260902-WA0007.jpg\",\"contentUrl\":\"https:\\\/\\\/eticacomunica.com.mx\\\/wp-content\\\/uploads\\\/2026\\\/09\\\/IMG-20260902-WA0007.jpg\",\"width\":1536,\"height\":864},{\"@type\":\"BreadcrumbList\",\"@id\":\"https:\\\/\\\/eticacomunica.com.mx\\\/?p=33810#breadcrumb\",\"itemListElement\":[{\"@type\":\"ListItem\",\"position\":1,\"name\":\"Inicio\",\"item\":\"https:\\\/\\\/eticacomunica.com.mx\\\/\"},{\"@type\":\"ListItem\",\"position\":2,\"name\":\"Se instalar\u00e1n la pr\u00f3xima semana tres grupos de trabajo t\u00e9cnico para dar certeza al Plan Integral para la Bahia de Ohuira\"}]},{\"@type\":\"WebSite\",\"@id\":\"https:\\\/\\\/eticacomunica.com.mx\\\/#website\",\"url\":\"https:\\\/\\\/eticacomunica.com.mx\\\/\",\"name\":\"\u00c9tica Comunica\",\"description\":\"Diario Digital\",\"publisher\":{\"@id\":\"https:\\\/\\\/eticacomunica.com.mx\\\/#organization\"},\"potentialAction\":[{\"@type\":\"SearchAction\",\"target\":{\"@type\":\"EntryPoint\",\"urlTemplate\":\"https:\\\/\\\/eticacomunica.com.mx\\\/?s={search_term_string}\"},\"query-input\":{\"@type\":\"PropertyValueSpecification\",\"valueRequired\":true,\"valueName\":\"search_term_string\"}}],\"inLanguage\":\"es\"},{\"@type\":\"Organization\",\"@id\":\"https:\\\/\\\/eticacomunica.com.mx\\\/#organization\",\"name\":\"Diarios Digitales de Sinaloa\",\"url\":\"https:\\\/\\\/eticacomunica.com.mx\\\/\",\"logo\":{\"@type\":\"ImageObject\",\"inLanguage\":\"es\",\"@id\":\"https:\\\/\\\/eticacomunica.com.mx\\\/#\\\/schema\\\/logo\\\/image\\\/\",\"url\":\"https:\\\/\\\/eticacomunica.com.mx\\\/wp-content\\\/uploads\\\/2023\\\/10\\\/etica-logo.png\",\"contentUrl\":\"https:\\\/\\\/eticacomunica.com.mx\\\/wp-content\\\/uploads\\\/2023\\\/10\\\/etica-logo.png\",\"width\":1280,\"height\":432,\"caption\":\"Diarios Digitales de Sinaloa\"},\"image\":{\"@id\":\"https:\\\/\\\/eticacomunica.com.mx\\\/#\\\/schema\\\/logo\\\/image\\\/\"},\"sameAs\":[\"https:\\\/\\\/www.facebook.com\\\/eticacomunica\"]},{\"@type\":\"Person\",\"@id\":\"https:\\\/\\\/eticacomunica.com.mx\\\/#\\\/schema\\\/person\\\/2cacc47bd17fe8ad92f08c0313d22fa6\",\"name\":\"etica\",\"image\":{\"@type\":\"ImageObject\",\"inLanguage\":\"es\",\"@id\":\"https:\\\/\\\/secure.gravatar.com\\\/avatar\\\/dfb45d32bc7097f8f06d6e4f6e6b387e7cb8fd5b3a2869265c40587ab62cab1e?s=96&d=mm&r=g\",\"url\":\"https:\\\/\\\/secure.gravatar.com\\\/avatar\\\/dfb45d32bc7097f8f06d6e4f6e6b387e7cb8fd5b3a2869265c40587ab62cab1e?s=96&d=mm&r=g\",\"contentUrl\":\"https:\\\/\\\/secure.gravatar.com\\\/avatar\\\/dfb45d32bc7097f8f06d6e4f6e6b387e7cb8fd5b3a2869265c40587ab62cab1e?s=96&d=mm&r=g\",\"caption\":\"etica\"},\"sameAs\":[\"https:\\\/\\\/eticacomunica.com.mx\"],\"url\":\"https:\\\/\\\/eticacomunica.com.mx\\\/?author=1\"}]}<\/script>\n<!-- \/ Yoast SEO plugin. -->","yoast_head_json":{"title":"Se instalar\u00e1n la pr\u00f3xima semana tres grupos de trabajo t\u00e9cnico para dar certeza al Plan Integral para la Bahia de Ohuira - \u00c9tica Comunica","robots":{"index":"index","follow":"follow","max-snippet":"max-snippet:-1","max-image-preview":"max-image-preview:large","max-video-preview":"max-video-preview:-1"},"canonical":"https:\/\/eticacomunica.com.mx\/?p=33810","og_locale":"es_MX","og_type":"article","og_title":"Se instalar\u00e1n la pr\u00f3xima semana tres grupos de trabajo t\u00e9cnico para dar certeza al Plan Integral para la Bahia de Ohuira - \u00c9tica Comunica","og_description":"El Gobierno de M\u00e9xico informa que, como resultado del di\u00e1logo con las comunidades de la ribera de la Bah\u00eda de Ohuira, sus asesores acad\u00e9micos y representantes de la empresa GPO,&hellip;","og_url":"https:\/\/eticacomunica.com.mx\/?p=33810","og_site_name":"\u00c9tica Comunica","article_publisher":"https:\/\/www.facebook.com\/eticacomunica","article_published_time":"2026-09-02T19:53:30+00:00","author":"etica","twitter_card":"summary_large_image","twitter_misc":{"Escrito por":"etica","Tiempo de lectura":"2 minutos"},"schema":{"@context":"https:\/\/schema.org","@graph":[{"@type":"Article","@id":"https:\/\/eticacomunica.com.mx\/?p=33810#article","isPartOf":{"@id":"https:\/\/eticacomunica.com.mx\/?p=33810"},"author":{"name":"etica","@id":"https:\/\/eticacomunica.com.mx\/#\/schema\/person\/2cacc47bd17fe8ad92f08c0313d22fa6"},"headline":"Se instalar\u00e1n la pr\u00f3xima semana tres grupos de trabajo t\u00e9cnico para dar certeza al Plan Integral para la Bahia de Ohuira","datePublished":"2026-09-02T19:53:30+00:00","mainEntityOfPage":{"@id":"https:\/\/eticacomunica.com.mx\/?p=33810"},"wordCount":484,"commentCount":0,"publisher":{"@id":"https:\/\/eticacomunica.com.mx\/#organization"},"image":{"@id":"https:\/\/eticacomunica.com.mx\/?p=33810#primaryimage"},"thumbnailUrl":"https:\/\/eticacomunica.com.mx\/wp-content\/uploads\/2026\/09\/IMG-20260902-WA0007.jpg","articleSection":["Estados"],"inLanguage":"es","potentialAction":[{"@type":"CommentAction","name":"Comment","target":["https:\/\/eticacomunica.com.mx\/?p=33810#respond"]}]},{"@type":"WebPage","@id":"https:\/\/eticacomunica.com.mx\/?p=33810","url":"https:\/\/eticacomunica.com.mx\/?p=33810","name":"Se instalar\u00e1n la pr\u00f3xima semana tres grupos de trabajo t\u00e9cnico para dar certeza al Plan Integral para la Bahia de Ohuira - \u00c9tica Comunica","isPartOf":{"@id":"https:\/\/eticacomunica.com.mx\/#website"},"primaryImageOfPage":{"@id":"https:\/\/eticacomunica.com.mx\/?p=33810#primaryimage"},"image":{"@id":"https:\/\/eticacomunica.com.mx\/?p=33810#primaryimage"},"thumbnailUrl":"https:\/\/eticacomunica.com.mx\/wp-content\/uploads\/2026\/09\/IMG-20260902-WA0007.jpg","datePublished":"2026-09-02T19:53:30+00:00","breadcrumb":{"@id":"https:\/\/eticacomunica.com.mx\/?p=33810#breadcrumb"},"inLanguage":"es","potentialAction":[{"@type":"ReadAction","target":["https:\/\/eticacomunica.com.mx\/?p=33810"]}]},{"@type":"ImageObject","inLanguage":"es","@id":"https:\/\/eticacomunica.com.mx\/?p=33810#primaryimage","url":"https:\/\/eticacomunica.com.mx\/wp-content\/uploads\/2026\/09\/IMG-20260902-WA0007.jpg","contentUrl":"https:\/\/eticacomunica.com.mx\/wp-content\/uploads\/2026\/09\/IMG-20260902-WA0007.jpg","width":1536,"height":864},{"@type":"BreadcrumbList","@id":"https:\/\/eticacomunica.com.mx\/?p=33810#breadcrumb","itemListElement":[{"@type":"ListItem","position":1,"name":"Inicio","item":"https:\/\/eticacomunica.com.mx\/"},{"@type":"ListItem","position":2,"name":"Se instalar\u00e1n la pr\u00f3xima semana tres grupos de trabajo t\u00e9cnico para dar certeza al Plan Integral para la Bahia de Ohuira"}]},{"@type":"WebSite","@id":"https:\/\/eticacomunica.com.mx\/#website","url":"https:\/\/eticacomunica.com.mx\/","name":"\u00c9tica Comunica","description":"Diario Digital","publisher":{"@id":"https:\/\/eticacomunica.com.mx\/#organization"},"potentialAction":[{"@type":"SearchAction","target":{"@type":"EntryPoint","urlTemplate":"https:\/\/eticacomunica.com.mx\/?s={search_term_string}"},"query-input":{"@type":"PropertyValueSpecification","valueRequired":true,"valueName":"search_term_string"}}],"inLanguage":"es"},{"@type":"Organization","@id":"https:\/\/eticacomunica.com.mx\/#organization","name":"Diarios Digitales de Sinaloa","url":"https:\/\/eticacomunica.com.mx\/","logo":{"@type":"ImageObject","inLanguage":"es","@id":"https:\/\/eticacomunica.com.mx\/#\/schema\/logo\/image\/","url":"https:\/\/eticacomunica.com.mx\/wp-content\/uploads\/2023\/10\/etica-logo.png","contentUrl":"https:\/\/eticacomunica.com.mx\/wp-content\/uploads\/2023\/10\/etica-logo.png","width":1280,"height":432,"caption":"Diarios Digitales de Sinaloa"},"image":{"@id":"https:\/\/eticacomunica.com.mx\/#\/schema\/logo\/image\/"},"sameAs":["https:\/\/www.facebook.com\/eticacomunica"]},{"@type":"Person","@id":"https:\/\/eticacomunica.com.mx\/#\/schema\/person\/2cacc47bd17fe8ad92f08c0313d22fa6","name":"etica","image":{"@type":"ImageObject","inLanguage":"es","@id":"https:\/\/secure.gravatar.com\/avatar\/dfb45d32bc7097f8f06d6e4f6e6b387e7cb8fd5b3a2869265c40587ab62cab1e?s=96&d=mm&r=g","url":"https:\/\/secure.gravatar.com\/avatar\/dfb45d32bc7097f8f06d6e4f6e6b387e7cb8fd5b3a2869265c40587ab62cab1e?s=96&d=mm&r=g","contentUrl":"https:\/\/secure.gravatar.com\/avatar\/dfb45d32bc7097f8f06d6e4f6e6b387e7cb8fd5b3a2869265c40587ab62cab1e?s=96&d=mm&r=g","caption":"etica"},"sameAs":["https:\/\/eticacomunica.com.mx"],"url":"https:\/\/eticacomunica.com.mx\/?author=1"}]}},"jetpack_publicize_connections":[],"jetpack_sharing_enabled":true,"jetpack_featured_media_url":"https:\/\/eticacomunica.com.mx\/wp-content\/uploads\/2026\/09\/IMG-20260902-WA0007.jpg","_links":{"self":[{"href":"https:\/\/eticacomunica.com.mx\/index.php?rest_route=\/wp\/v2\/posts\/33810","targetHints":{"allow":["GET"]}}],"collection":[{"href":"https:\/\/eticacomunica.com.mx\/index.php?rest_route=\/wp\/v2\/posts"}],"about":[{"href":"https:\/\/eticacomunica.com.mx\/index.php?rest_route=\/wp\/v2\/types\/post"}],"author":[{"embeddable":true,"href":"https:\/\/eticacomunica.com.mx\/index.php?rest_route=\/wp\/v2\/users\/1"}],"replies":[{"embeddable":true,"href":"https:\/\/eticacomunica.com.mx\/index.php?rest_route=%2Fwp%2Fv2%2Fcomments&post=33810"}],"version-history":[{"count":0,"href":"https:\/\/eticacomunica.com.mx\/index.php?rest_route=\/wp\/v2\/posts\/33810\/revisions"}],"wp:featuredmedia":[{"embeddable":true,"href":"https:\/\/eticacomunica.com.mx\/index.php?rest_route=\/wp\/v2\/media\/33809"}],"wp:attachment":[{"href":"https:\/\/eticacomunica.com.mx\/index.php?rest_route=%2Fwp%2Fv2%2Fmedia&parent=33810"}],"wp:term":[{"taxonomy":"category","embeddable":true,"href":"https:\/\/eticacomunica.com.mx\/index.php?rest_route=%2Fwp%2Fv2%2Fcategories&post=33810"},{"taxonomy":"post_tag","embeddable":true,"href":"https:\/\/eticacomunica.com.mx\/index.php?rest_route=%2Fwp%2Fv2%2Ftags&post=33810"}],"curies":[{"name":"wp","href":"https:\/\/api.w.org\/{rel}","templated":true}]}}