{"id":33819,"date":"2026-09-02T19:33:09","date_gmt":"2026-09-03T02:33:09","guid":{"rendered":"https:\/\/eticacomunica.com.mx\/?p=33819"},"modified":"2026-09-02T19:33:09","modified_gmt":"2026-09-03T02:33:09","slug":"gobierno-de-sinaloa-llega-con-equipa-sinaloa-a-comunidades-de-el-fuerte-y-choix-con-370-equipos-productivos","status":"publish","type":"post","link":"https:\/\/eticacomunica.com.mx\/?p=33819","title":{"rendered":"Gobierno de Sinaloa llega con Equipa Sinaloa a comunidades de El Fuerte y Choix con 370 equipos productivos"},"content":{"rendered":"\n<p class=\"wp-block-paragraph\"><\/p>\n\n\n\n<p class=\"wp-block-paragraph\">De acuerdo con la visi\u00f3n de la gobernadora Graciela Dom\u00ednguez Nava de atender las necesidades de los diferentes sectores y comunidades de Sinaloa, se entregaron 370 equipos productivos a 98 emprendedores y peque\u00f1os empresarios de ambos municipios.<br><br>El Fuerte y Choix, Sinaloa, 2 de septiembre de 2026.- Como parte de la visi\u00f3n de la gobernadora Graciela Dom\u00ednguez Nava de fortalecer e impulsar la econom\u00eda de las peque\u00f1as empresas y de las familias de las comunidades, este d\u00eda se llev\u00f3 a cabo la entrega de 370 equipos del programa \u201cEquipa Sinaloa\u201d a 98 emprendedores y peque\u00f1os empresarios de El Fuerte y Choix, fortaleciendo sus actividades productivas y el desarrollo de sus negocios.<br>\r<br>En El Fuerte, el secretario de Econom\u00eda, Diego Aguerrebere Espitia, destac\u00f3 que el programa \u201cEquipa Sinaloa\u201d se construye de abajo hacia arriba y con una importante participaci\u00f3n de las mujeres, adem\u00e1s de se\u00f1alar la relevancia de las microempresas dentro de la econom\u00eda estatal.<br>\r<br>\u201cEs importante Equipa Sinaloa porque beneficia principalmente a mujeres, siempre las mujeres son las que le entran al quite en todas las esferas de la vida, es un programa que va entre el 65 % de los beneficiarios son mujeres, se construye de abajo para arriba y se construye con mujeres, es la esencia de Equipa Sinaloa\u201d, comparti\u00f3 en su mensaje.<br>\r<br>En el municipio de El Fuerte se entregaron 209 equipos a 52 beneficiarios, 30 mujeres y 22 hombres, dedicados a actividades como carpinter\u00eda, electricidad, herrer\u00eda, mec\u00e1nica, estilismo, pedicura, maquillaje y comercio de abarrotes, entre otras.<br>\r<br>Los apoyos llegaron a las comunidades de Juhuara II, Charay, Santa Mar\u00eda, San Blas, Sibajahui, Cahuinahua, Chinobampo, El Naranjo, El Tepehuaje, Lo de Vega, Los Musos, Los Ojitos, Palo Verde, Pochotal y la cabecera municipal de El Fuerte.<br>\r<br>El presidente municipal de El Fuerte, Gildardo Leyva Ortega, destac\u00f3 la importancia de estos apoyos para quienes trabajan diariamente en sus negocios: \u201ces importante para ellos que con mucho esfuerzo y trabajo est\u00e1n sacando adelante sus negocios, es un programa que adem\u00e1s de entregar maquinar\u00eda y herramienta tambi\u00e9n entrega oportunidades para quienes tiene un peque\u00f1o negocio, puedan crecer, mejorar sus servicios y generar m\u00e1s ingresos para sus familias\u201d, subray\u00f3.<br>\r<br>En representaci\u00f3n de los beneficiarios, Gari Aroldo Trevedan Leyva, quien trabaja en el oficio de carpinter\u00eda, agradeci\u00f3 los equipamientos recibidos: \u201cgracias por considerarnos en el programa Equipa Sinaloa, reconocemos el compromiso de un gobierno que construye la econom\u00eda desde abajo fortaleciendo a los mismos peque\u00f1as y medianas empresas que son en general el 70 % de los empleos en el estado\u201d, subray\u00f3.<br>\r<br>En Choix se entregaron 161 equipos a 46 beneficiarios, 32 mujeres y 14 hombres, dedicados a actividades como estilismo, t\u00e9cnicas de u\u00f1as, pedicura, herrer\u00eda y carpinter\u00eda, entre otras.<br>\r<br>En este municipio, los apoyos llegaron a las comunidades de Baca, Baymena, Choix, El Guayabito, Guadalupe, Culebra, Los Picachos, Ranchito de Islas, San Javier, Aguascaliente el Grande y Tabucahui.<br>\r<br>La presidenta municipal de Choix, Yoneida G\u00e1mez V\u00e1zquez, destac\u00f3 la importancia de que estos programas lleguen a las familias del municipio: \u201choy se benefician ustedes, es un gusto para nosotros dar una respuesta para las necesidades que tienen, nuestro reconocimiento y agradecimiento a la Gobernadora Graciela Dom\u00ednguez Nava\u201d, puntualiz\u00f3.<br>\r<br>Por su parte, la beneficiaria de Choix, Rosangela Aguiar, quien se dedica a la carpinter\u00eda, expres\u00f3 la importancia de contar con oportunidades para aprender y desarrollar un oficio: \u201cen este programa de Saber Hacer hemos aprendido el oficio y le apostamos a que podemos realizar otras actividades m\u00e1s complejas nos permite contar un nuevo emprendimiento, es una gran oportunidad laboral\u201d, expres\u00f3.<br>\r<br>Los equipos entregados corresponden a los subprogramas Estiliza, para actividades de belleza, est\u00e9tica, barber\u00eda, u\u00f1as y cuidado personal; Saber Hacer, dirigido a oficios como plomer\u00eda, carpinter\u00eda, electricidad y herrer\u00eda; y Atienda, para peque\u00f1os comercios del sector de abarrotes.<br>\r<br>El programa \u201cEquipa Sinaloa\u201d, impulsado por la gobernadora Graciela Dom\u00ednguez Nava a trav\u00e9s de la Secretar\u00eda de Econom\u00eda, fortalece las actividades productivas de emprendedores y peque\u00f1os negocios mediante la entrega de equipamiento, maquinaria, mobiliario y herramientas vinculadas con su actividad econ\u00f3mica.<br>\r<br>En las entregas realizadas en El Fuerte y Choix participaron autoridades municipales, regidores y el subsecretario de Gesti\u00f3n de Fondos y Financiamiento de la Secretar\u00eda de Econom\u00eda, Jos\u00e9 \u00c1ngel L\u00f3pez Fierro.<\/p>\n","protected":false},"excerpt":{"rendered":"<p>De acuerdo con la visi\u00f3n de la gobernadora Graciela Dom\u00ednguez Nava de atender las necesidades de los diferentes sectores y comunidades de Sinaloa, se entregaron 370 equipos productivos a 98&hellip;<\/p>\n","protected":false},"author":1,"featured_media":33818,"comment_status":"open","ping_status":"open","sticky":false,"template":"","format":"standard","meta":{"_jetpack_newsletter_access":"","_jetpack_dont_email_post_to_subs":false,"_jetpack_newsletter_tier_id":0,"_jetpack_memberships_contains_paywalled_content":false,"_jetpack_feature_clip_id":0,"_jetpack_memberships_contains_paid_content":false,"footnotes":"","jetpack_publicize_message":"","jetpack_publicize_feature_enabled":true,"jetpack_social_post_already_shared":true,"jetpack_social_options":{"image_generator_settings":{"template":"highway","default_image_id":0,"font":"","enabled":false},"version":2},"jetpack_post_was_ever_published":false},"categories":[24],"tags":[],"class_list":["post-33819","post","type-post","status-publish","format-standard","has-post-thumbnail","hentry","category-estados"],"yoast_head":"<!-- This site is optimized with the Yoast SEO plugin v28.2 - https:\/\/yoast.com\/product\/yoast-seo-wordpress\/ -->\n<title>Gobierno de Sinaloa llega con Equipa Sinaloa a comunidades de El Fuerte y Choix con 370 equipos productivos - \u00c9tica Comunica<\/title>\n<meta name=\"robots\" content=\"index, follow, max-snippet:-1, max-image-preview:large, max-video-preview:-1\" \/>\n<link rel=\"canonical\" href=\"https:\/\/eticacomunica.com.mx\/?p=33819\" \/>\n<meta property=\"og:locale\" content=\"es_MX\" \/>\n<meta property=\"og:type\" content=\"article\" \/>\n<meta property=\"og:title\" content=\"Gobierno de Sinaloa llega con Equipa Sinaloa a comunidades de El Fuerte y Choix con 370 equipos productivos - \u00c9tica Comunica\" \/>\n<meta property=\"og:description\" content=\"De acuerdo con la visi\u00f3n de la gobernadora Graciela Dom\u00ednguez Nava de atender las necesidades de los diferentes sectores y comunidades de Sinaloa, se entregaron 370 equipos productivos a 98&hellip;\" \/>\n<meta property=\"og:url\" content=\"https:\/\/eticacomunica.com.mx\/?p=33819\" \/>\n<meta property=\"og:site_name\" content=\"\u00c9tica Comunica\" \/>\n<meta property=\"article:publisher\" content=\"https:\/\/www.facebook.com\/eticacomunica\" \/>\n<meta property=\"article:published_time\" content=\"2026-09-03T02:33:09+00:00\" \/>\n<meta name=\"author\" content=\"etica\" \/>\n<meta name=\"twitter:card\" content=\"summary_large_image\" \/>\n<meta name=\"twitter:label1\" content=\"Escrito por\" \/>\n\t<meta name=\"twitter:data1\" content=\"etica\" \/>\n\t<meta name=\"twitter:label2\" content=\"Tiempo de lectura\" \/>\n\t<meta name=\"twitter:data2\" content=\"4 minutos\" \/>\n<script type=\"application\/ld+json\" class=\"yoast-schema-graph\">{\"@context\":\"https:\\\/\\\/schema.org\",\"@graph\":[{\"@type\":\"Article\",\"@id\":\"https:\\\/\\\/eticacomunica.com.mx\\\/?p=33819#article\",\"isPartOf\":{\"@id\":\"https:\\\/\\\/eticacomunica.com.mx\\\/?p=33819\"},\"author\":{\"name\":\"etica\",\"@id\":\"https:\\\/\\\/eticacomunica.com.mx\\\/#\\\/schema\\\/person\\\/2cacc47bd17fe8ad92f08c0313d22fa6\"},\"headline\":\"Gobierno de Sinaloa llega con Equipa Sinaloa a comunidades de El Fuerte y Choix con 370 equipos productivos\",\"datePublished\":\"2026-09-03T02:33:09+00:00\",\"mainEntityOfPage\":{\"@id\":\"https:\\\/\\\/eticacomunica.com.mx\\\/?p=33819\"},\"wordCount\":750,\"commentCount\":0,\"publisher\":{\"@id\":\"https:\\\/\\\/eticacomunica.com.mx\\\/#organization\"},\"image\":{\"@id\":\"https:\\\/\\\/eticacomunica.com.mx\\\/?p=33819#primaryimage\"},\"thumbnailUrl\":\"https:\\\/\\\/eticacomunica.com.mx\\\/wp-content\\\/uploads\\\/2026\\\/09\\\/IMG-20260902-WA0058.jpg\",\"articleSection\":[\"Estados\"],\"inLanguage\":\"es\",\"potentialAction\":[{\"@type\":\"CommentAction\",\"name\":\"Comment\",\"target\":[\"https:\\\/\\\/eticacomunica.com.mx\\\/?p=33819#respond\"]}]},{\"@type\":\"WebPage\",\"@id\":\"https:\\\/\\\/eticacomunica.com.mx\\\/?p=33819\",\"url\":\"https:\\\/\\\/eticacomunica.com.mx\\\/?p=33819\",\"name\":\"Gobierno de Sinaloa llega con Equipa Sinaloa a comunidades de El Fuerte y Choix con 370 equipos productivos - \u00c9tica Comunica\",\"isPartOf\":{\"@id\":\"https:\\\/\\\/eticacomunica.com.mx\\\/#website\"},\"primaryImageOfPage\":{\"@id\":\"https:\\\/\\\/eticacomunica.com.mx\\\/?p=33819#primaryimage\"},\"image\":{\"@id\":\"https:\\\/\\\/eticacomunica.com.mx\\\/?p=33819#primaryimage\"},\"thumbnailUrl\":\"https:\\\/\\\/eticacomunica.com.mx\\\/wp-content\\\/uploads\\\/2026\\\/09\\\/IMG-20260902-WA0058.jpg\",\"datePublished\":\"2026-09-03T02:33:09+00:00\",\"breadcrumb\":{\"@id\":\"https:\\\/\\\/eticacomunica.com.mx\\\/?p=33819#breadcrumb\"},\"inLanguage\":\"es\",\"potentialAction\":[{\"@type\":\"ReadAction\",\"target\":[\"https:\\\/\\\/eticacomunica.com.mx\\\/?p=33819\"]}]},{\"@type\":\"ImageObject\",\"inLanguage\":\"es\",\"@id\":\"https:\\\/\\\/eticacomunica.com.mx\\\/?p=33819#primaryimage\",\"url\":\"https:\\\/\\\/eticacomunica.com.mx\\\/wp-content\\\/uploads\\\/2026\\\/09\\\/IMG-20260902-WA0058.jpg\",\"contentUrl\":\"https:\\\/\\\/eticacomunica.com.mx\\\/wp-content\\\/uploads\\\/2026\\\/09\\\/IMG-20260902-WA0058.jpg\",\"width\":1599,\"height\":899},{\"@type\":\"BreadcrumbList\",\"@id\":\"https:\\\/\\\/eticacomunica.com.mx\\\/?p=33819#breadcrumb\",\"itemListElement\":[{\"@type\":\"ListItem\",\"position\":1,\"name\":\"Inicio\",\"item\":\"https:\\\/\\\/eticacomunica.com.mx\\\/\"},{\"@type\":\"ListItem\",\"position\":2,\"name\":\"Gobierno de Sinaloa llega con Equipa Sinaloa a comunidades de El Fuerte y Choix con 370 equipos productivos\"}]},{\"@type\":\"WebSite\",\"@id\":\"https:\\\/\\\/eticacomunica.com.mx\\\/#website\",\"url\":\"https:\\\/\\\/eticacomunica.com.mx\\\/\",\"name\":\"\u00c9tica Comunica\",\"description\":\"Diario Digital\",\"publisher\":{\"@id\":\"https:\\\/\\\/eticacomunica.com.mx\\\/#organization\"},\"potentialAction\":[{\"@type\":\"SearchAction\",\"target\":{\"@type\":\"EntryPoint\",\"urlTemplate\":\"https:\\\/\\\/eticacomunica.com.mx\\\/?s={search_term_string}\"},\"query-input\":{\"@type\":\"PropertyValueSpecification\",\"valueRequired\":true,\"valueName\":\"search_term_string\"}}],\"inLanguage\":\"es\"},{\"@type\":\"Organization\",\"@id\":\"https:\\\/\\\/eticacomunica.com.mx\\\/#organization\",\"name\":\"Diarios Digitales de Sinaloa\",\"url\":\"https:\\\/\\\/eticacomunica.com.mx\\\/\",\"logo\":{\"@type\":\"ImageObject\",\"inLanguage\":\"es\",\"@id\":\"https:\\\/\\\/eticacomunica.com.mx\\\/#\\\/schema\\\/logo\\\/image\\\/\",\"url\":\"https:\\\/\\\/eticacomunica.com.mx\\\/wp-content\\\/uploads\\\/2023\\\/10\\\/etica-logo.png\",\"contentUrl\":\"https:\\\/\\\/eticacomunica.com.mx\\\/wp-content\\\/uploads\\\/2023\\\/10\\\/etica-logo.png\",\"width\":1280,\"height\":432,\"caption\":\"Diarios Digitales de Sinaloa\"},\"image\":{\"@id\":\"https:\\\/\\\/eticacomunica.com.mx\\\/#\\\/schema\\\/logo\\\/image\\\/\"},\"sameAs\":[\"https:\\\/\\\/www.facebook.com\\\/eticacomunica\"]},{\"@type\":\"Person\",\"@id\":\"https:\\\/\\\/eticacomunica.com.mx\\\/#\\\/schema\\\/person\\\/2cacc47bd17fe8ad92f08c0313d22fa6\",\"name\":\"etica\",\"image\":{\"@type\":\"ImageObject\",\"inLanguage\":\"es\",\"@id\":\"https:\\\/\\\/secure.gravatar.com\\\/avatar\\\/dfb45d32bc7097f8f06d6e4f6e6b387e7cb8fd5b3a2869265c40587ab62cab1e?s=96&d=mm&r=g\",\"url\":\"https:\\\/\\\/secure.gravatar.com\\\/avatar\\\/dfb45d32bc7097f8f06d6e4f6e6b387e7cb8fd5b3a2869265c40587ab62cab1e?s=96&d=mm&r=g\",\"contentUrl\":\"https:\\\/\\\/secure.gravatar.com\\\/avatar\\\/dfb45d32bc7097f8f06d6e4f6e6b387e7cb8fd5b3a2869265c40587ab62cab1e?s=96&d=mm&r=g\",\"caption\":\"etica\"},\"sameAs\":[\"https:\\\/\\\/eticacomunica.com.mx\"],\"url\":\"https:\\\/\\\/eticacomunica.com.mx\\\/?author=1\"}]}<\/script>\n<!-- \/ Yoast SEO plugin. -->","yoast_head_json":{"title":"Gobierno de Sinaloa llega con Equipa Sinaloa a comunidades de El Fuerte y Choix con 370 equipos productivos - \u00c9tica Comunica","robots":{"index":"index","follow":"follow","max-snippet":"max-snippet:-1","max-image-preview":"max-image-preview:large","max-video-preview":"max-video-preview:-1"},"canonical":"https:\/\/eticacomunica.com.mx\/?p=33819","og_locale":"es_MX","og_type":"article","og_title":"Gobierno de Sinaloa llega con Equipa Sinaloa a comunidades de El Fuerte y Choix con 370 equipos productivos - \u00c9tica Comunica","og_description":"De acuerdo con la visi\u00f3n de la gobernadora Graciela Dom\u00ednguez Nava de atender las necesidades de los diferentes sectores y comunidades de Sinaloa, se entregaron 370 equipos productivos a 98&hellip;","og_url":"https:\/\/eticacomunica.com.mx\/?p=33819","og_site_name":"\u00c9tica Comunica","article_publisher":"https:\/\/www.facebook.com\/eticacomunica","article_published_time":"2026-09-03T02:33:09+00:00","author":"etica","twitter_card":"summary_large_image","twitter_misc":{"Escrito por":"etica","Tiempo de lectura":"4 minutos"},"schema":{"@context":"https:\/\/schema.org","@graph":[{"@type":"Article","@id":"https:\/\/eticacomunica.com.mx\/?p=33819#article","isPartOf":{"@id":"https:\/\/eticacomunica.com.mx\/?p=33819"},"author":{"name":"etica","@id":"https:\/\/eticacomunica.com.mx\/#\/schema\/person\/2cacc47bd17fe8ad92f08c0313d22fa6"},"headline":"Gobierno de Sinaloa llega con Equipa Sinaloa a comunidades de El Fuerte y Choix con 370 equipos productivos","datePublished":"2026-09-03T02:33:09+00:00","mainEntityOfPage":{"@id":"https:\/\/eticacomunica.com.mx\/?p=33819"},"wordCount":750,"commentCount":0,"publisher":{"@id":"https:\/\/eticacomunica.com.mx\/#organization"},"image":{"@id":"https:\/\/eticacomunica.com.mx\/?p=33819#primaryimage"},"thumbnailUrl":"https:\/\/eticacomunica.com.mx\/wp-content\/uploads\/2026\/09\/IMG-20260902-WA0058.jpg","articleSection":["Estados"],"inLanguage":"es","potentialAction":[{"@type":"CommentAction","name":"Comment","target":["https:\/\/eticacomunica.com.mx\/?p=33819#respond"]}]},{"@type":"WebPage","@id":"https:\/\/eticacomunica.com.mx\/?p=33819","url":"https:\/\/eticacomunica.com.mx\/?p=33819","name":"Gobierno de Sinaloa llega con Equipa Sinaloa a comunidades de El Fuerte y Choix con 370 equipos productivos - \u00c9tica Comunica","isPartOf":{"@id":"https:\/\/eticacomunica.com.mx\/#website"},"primaryImageOfPage":{"@id":"https:\/\/eticacomunica.com.mx\/?p=33819#primaryimage"},"image":{"@id":"https:\/\/eticacomunica.com.mx\/?p=33819#primaryimage"},"thumbnailUrl":"https:\/\/eticacomunica.com.mx\/wp-content\/uploads\/2026\/09\/IMG-20260902-WA0058.jpg","datePublished":"2026-09-03T02:33:09+00:00","breadcrumb":{"@id":"https:\/\/eticacomunica.com.mx\/?p=33819#breadcrumb"},"inLanguage":"es","potentialAction":[{"@type":"ReadAction","target":["https:\/\/eticacomunica.com.mx\/?p=33819"]}]},{"@type":"ImageObject","inLanguage":"es","@id":"https:\/\/eticacomunica.com.mx\/?p=33819#primaryimage","url":"https:\/\/eticacomunica.com.mx\/wp-content\/uploads\/2026\/09\/IMG-20260902-WA0058.jpg","contentUrl":"https:\/\/eticacomunica.com.mx\/wp-content\/uploads\/2026\/09\/IMG-20260902-WA0058.jpg","width":1599,"height":899},{"@type":"BreadcrumbList","@id":"https:\/\/eticacomunica.com.mx\/?p=33819#breadcrumb","itemListElement":[{"@type":"ListItem","position":1,"name":"Inicio","item":"https:\/\/eticacomunica.com.mx\/"},{"@type":"ListItem","position":2,"name":"Gobierno de Sinaloa llega con Equipa Sinaloa a comunidades de El Fuerte y Choix con 370 equipos productivos"}]},{"@type":"WebSite","@id":"https:\/\/eticacomunica.com.mx\/#website","url":"https:\/\/eticacomunica.com.mx\/","name":"\u00c9tica Comunica","description":"Diario Digital","publisher":{"@id":"https:\/\/eticacomunica.com.mx\/#organization"},"potentialAction":[{"@type":"SearchAction","target":{"@type":"EntryPoint","urlTemplate":"https:\/\/eticacomunica.com.mx\/?s={search_term_string}"},"query-input":{"@type":"PropertyValueSpecification","valueRequired":true,"valueName":"search_term_string"}}],"inLanguage":"es"},{"@type":"Organization","@id":"https:\/\/eticacomunica.com.mx\/#organization","name":"Diarios Digitales de Sinaloa","url":"https:\/\/eticacomunica.com.mx\/","logo":{"@type":"ImageObject","inLanguage":"es","@id":"https:\/\/eticacomunica.com.mx\/#\/schema\/logo\/image\/","url":"https:\/\/eticacomunica.com.mx\/wp-content\/uploads\/2023\/10\/etica-logo.png","contentUrl":"https:\/\/eticacomunica.com.mx\/wp-content\/uploads\/2023\/10\/etica-logo.png","width":1280,"height":432,"caption":"Diarios Digitales de Sinaloa"},"image":{"@id":"https:\/\/eticacomunica.com.mx\/#\/schema\/logo\/image\/"},"sameAs":["https:\/\/www.facebook.com\/eticacomunica"]},{"@type":"Person","@id":"https:\/\/eticacomunica.com.mx\/#\/schema\/person\/2cacc47bd17fe8ad92f08c0313d22fa6","name":"etica","image":{"@type":"ImageObject","inLanguage":"es","@id":"https:\/\/secure.gravatar.com\/avatar\/dfb45d32bc7097f8f06d6e4f6e6b387e7cb8fd5b3a2869265c40587ab62cab1e?s=96&d=mm&r=g","url":"https:\/\/secure.gravatar.com\/avatar\/dfb45d32bc7097f8f06d6e4f6e6b387e7cb8fd5b3a2869265c40587ab62cab1e?s=96&d=mm&r=g","contentUrl":"https:\/\/secure.gravatar.com\/avatar\/dfb45d32bc7097f8f06d6e4f6e6b387e7cb8fd5b3a2869265c40587ab62cab1e?s=96&d=mm&r=g","caption":"etica"},"sameAs":["https:\/\/eticacomunica.com.mx"],"url":"https:\/\/eticacomunica.com.mx\/?author=1"}]}},"jetpack_publicize_connections":[],"jetpack_sharing_enabled":true,"jetpack_featured_media_url":"https:\/\/eticacomunica.com.mx\/wp-content\/uploads\/2026\/09\/IMG-20260902-WA0058.jpg","_links":{"self":[{"href":"https:\/\/eticacomunica.com.mx\/index.php?rest_route=\/wp\/v2\/posts\/33819","targetHints":{"allow":["GET"]}}],"collection":[{"href":"https:\/\/eticacomunica.com.mx\/index.php?rest_route=\/wp\/v2\/posts"}],"about":[{"href":"https:\/\/eticacomunica.com.mx\/index.php?rest_route=\/wp\/v2\/types\/post"}],"author":[{"embeddable":true,"href":"https:\/\/eticacomunica.com.mx\/index.php?rest_route=\/wp\/v2\/users\/1"}],"replies":[{"embeddable":true,"href":"https:\/\/eticacomunica.com.mx\/index.php?rest_route=%2Fwp%2Fv2%2Fcomments&post=33819"}],"version-history":[{"count":0,"href":"https:\/\/eticacomunica.com.mx\/index.php?rest_route=\/wp\/v2\/posts\/33819\/revisions"}],"wp:featuredmedia":[{"embeddable":true,"href":"https:\/\/eticacomunica.com.mx\/index.php?rest_route=\/wp\/v2\/media\/33818"}],"wp:attachment":[{"href":"https:\/\/eticacomunica.com.mx\/index.php?rest_route=%2Fwp%2Fv2%2Fmedia&parent=33819"}],"wp:term":[{"taxonomy":"category","embeddable":true,"href":"https:\/\/eticacomunica.com.mx\/index.php?rest_route=%2Fwp%2Fv2%2Fcategories&post=33819"},{"taxonomy":"post_tag","embeddable":true,"href":"https:\/\/eticacomunica.com.mx\/index.php?rest_route=%2Fwp%2Fv2%2Ftags&post=33819"}],"curies":[{"name":"wp","href":"https:\/\/api.w.org\/{rel}","templated":true}]}}