{"id":33831,"date":"2026-09-04T12:46:00","date_gmt":"2026-09-04T19:46:00","guid":{"rendered":"https:\/\/eticacomunica.com.mx\/?p=33831"},"modified":"2026-09-04T12:46:00","modified_gmt":"2026-09-04T19:46:00","slug":"dif-sinaloa-desarrolla-la-actividad-raices-que-florecen-en-reconocimiento-a-las-mujeres-indigenas","status":"publish","type":"post","link":"https:\/\/eticacomunica.com.mx\/?p=33831","title":{"rendered":"DIF Sinaloa desarrolla la actividad \u201cRa\u00edces que florecen\u201d en reconocimiento a las mujeres ind\u00edgenas"},"content":{"rendered":"\n<p class=\"wp-block-paragraph\">La actividad reuni\u00f3 expresiones art\u00edsticas, tradiciones, relatos y conocimientos que visibilizan el papel de las mujeres ind\u00edgenas y fortalecen la identidad cultural.<br><br>*Culiac\u00e1n, Sinaloa, 4 de septiembre de 2026.\u2013* Con el prop\u00f3sito de preservar la identidad, cultura y tradiciones de las mujeres ind\u00edgenas, el Sistema DIF Sinaloa, a trav\u00e9s del Centro de Salud Emocional y Educaci\u00f3n Incluyente (CRECE), realiz\u00f3 la muestra cultural \u201cRa\u00edces que florecen\u201d, en el marco del D\u00eda Internacional de las Mujeres Ind\u00edgenas.<br><br>La actividad se desarroll\u00f3 como un espacio de encuentro, aprendizaje y expresi\u00f3n cultural, donde las y los participantes conocieron la l valor de las ra\u00edces ind\u00edgenas, al tiempo que se destac\u00f3 la participaci\u00f3n y el papel fundamental de las mujeres en la preservaci\u00f3n de las tradiciones.<br><br>Como parte de esta muestra se present\u00f3 una exposici\u00f3n de pintura sobre la mujer y la cultura ind\u00edgena, adem\u00e1s de una sesi\u00f3n de cuenta cuentos sobre mujeres ind\u00edgenas y cultura ind\u00edgena, a cargo de Georgina Mart\u00ednez. Tambi\u00e9n se realizaron presentaciones de baile y danza tradicional, entre ellas la pascola, flor de pi\u00f1a y flor de amapa, como una forma de mantener vivas las expresiones culturales y transmitirlas a las nuevas generaciones.<br><br>Dentro del programa, se ofreci\u00f3 adem\u00e1s la c\u00e1psula informativa \u201cInclusi\u00f3n de la cultura, su lenguaje originario y salud emocional de la mujer ind\u00edgena\u201d, impartida por la Lic. Ver\u00f3nica Ortiz Santiago, quien&nbsp; abord\u00f3 la importancia de preservar las lenguas originarias y promover el bienestar emocional desde una perspectiva de inclusi\u00f3n y respeto a la diversidad cultural.<br><br>Para finalizar, la jornada contempl\u00f3 mesas de trabajo y actividades artesanales, entre ellas flores de mujer ind\u00edgena, pintura en bule y elaboraci\u00f3n de m\u00e1scaras, con la participaci\u00f3n de Carmen R\u00edos, el maestro Gilberto Zamora, la Lic. Mar\u00eda Beatriz Guadalupe Vel\u00e1zquez y la Lic. Cristina Figueroa Corrales.<\/p>\n","protected":false},"excerpt":{"rendered":"<p>La actividad reuni\u00f3 expresiones art\u00edsticas, tradiciones, relatos y conocimientos que visibilizan el papel de las mujeres ind\u00edgenas y fortalecen la identidad cultural. *Culiac\u00e1n, Sinaloa, 4 de septiembre de 2026.\u2013* Con&hellip;<\/p>\n","protected":false},"author":1,"featured_media":33830,"comment_status":"open","ping_status":"open","sticky":false,"template":"","format":"standard","meta":{"_jetpack_newsletter_access":"","_jetpack_dont_email_post_to_subs":false,"_jetpack_newsletter_tier_id":0,"_jetpack_memberships_contains_paywalled_content":false,"_jetpack_feature_clip_id":0,"_jetpack_memberships_contains_paid_content":false,"footnotes":"","jetpack_publicize_message":"","jetpack_publicize_feature_enabled":true,"jetpack_social_post_already_shared":true,"jetpack_social_options":{"image_generator_settings":{"template":"highway","default_image_id":0,"font":"","enabled":false},"version":2},"jetpack_post_was_ever_published":false},"categories":[24],"tags":[48],"class_list":["post-33831","post","type-post","status-publish","format-standard","has-post-thumbnail","hentry","category-estados","tag-dif-sinaloa"],"yoast_head":"<!-- This site is optimized with the Yoast SEO plugin v28.2 - https:\/\/yoast.com\/product\/yoast-seo-wordpress\/ -->\n<title>DIF Sinaloa desarrolla la actividad \u201cRa\u00edces que florecen\u201d en reconocimiento a las mujeres ind\u00edgenas - \u00c9tica Comunica<\/title>\n<meta name=\"robots\" content=\"index, follow, max-snippet:-1, max-image-preview:large, max-video-preview:-1\" \/>\n<link rel=\"canonical\" href=\"https:\/\/eticacomunica.com.mx\/?p=33831\" \/>\n<meta property=\"og:locale\" content=\"es_MX\" \/>\n<meta property=\"og:type\" content=\"article\" \/>\n<meta property=\"og:title\" content=\"DIF Sinaloa desarrolla la actividad \u201cRa\u00edces que florecen\u201d en reconocimiento a las mujeres ind\u00edgenas - \u00c9tica Comunica\" \/>\n<meta property=\"og:description\" content=\"La actividad reuni\u00f3 expresiones art\u00edsticas, tradiciones, relatos y conocimientos que visibilizan el papel de las mujeres ind\u00edgenas y fortalecen la identidad cultural. *Culiac\u00e1n, Sinaloa, 4 de septiembre de 2026.\u2013* Con&hellip;\" \/>\n<meta property=\"og:url\" content=\"https:\/\/eticacomunica.com.mx\/?p=33831\" \/>\n<meta property=\"og:site_name\" content=\"\u00c9tica Comunica\" \/>\n<meta property=\"article:publisher\" content=\"https:\/\/www.facebook.com\/eticacomunica\" \/>\n<meta property=\"article:published_time\" content=\"2026-09-04T19:46:00+00:00\" \/>\n<meta name=\"author\" content=\"etica\" \/>\n<meta name=\"twitter:card\" content=\"summary_large_image\" \/>\n<meta name=\"twitter:label1\" content=\"Escrito por\" \/>\n\t<meta name=\"twitter:data1\" content=\"etica\" \/>\n\t<meta name=\"twitter:label2\" content=\"Tiempo de lectura\" \/>\n\t<meta name=\"twitter:data2\" content=\"2 minutos\" \/>\n<script type=\"application\/ld+json\" class=\"yoast-schema-graph\">{\"@context\":\"https:\\\/\\\/schema.org\",\"@graph\":[{\"@type\":\"Article\",\"@id\":\"https:\\\/\\\/eticacomunica.com.mx\\\/?p=33831#article\",\"isPartOf\":{\"@id\":\"https:\\\/\\\/eticacomunica.com.mx\\\/?p=33831\"},\"author\":{\"name\":\"etica\",\"@id\":\"https:\\\/\\\/eticacomunica.com.mx\\\/#\\\/schema\\\/person\\\/2cacc47bd17fe8ad92f08c0313d22fa6\"},\"headline\":\"DIF Sinaloa desarrolla la actividad \u201cRa\u00edces que florecen\u201d en reconocimiento a las mujeres ind\u00edgenas\",\"datePublished\":\"2026-09-04T19:46:00+00:00\",\"mainEntityOfPage\":{\"@id\":\"https:\\\/\\\/eticacomunica.com.mx\\\/?p=33831\"},\"wordCount\":345,\"commentCount\":0,\"publisher\":{\"@id\":\"https:\\\/\\\/eticacomunica.com.mx\\\/#organization\"},\"image\":{\"@id\":\"https:\\\/\\\/eticacomunica.com.mx\\\/?p=33831#primaryimage\"},\"thumbnailUrl\":\"https:\\\/\\\/eticacomunica.com.mx\\\/wp-content\\\/uploads\\\/2026\\\/09\\\/IMG-20260904-WA0013.jpg\",\"keywords\":[\"DIF Sinaloa\"],\"articleSection\":[\"Estados\"],\"inLanguage\":\"es\",\"potentialAction\":[{\"@type\":\"CommentAction\",\"name\":\"Comment\",\"target\":[\"https:\\\/\\\/eticacomunica.com.mx\\\/?p=33831#respond\"]}]},{\"@type\":\"WebPage\",\"@id\":\"https:\\\/\\\/eticacomunica.com.mx\\\/?p=33831\",\"url\":\"https:\\\/\\\/eticacomunica.com.mx\\\/?p=33831\",\"name\":\"DIF Sinaloa desarrolla la actividad \u201cRa\u00edces que florecen\u201d en reconocimiento a las mujeres ind\u00edgenas - \u00c9tica Comunica\",\"isPartOf\":{\"@id\":\"https:\\\/\\\/eticacomunica.com.mx\\\/#website\"},\"primaryImageOfPage\":{\"@id\":\"https:\\\/\\\/eticacomunica.com.mx\\\/?p=33831#primaryimage\"},\"image\":{\"@id\":\"https:\\\/\\\/eticacomunica.com.mx\\\/?p=33831#primaryimage\"},\"thumbnailUrl\":\"https:\\\/\\\/eticacomunica.com.mx\\\/wp-content\\\/uploads\\\/2026\\\/09\\\/IMG-20260904-WA0013.jpg\",\"datePublished\":\"2026-09-04T19:46:00+00:00\",\"breadcrumb\":{\"@id\":\"https:\\\/\\\/eticacomunica.com.mx\\\/?p=33831#breadcrumb\"},\"inLanguage\":\"es\",\"potentialAction\":[{\"@type\":\"ReadAction\",\"target\":[\"https:\\\/\\\/eticacomunica.com.mx\\\/?p=33831\"]}]},{\"@type\":\"ImageObject\",\"inLanguage\":\"es\",\"@id\":\"https:\\\/\\\/eticacomunica.com.mx\\\/?p=33831#primaryimage\",\"url\":\"https:\\\/\\\/eticacomunica.com.mx\\\/wp-content\\\/uploads\\\/2026\\\/09\\\/IMG-20260904-WA0013.jpg\",\"contentUrl\":\"https:\\\/\\\/eticacomunica.com.mx\\\/wp-content\\\/uploads\\\/2026\\\/09\\\/IMG-20260904-WA0013.jpg\",\"width\":1600,\"height\":1066},{\"@type\":\"BreadcrumbList\",\"@id\":\"https:\\\/\\\/eticacomunica.com.mx\\\/?p=33831#breadcrumb\",\"itemListElement\":[{\"@type\":\"ListItem\",\"position\":1,\"name\":\"Inicio\",\"item\":\"https:\\\/\\\/eticacomunica.com.mx\\\/\"},{\"@type\":\"ListItem\",\"position\":2,\"name\":\"DIF Sinaloa desarrolla la actividad \u201cRa\u00edces que florecen\u201d en reconocimiento a las mujeres ind\u00edgenas\"}]},{\"@type\":\"WebSite\",\"@id\":\"https:\\\/\\\/eticacomunica.com.mx\\\/#website\",\"url\":\"https:\\\/\\\/eticacomunica.com.mx\\\/\",\"name\":\"\u00c9tica Comunica\",\"description\":\"Diario Digital\",\"publisher\":{\"@id\":\"https:\\\/\\\/eticacomunica.com.mx\\\/#organization\"},\"potentialAction\":[{\"@type\":\"SearchAction\",\"target\":{\"@type\":\"EntryPoint\",\"urlTemplate\":\"https:\\\/\\\/eticacomunica.com.mx\\\/?s={search_term_string}\"},\"query-input\":{\"@type\":\"PropertyValueSpecification\",\"valueRequired\":true,\"valueName\":\"search_term_string\"}}],\"inLanguage\":\"es\"},{\"@type\":\"Organization\",\"@id\":\"https:\\\/\\\/eticacomunica.com.mx\\\/#organization\",\"name\":\"Diarios Digitales de Sinaloa\",\"url\":\"https:\\\/\\\/eticacomunica.com.mx\\\/\",\"logo\":{\"@type\":\"ImageObject\",\"inLanguage\":\"es\",\"@id\":\"https:\\\/\\\/eticacomunica.com.mx\\\/#\\\/schema\\\/logo\\\/image\\\/\",\"url\":\"https:\\\/\\\/eticacomunica.com.mx\\\/wp-content\\\/uploads\\\/2023\\\/10\\\/etica-logo.png\",\"contentUrl\":\"https:\\\/\\\/eticacomunica.com.mx\\\/wp-content\\\/uploads\\\/2023\\\/10\\\/etica-logo.png\",\"width\":1280,\"height\":432,\"caption\":\"Diarios Digitales de Sinaloa\"},\"image\":{\"@id\":\"https:\\\/\\\/eticacomunica.com.mx\\\/#\\\/schema\\\/logo\\\/image\\\/\"},\"sameAs\":[\"https:\\\/\\\/www.facebook.com\\\/eticacomunica\"]},{\"@type\":\"Person\",\"@id\":\"https:\\\/\\\/eticacomunica.com.mx\\\/#\\\/schema\\\/person\\\/2cacc47bd17fe8ad92f08c0313d22fa6\",\"name\":\"etica\",\"image\":{\"@type\":\"ImageObject\",\"inLanguage\":\"es\",\"@id\":\"https:\\\/\\\/secure.gravatar.com\\\/avatar\\\/dfb45d32bc7097f8f06d6e4f6e6b387e7cb8fd5b3a2869265c40587ab62cab1e?s=96&d=mm&r=g\",\"url\":\"https:\\\/\\\/secure.gravatar.com\\\/avatar\\\/dfb45d32bc7097f8f06d6e4f6e6b387e7cb8fd5b3a2869265c40587ab62cab1e?s=96&d=mm&r=g\",\"contentUrl\":\"https:\\\/\\\/secure.gravatar.com\\\/avatar\\\/dfb45d32bc7097f8f06d6e4f6e6b387e7cb8fd5b3a2869265c40587ab62cab1e?s=96&d=mm&r=g\",\"caption\":\"etica\"},\"sameAs\":[\"https:\\\/\\\/eticacomunica.com.mx\"],\"url\":\"https:\\\/\\\/eticacomunica.com.mx\\\/?author=1\"}]}<\/script>\n<!-- \/ Yoast SEO plugin. -->","yoast_head_json":{"title":"DIF Sinaloa desarrolla la actividad \u201cRa\u00edces que florecen\u201d en reconocimiento a las mujeres ind\u00edgenas - \u00c9tica Comunica","robots":{"index":"index","follow":"follow","max-snippet":"max-snippet:-1","max-image-preview":"max-image-preview:large","max-video-preview":"max-video-preview:-1"},"canonical":"https:\/\/eticacomunica.com.mx\/?p=33831","og_locale":"es_MX","og_type":"article","og_title":"DIF Sinaloa desarrolla la actividad \u201cRa\u00edces que florecen\u201d en reconocimiento a las mujeres ind\u00edgenas - \u00c9tica Comunica","og_description":"La actividad reuni\u00f3 expresiones art\u00edsticas, tradiciones, relatos y conocimientos que visibilizan el papel de las mujeres ind\u00edgenas y fortalecen la identidad cultural. *Culiac\u00e1n, Sinaloa, 4 de septiembre de 2026.\u2013* Con&hellip;","og_url":"https:\/\/eticacomunica.com.mx\/?p=33831","og_site_name":"\u00c9tica Comunica","article_publisher":"https:\/\/www.facebook.com\/eticacomunica","article_published_time":"2026-09-04T19:46:00+00:00","author":"etica","twitter_card":"summary_large_image","twitter_misc":{"Escrito por":"etica","Tiempo de lectura":"2 minutos"},"schema":{"@context":"https:\/\/schema.org","@graph":[{"@type":"Article","@id":"https:\/\/eticacomunica.com.mx\/?p=33831#article","isPartOf":{"@id":"https:\/\/eticacomunica.com.mx\/?p=33831"},"author":{"name":"etica","@id":"https:\/\/eticacomunica.com.mx\/#\/schema\/person\/2cacc47bd17fe8ad92f08c0313d22fa6"},"headline":"DIF Sinaloa desarrolla la actividad \u201cRa\u00edces que florecen\u201d en reconocimiento a las mujeres ind\u00edgenas","datePublished":"2026-09-04T19:46:00+00:00","mainEntityOfPage":{"@id":"https:\/\/eticacomunica.com.mx\/?p=33831"},"wordCount":345,"commentCount":0,"publisher":{"@id":"https:\/\/eticacomunica.com.mx\/#organization"},"image":{"@id":"https:\/\/eticacomunica.com.mx\/?p=33831#primaryimage"},"thumbnailUrl":"https:\/\/eticacomunica.com.mx\/wp-content\/uploads\/2026\/09\/IMG-20260904-WA0013.jpg","keywords":["DIF Sinaloa"],"articleSection":["Estados"],"inLanguage":"es","potentialAction":[{"@type":"CommentAction","name":"Comment","target":["https:\/\/eticacomunica.com.mx\/?p=33831#respond"]}]},{"@type":"WebPage","@id":"https:\/\/eticacomunica.com.mx\/?p=33831","url":"https:\/\/eticacomunica.com.mx\/?p=33831","name":"DIF Sinaloa desarrolla la actividad \u201cRa\u00edces que florecen\u201d en reconocimiento a las mujeres ind\u00edgenas - \u00c9tica Comunica","isPartOf":{"@id":"https:\/\/eticacomunica.com.mx\/#website"},"primaryImageOfPage":{"@id":"https:\/\/eticacomunica.com.mx\/?p=33831#primaryimage"},"image":{"@id":"https:\/\/eticacomunica.com.mx\/?p=33831#primaryimage"},"thumbnailUrl":"https:\/\/eticacomunica.com.mx\/wp-content\/uploads\/2026\/09\/IMG-20260904-WA0013.jpg","datePublished":"2026-09-04T19:46:00+00:00","breadcrumb":{"@id":"https:\/\/eticacomunica.com.mx\/?p=33831#breadcrumb"},"inLanguage":"es","potentialAction":[{"@type":"ReadAction","target":["https:\/\/eticacomunica.com.mx\/?p=33831"]}]},{"@type":"ImageObject","inLanguage":"es","@id":"https:\/\/eticacomunica.com.mx\/?p=33831#primaryimage","url":"https:\/\/eticacomunica.com.mx\/wp-content\/uploads\/2026\/09\/IMG-20260904-WA0013.jpg","contentUrl":"https:\/\/eticacomunica.com.mx\/wp-content\/uploads\/2026\/09\/IMG-20260904-WA0013.jpg","width":1600,"height":1066},{"@type":"BreadcrumbList","@id":"https:\/\/eticacomunica.com.mx\/?p=33831#breadcrumb","itemListElement":[{"@type":"ListItem","position":1,"name":"Inicio","item":"https:\/\/eticacomunica.com.mx\/"},{"@type":"ListItem","position":2,"name":"DIF Sinaloa desarrolla la actividad \u201cRa\u00edces que florecen\u201d en reconocimiento a las mujeres ind\u00edgenas"}]},{"@type":"WebSite","@id":"https:\/\/eticacomunica.com.mx\/#website","url":"https:\/\/eticacomunica.com.mx\/","name":"\u00c9tica Comunica","description":"Diario Digital","publisher":{"@id":"https:\/\/eticacomunica.com.mx\/#organization"},"potentialAction":[{"@type":"SearchAction","target":{"@type":"EntryPoint","urlTemplate":"https:\/\/eticacomunica.com.mx\/?s={search_term_string}"},"query-input":{"@type":"PropertyValueSpecification","valueRequired":true,"valueName":"search_term_string"}}],"inLanguage":"es"},{"@type":"Organization","@id":"https:\/\/eticacomunica.com.mx\/#organization","name":"Diarios Digitales de Sinaloa","url":"https:\/\/eticacomunica.com.mx\/","logo":{"@type":"ImageObject","inLanguage":"es","@id":"https:\/\/eticacomunica.com.mx\/#\/schema\/logo\/image\/","url":"https:\/\/eticacomunica.com.mx\/wp-content\/uploads\/2023\/10\/etica-logo.png","contentUrl":"https:\/\/eticacomunica.com.mx\/wp-content\/uploads\/2023\/10\/etica-logo.png","width":1280,"height":432,"caption":"Diarios Digitales de Sinaloa"},"image":{"@id":"https:\/\/eticacomunica.com.mx\/#\/schema\/logo\/image\/"},"sameAs":["https:\/\/www.facebook.com\/eticacomunica"]},{"@type":"Person","@id":"https:\/\/eticacomunica.com.mx\/#\/schema\/person\/2cacc47bd17fe8ad92f08c0313d22fa6","name":"etica","image":{"@type":"ImageObject","inLanguage":"es","@id":"https:\/\/secure.gravatar.com\/avatar\/dfb45d32bc7097f8f06d6e4f6e6b387e7cb8fd5b3a2869265c40587ab62cab1e?s=96&d=mm&r=g","url":"https:\/\/secure.gravatar.com\/avatar\/dfb45d32bc7097f8f06d6e4f6e6b387e7cb8fd5b3a2869265c40587ab62cab1e?s=96&d=mm&r=g","contentUrl":"https:\/\/secure.gravatar.com\/avatar\/dfb45d32bc7097f8f06d6e4f6e6b387e7cb8fd5b3a2869265c40587ab62cab1e?s=96&d=mm&r=g","caption":"etica"},"sameAs":["https:\/\/eticacomunica.com.mx"],"url":"https:\/\/eticacomunica.com.mx\/?author=1"}]}},"jetpack_publicize_connections":[],"jetpack_sharing_enabled":true,"jetpack_featured_media_url":"https:\/\/eticacomunica.com.mx\/wp-content\/uploads\/2026\/09\/IMG-20260904-WA0013.jpg","_links":{"self":[{"href":"https:\/\/eticacomunica.com.mx\/index.php?rest_route=\/wp\/v2\/posts\/33831","targetHints":{"allow":["GET"]}}],"collection":[{"href":"https:\/\/eticacomunica.com.mx\/index.php?rest_route=\/wp\/v2\/posts"}],"about":[{"href":"https:\/\/eticacomunica.com.mx\/index.php?rest_route=\/wp\/v2\/types\/post"}],"author":[{"embeddable":true,"href":"https:\/\/eticacomunica.com.mx\/index.php?rest_route=\/wp\/v2\/users\/1"}],"replies":[{"embeddable":true,"href":"https:\/\/eticacomunica.com.mx\/index.php?rest_route=%2Fwp%2Fv2%2Fcomments&post=33831"}],"version-history":[{"count":0,"href":"https:\/\/eticacomunica.com.mx\/index.php?rest_route=\/wp\/v2\/posts\/33831\/revisions"}],"wp:featuredmedia":[{"embeddable":true,"href":"https:\/\/eticacomunica.com.mx\/index.php?rest_route=\/wp\/v2\/media\/33830"}],"wp:attachment":[{"href":"https:\/\/eticacomunica.com.mx\/index.php?rest_route=%2Fwp%2Fv2%2Fmedia&parent=33831"}],"wp:term":[{"taxonomy":"category","embeddable":true,"href":"https:\/\/eticacomunica.com.mx\/index.php?rest_route=%2Fwp%2Fv2%2Fcategories&post=33831"},{"taxonomy":"post_tag","embeddable":true,"href":"https:\/\/eticacomunica.com.mx\/index.php?rest_route=%2Fwp%2Fv2%2Ftags&post=33831"}],"curies":[{"name":"wp","href":"https:\/\/api.w.org\/{rel}","templated":true}]}}