{"id":33837,"date":"2026-09-04T17:55:24","date_gmt":"2026-09-05T00:55:24","guid":{"rendered":"https:\/\/eticacomunica.com.mx\/?p=33837"},"modified":"2026-09-04T17:55:24","modified_gmt":"2026-09-05T00:55:24","slug":"haremos-las-gestiones-necesarias-para-que-la-pesca-de-sinaloa-tenga-mayores-apoyos-anuncia-gobernadora-graciela-dominguez","status":"publish","type":"post","link":"https:\/\/eticacomunica.com.mx\/?p=33837","title":{"rendered":"Haremos las gestiones necesarias para que la pesca de Sinaloa tenga mayores apoyos, anuncia Gobernadora Graciela Dom\u00ednguez"},"content":{"rendered":"\n<p class=\"wp-block-paragraph\">La mandataria estatal encabez\u00f3 el programa de repoblamiento de alevines en embalses y presas, as\u00ed como la entrega de motores y embarcaciones a pescadores de Choix y El Fuerte.<br><br>La Bajada de Techobampo, Choix, Sinaloa 4 de septiembre de 2026.- Comprometida con el desarrollo del sector pesquero y acu\u00edcola de Sinaloa, la gobernadora Graciela Dom\u00ednguez Nava, acompa\u00f1ada de la alcaldesa de Choix, Yoneida G\u00e1mez y Gildardo Leyva, de El Fuerte, as\u00ed como de la secretaria de Pesca y Acuacultura, Flor Emilia Guerra, encabez\u00f3 el programa de repoblamiento de embalses y presas mediante el cual se sembraron dos millones de alevines en la presa Luis Donaldo Colosio (Huites), en el municipio serrano.<br><br>La Gobernadora Graciela Dom\u00ednguez, se\u00f1al\u00f3 que, el desarrollo de la pesca es una de las actividades que distingue a Sinaloa contribuyendo con el 21.76 % del volumen total pesquero y acu\u00edcola de todo M\u00e9xico, por ello, se invierte en programas que desarrollen y lleven bienestar a las comunidades dedicadas a este sector primario de la econom\u00eda, destacando al programa de repoblamiento de embalses como muy significativo pues gracias al incremento de la producci\u00f3n de especies se beneficia directamente a cientos de familias que hacen de la pesca su medio de subsistencia, adem\u00e1s de mejorar sus ingresos cuando venden su producci\u00f3n, asimismo contribuye a lograr la soberan\u00eda alimentaria que impulsa la presidenta Claudia Sheinbaum.<br><br>\u201cDesde aqu\u00ed les reiteramos, la pesca es una actividad estrat\u00e9gica para la soberan\u00eda alimentaria del pa\u00eds, y de esa manera, nosotros vamos a intensificar nuestras gestiones para que la pesca tenga mayor apoyo y respaldo desde nuestro gobierno de Sinaloa, pero sabemos muy bien que hay un inter\u00e9s del gobierno federal encabezado por la presidenta Claudia Sheinbaum y donde nosotros insistiremos y lograremos que la pesa de Sinaloa sea reconocida en esa gran dimensi\u00f3n\u201d, precis\u00f3 la Gobernadora Graciela Dom\u00ednguez.<br><br>Durante el evento, la mandataria estatal tambi\u00e9n hizo entrega de 12 motores y 12 embarcaciones a pescadores de Choix y 23 motores y 23 embarcaciones a pescadores de El Fuerte; adem\u00e1s, entreg\u00f3 un apoyo de 100 mil pesos, del programa de Inspecci\u00f3n y Vigilancia 2026, y otro, de 50 mil pesos, del programa de impulso a la pr\u00e1ctica deportiva, a la Sociedad Cooperativa Tur\u00edstica Pesquera 18 de Abril.<br><br>Por su parte, la alcaldesa del pintoresco pueblo se\u00f1orial, Yoneida G\u00e1mez, agradeci\u00f3 a la gobernadora Graciela, por su trabajo y solidaridad con quienes se dedican a la pesca, afirmando que este programa beneficia a directamente a mas de 264 pescadores y pescadoras de la regi\u00f3n, fomentando el desarrollo econ\u00f3mico y pesquero de la comunidad.<br><br>\u201cEste embalse da la pauta para que se viertan 2 millones de alevines m\u00e1s, superando as\u00ed la meta del a\u00f1o pasado. Las cooperativas pesqueras y sus productores del municipio tambi\u00e9n son beneficiados este d\u00eda con 12 motores marinos y 12 lanchas que fortalecer\u00e1n las condiciones de trabajo de los pescadores, complementando as\u00ed el apoyo integral\u201d, dijo la alcaldesa municipal.<br><br>La secretaria de Pesca y Acuacultura, Flor Emilia Guerra, detall\u00f3 que, Sinaloa es un referente nacional en pesca y acuacultura, por ello, con una inversi\u00f3n de 900 mil pesos, hoy se siembran 2 millones de alevines en la presa Luis Donaldo Colosio, lo que beneficia a 264 pescadoras y pescadores de 7 cooperativas pesqueras de la regi\u00f3n, precisando que, desde 2022 se han sembrado 10 millones de alevines en esta presa. Adem\u00e1s, destac\u00f3 que, durante el 2026 se sembrar\u00e1n 20 millones de alevines en embalses y presas de 11 municipios del estado, beneficiando a m\u00e1s de 3 mil 165 pescadores de aguas continentales y a sus familias. Por \u00faltimo, Guerra Mena aprovech\u00f3 para invitar a las y los pescadores y a quienes gustan de la pesca deportiva al pr\u00f3ximo torneo de pesca, que se llevar\u00e1 a cabo en el mes de noviembre, el cual vendr\u00e1 a detonar el turismo en los municipios serranos.<br><br>\u201cSinaloa es pesca, Sinaloa es acuacultura, Sinaloa es fuerza trabajadora, es tiempo de unidad, de trabajo en equipo, es tiempo de la pescadora y del pescador, es tiempo de Sinaloa\u201d, puntualiz\u00f3 la secretaria de Pesca y Acuacultura.<br><br>Finalmente, agradeciendo el apoyo y acompa\u00f1amiento al sector pesquero de la localidad, los pescadores invitaron a la Gobernadora, alcaldes y autoridades acompa\u00f1antes a un recorrido tur\u00edstico por este majestuoso embalse.<br><br>Acompa\u00f1aron a la Gobernadora en este evento, la diputada Rita Fierro; \u00d3scar Echeverr\u00eda Islas, presidente de la Federaci\u00f3n Regional de Sociedades Cooperativas Las Tahuinas; Jos\u00e9 Valenzuela Quintero, comisario de Techobampo, as\u00ed como pescadoras y pescadores de la regi\u00f3n.<\/p>\n","protected":false},"excerpt":{"rendered":"<p>La mandataria estatal encabez\u00f3 el programa de repoblamiento de alevines en embalses y presas, as\u00ed como la entrega de motores y embarcaciones a pescadores de Choix y El Fuerte. La&hellip;<\/p>\n","protected":false},"author":1,"featured_media":33836,"comment_status":"open","ping_status":"open","sticky":false,"template":"","format":"standard","meta":{"_jetpack_newsletter_access":"","_jetpack_dont_email_post_to_subs":false,"_jetpack_newsletter_tier_id":0,"_jetpack_memberships_contains_paywalled_content":false,"_jetpack_feature_clip_id":0,"_jetpack_memberships_contains_paid_content":false,"footnotes":"","jetpack_publicize_message":"","jetpack_publicize_feature_enabled":true,"jetpack_social_post_already_shared":true,"jetpack_social_options":{"image_generator_settings":{"template":"highway","default_image_id":0,"font":"","enabled":false},"version":2},"jetpack_post_was_ever_published":false},"categories":[207,26],"tags":[34],"class_list":["post-33837","post","type-post","status-publish","format-standard","has-post-thumbnail","hentry","category-ges","category-portada","tag-gobierno-del-estado-de-sinaloa"],"yoast_head":"<!-- This site is optimized with the Yoast SEO plugin v28.2 - https:\/\/yoast.com\/product\/yoast-seo-wordpress\/ -->\n<title>Haremos las gestiones necesarias para que la pesca de Sinaloa tenga mayores apoyos, anuncia Gobernadora Graciela Dom\u00ednguez - \u00c9tica Comunica<\/title>\n<meta name=\"robots\" content=\"index, follow, max-snippet:-1, max-image-preview:large, max-video-preview:-1\" \/>\n<link rel=\"canonical\" href=\"https:\/\/eticacomunica.com.mx\/?p=33837\" \/>\n<meta property=\"og:locale\" content=\"es_MX\" \/>\n<meta property=\"og:type\" content=\"article\" \/>\n<meta property=\"og:title\" content=\"Haremos las gestiones necesarias para que la pesca de Sinaloa tenga mayores apoyos, anuncia Gobernadora Graciela Dom\u00ednguez - \u00c9tica Comunica\" \/>\n<meta property=\"og:description\" content=\"La mandataria estatal encabez\u00f3 el programa de repoblamiento de alevines en embalses y presas, as\u00ed como la entrega de motores y embarcaciones a pescadores de Choix y El Fuerte. La&hellip;\" \/>\n<meta property=\"og:url\" content=\"https:\/\/eticacomunica.com.mx\/?p=33837\" \/>\n<meta property=\"og:site_name\" content=\"\u00c9tica Comunica\" \/>\n<meta property=\"article:publisher\" content=\"https:\/\/www.facebook.com\/eticacomunica\" \/>\n<meta property=\"article:published_time\" content=\"2026-09-05T00:55:24+00:00\" \/>\n<meta name=\"author\" content=\"etica\" \/>\n<meta name=\"twitter:card\" content=\"summary_large_image\" \/>\n<meta name=\"twitter:label1\" content=\"Escrito por\" \/>\n\t<meta name=\"twitter:data1\" content=\"etica\" \/>\n\t<meta name=\"twitter:label2\" content=\"Tiempo de lectura\" \/>\n\t<meta name=\"twitter:data2\" content=\"4 minutos\" \/>\n<script type=\"application\/ld+json\" class=\"yoast-schema-graph\">{\"@context\":\"https:\\\/\\\/schema.org\",\"@graph\":[{\"@type\":\"Article\",\"@id\":\"https:\\\/\\\/eticacomunica.com.mx\\\/?p=33837#article\",\"isPartOf\":{\"@id\":\"https:\\\/\\\/eticacomunica.com.mx\\\/?p=33837\"},\"author\":{\"name\":\"etica\",\"@id\":\"https:\\\/\\\/eticacomunica.com.mx\\\/#\\\/schema\\\/person\\\/2cacc47bd17fe8ad92f08c0313d22fa6\"},\"headline\":\"Haremos las gestiones necesarias para que la pesca de Sinaloa tenga mayores apoyos, anuncia Gobernadora Graciela Dom\u00ednguez\",\"datePublished\":\"2026-09-05T00:55:24+00:00\",\"mainEntityOfPage\":{\"@id\":\"https:\\\/\\\/eticacomunica.com.mx\\\/?p=33837\"},\"wordCount\":780,\"commentCount\":0,\"publisher\":{\"@id\":\"https:\\\/\\\/eticacomunica.com.mx\\\/#organization\"},\"image\":{\"@id\":\"https:\\\/\\\/eticacomunica.com.mx\\\/?p=33837#primaryimage\"},\"thumbnailUrl\":\"https:\\\/\\\/eticacomunica.com.mx\\\/wp-content\\\/uploads\\\/2026\\\/09\\\/IMG-20260904-WA0031.jpg\",\"keywords\":[\"Gobierno del Estado de Sinaloa\"],\"articleSection\":[\"GES\",\"Portada\"],\"inLanguage\":\"es\",\"potentialAction\":[{\"@type\":\"CommentAction\",\"name\":\"Comment\",\"target\":[\"https:\\\/\\\/eticacomunica.com.mx\\\/?p=33837#respond\"]}]},{\"@type\":\"WebPage\",\"@id\":\"https:\\\/\\\/eticacomunica.com.mx\\\/?p=33837\",\"url\":\"https:\\\/\\\/eticacomunica.com.mx\\\/?p=33837\",\"name\":\"Haremos las gestiones necesarias para que la pesca de Sinaloa tenga mayores apoyos, anuncia Gobernadora Graciela Dom\u00ednguez - \u00c9tica Comunica\",\"isPartOf\":{\"@id\":\"https:\\\/\\\/eticacomunica.com.mx\\\/#website\"},\"primaryImageOfPage\":{\"@id\":\"https:\\\/\\\/eticacomunica.com.mx\\\/?p=33837#primaryimage\"},\"image\":{\"@id\":\"https:\\\/\\\/eticacomunica.com.mx\\\/?p=33837#primaryimage\"},\"thumbnailUrl\":\"https:\\\/\\\/eticacomunica.com.mx\\\/wp-content\\\/uploads\\\/2026\\\/09\\\/IMG-20260904-WA0031.jpg\",\"datePublished\":\"2026-09-05T00:55:24+00:00\",\"breadcrumb\":{\"@id\":\"https:\\\/\\\/eticacomunica.com.mx\\\/?p=33837#breadcrumb\"},\"inLanguage\":\"es\",\"potentialAction\":[{\"@type\":\"ReadAction\",\"target\":[\"https:\\\/\\\/eticacomunica.com.mx\\\/?p=33837\"]}]},{\"@type\":\"ImageObject\",\"inLanguage\":\"es\",\"@id\":\"https:\\\/\\\/eticacomunica.com.mx\\\/?p=33837#primaryimage\",\"url\":\"https:\\\/\\\/eticacomunica.com.mx\\\/wp-content\\\/uploads\\\/2026\\\/09\\\/IMG-20260904-WA0031.jpg\",\"contentUrl\":\"https:\\\/\\\/eticacomunica.com.mx\\\/wp-content\\\/uploads\\\/2026\\\/09\\\/IMG-20260904-WA0031.jpg\",\"width\":1280,\"height\":854},{\"@type\":\"BreadcrumbList\",\"@id\":\"https:\\\/\\\/eticacomunica.com.mx\\\/?p=33837#breadcrumb\",\"itemListElement\":[{\"@type\":\"ListItem\",\"position\":1,\"name\":\"Inicio\",\"item\":\"https:\\\/\\\/eticacomunica.com.mx\\\/\"},{\"@type\":\"ListItem\",\"position\":2,\"name\":\"Haremos las gestiones necesarias para que la pesca de Sinaloa tenga mayores apoyos, anuncia Gobernadora Graciela Dom\u00ednguez\"}]},{\"@type\":\"WebSite\",\"@id\":\"https:\\\/\\\/eticacomunica.com.mx\\\/#website\",\"url\":\"https:\\\/\\\/eticacomunica.com.mx\\\/\",\"name\":\"\u00c9tica Comunica\",\"description\":\"Diario Digital\",\"publisher\":{\"@id\":\"https:\\\/\\\/eticacomunica.com.mx\\\/#organization\"},\"potentialAction\":[{\"@type\":\"SearchAction\",\"target\":{\"@type\":\"EntryPoint\",\"urlTemplate\":\"https:\\\/\\\/eticacomunica.com.mx\\\/?s={search_term_string}\"},\"query-input\":{\"@type\":\"PropertyValueSpecification\",\"valueRequired\":true,\"valueName\":\"search_term_string\"}}],\"inLanguage\":\"es\"},{\"@type\":\"Organization\",\"@id\":\"https:\\\/\\\/eticacomunica.com.mx\\\/#organization\",\"name\":\"Diarios Digitales de Sinaloa\",\"url\":\"https:\\\/\\\/eticacomunica.com.mx\\\/\",\"logo\":{\"@type\":\"ImageObject\",\"inLanguage\":\"es\",\"@id\":\"https:\\\/\\\/eticacomunica.com.mx\\\/#\\\/schema\\\/logo\\\/image\\\/\",\"url\":\"https:\\\/\\\/eticacomunica.com.mx\\\/wp-content\\\/uploads\\\/2023\\\/10\\\/etica-logo.png\",\"contentUrl\":\"https:\\\/\\\/eticacomunica.com.mx\\\/wp-content\\\/uploads\\\/2023\\\/10\\\/etica-logo.png\",\"width\":1280,\"height\":432,\"caption\":\"Diarios Digitales de Sinaloa\"},\"image\":{\"@id\":\"https:\\\/\\\/eticacomunica.com.mx\\\/#\\\/schema\\\/logo\\\/image\\\/\"},\"sameAs\":[\"https:\\\/\\\/www.facebook.com\\\/eticacomunica\"]},{\"@type\":\"Person\",\"@id\":\"https:\\\/\\\/eticacomunica.com.mx\\\/#\\\/schema\\\/person\\\/2cacc47bd17fe8ad92f08c0313d22fa6\",\"name\":\"etica\",\"image\":{\"@type\":\"ImageObject\",\"inLanguage\":\"es\",\"@id\":\"https:\\\/\\\/secure.gravatar.com\\\/avatar\\\/dfb45d32bc7097f8f06d6e4f6e6b387e7cb8fd5b3a2869265c40587ab62cab1e?s=96&d=mm&r=g\",\"url\":\"https:\\\/\\\/secure.gravatar.com\\\/avatar\\\/dfb45d32bc7097f8f06d6e4f6e6b387e7cb8fd5b3a2869265c40587ab62cab1e?s=96&d=mm&r=g\",\"contentUrl\":\"https:\\\/\\\/secure.gravatar.com\\\/avatar\\\/dfb45d32bc7097f8f06d6e4f6e6b387e7cb8fd5b3a2869265c40587ab62cab1e?s=96&d=mm&r=g\",\"caption\":\"etica\"},\"sameAs\":[\"https:\\\/\\\/eticacomunica.com.mx\"],\"url\":\"https:\\\/\\\/eticacomunica.com.mx\\\/?author=1\"}]}<\/script>\n<!-- \/ Yoast SEO plugin. -->","yoast_head_json":{"title":"Haremos las gestiones necesarias para que la pesca de Sinaloa tenga mayores apoyos, anuncia Gobernadora Graciela Dom\u00ednguez - \u00c9tica Comunica","robots":{"index":"index","follow":"follow","max-snippet":"max-snippet:-1","max-image-preview":"max-image-preview:large","max-video-preview":"max-video-preview:-1"},"canonical":"https:\/\/eticacomunica.com.mx\/?p=33837","og_locale":"es_MX","og_type":"article","og_title":"Haremos las gestiones necesarias para que la pesca de Sinaloa tenga mayores apoyos, anuncia Gobernadora Graciela Dom\u00ednguez - \u00c9tica Comunica","og_description":"La mandataria estatal encabez\u00f3 el programa de repoblamiento de alevines en embalses y presas, as\u00ed como la entrega de motores y embarcaciones a pescadores de Choix y El Fuerte. La&hellip;","og_url":"https:\/\/eticacomunica.com.mx\/?p=33837","og_site_name":"\u00c9tica Comunica","article_publisher":"https:\/\/www.facebook.com\/eticacomunica","article_published_time":"2026-09-05T00:55:24+00:00","author":"etica","twitter_card":"summary_large_image","twitter_misc":{"Escrito por":"etica","Tiempo de lectura":"4 minutos"},"schema":{"@context":"https:\/\/schema.org","@graph":[{"@type":"Article","@id":"https:\/\/eticacomunica.com.mx\/?p=33837#article","isPartOf":{"@id":"https:\/\/eticacomunica.com.mx\/?p=33837"},"author":{"name":"etica","@id":"https:\/\/eticacomunica.com.mx\/#\/schema\/person\/2cacc47bd17fe8ad92f08c0313d22fa6"},"headline":"Haremos las gestiones necesarias para que la pesca de Sinaloa tenga mayores apoyos, anuncia Gobernadora Graciela Dom\u00ednguez","datePublished":"2026-09-05T00:55:24+00:00","mainEntityOfPage":{"@id":"https:\/\/eticacomunica.com.mx\/?p=33837"},"wordCount":780,"commentCount":0,"publisher":{"@id":"https:\/\/eticacomunica.com.mx\/#organization"},"image":{"@id":"https:\/\/eticacomunica.com.mx\/?p=33837#primaryimage"},"thumbnailUrl":"https:\/\/eticacomunica.com.mx\/wp-content\/uploads\/2026\/09\/IMG-20260904-WA0031.jpg","keywords":["Gobierno del Estado de Sinaloa"],"articleSection":["GES","Portada"],"inLanguage":"es","potentialAction":[{"@type":"CommentAction","name":"Comment","target":["https:\/\/eticacomunica.com.mx\/?p=33837#respond"]}]},{"@type":"WebPage","@id":"https:\/\/eticacomunica.com.mx\/?p=33837","url":"https:\/\/eticacomunica.com.mx\/?p=33837","name":"Haremos las gestiones necesarias para que la pesca de Sinaloa tenga mayores apoyos, anuncia Gobernadora Graciela Dom\u00ednguez - \u00c9tica Comunica","isPartOf":{"@id":"https:\/\/eticacomunica.com.mx\/#website"},"primaryImageOfPage":{"@id":"https:\/\/eticacomunica.com.mx\/?p=33837#primaryimage"},"image":{"@id":"https:\/\/eticacomunica.com.mx\/?p=33837#primaryimage"},"thumbnailUrl":"https:\/\/eticacomunica.com.mx\/wp-content\/uploads\/2026\/09\/IMG-20260904-WA0031.jpg","datePublished":"2026-09-05T00:55:24+00:00","breadcrumb":{"@id":"https:\/\/eticacomunica.com.mx\/?p=33837#breadcrumb"},"inLanguage":"es","potentialAction":[{"@type":"ReadAction","target":["https:\/\/eticacomunica.com.mx\/?p=33837"]}]},{"@type":"ImageObject","inLanguage":"es","@id":"https:\/\/eticacomunica.com.mx\/?p=33837#primaryimage","url":"https:\/\/eticacomunica.com.mx\/wp-content\/uploads\/2026\/09\/IMG-20260904-WA0031.jpg","contentUrl":"https:\/\/eticacomunica.com.mx\/wp-content\/uploads\/2026\/09\/IMG-20260904-WA0031.jpg","width":1280,"height":854},{"@type":"BreadcrumbList","@id":"https:\/\/eticacomunica.com.mx\/?p=33837#breadcrumb","itemListElement":[{"@type":"ListItem","position":1,"name":"Inicio","item":"https:\/\/eticacomunica.com.mx\/"},{"@type":"ListItem","position":2,"name":"Haremos las gestiones necesarias para que la pesca de Sinaloa tenga mayores apoyos, anuncia Gobernadora Graciela Dom\u00ednguez"}]},{"@type":"WebSite","@id":"https:\/\/eticacomunica.com.mx\/#website","url":"https:\/\/eticacomunica.com.mx\/","name":"\u00c9tica Comunica","description":"Diario Digital","publisher":{"@id":"https:\/\/eticacomunica.com.mx\/#organization"},"potentialAction":[{"@type":"SearchAction","target":{"@type":"EntryPoint","urlTemplate":"https:\/\/eticacomunica.com.mx\/?s={search_term_string}"},"query-input":{"@type":"PropertyValueSpecification","valueRequired":true,"valueName":"search_term_string"}}],"inLanguage":"es"},{"@type":"Organization","@id":"https:\/\/eticacomunica.com.mx\/#organization","name":"Diarios Digitales de Sinaloa","url":"https:\/\/eticacomunica.com.mx\/","logo":{"@type":"ImageObject","inLanguage":"es","@id":"https:\/\/eticacomunica.com.mx\/#\/schema\/logo\/image\/","url":"https:\/\/eticacomunica.com.mx\/wp-content\/uploads\/2023\/10\/etica-logo.png","contentUrl":"https:\/\/eticacomunica.com.mx\/wp-content\/uploads\/2023\/10\/etica-logo.png","width":1280,"height":432,"caption":"Diarios Digitales de Sinaloa"},"image":{"@id":"https:\/\/eticacomunica.com.mx\/#\/schema\/logo\/image\/"},"sameAs":["https:\/\/www.facebook.com\/eticacomunica"]},{"@type":"Person","@id":"https:\/\/eticacomunica.com.mx\/#\/schema\/person\/2cacc47bd17fe8ad92f08c0313d22fa6","name":"etica","image":{"@type":"ImageObject","inLanguage":"es","@id":"https:\/\/secure.gravatar.com\/avatar\/dfb45d32bc7097f8f06d6e4f6e6b387e7cb8fd5b3a2869265c40587ab62cab1e?s=96&d=mm&r=g","url":"https:\/\/secure.gravatar.com\/avatar\/dfb45d32bc7097f8f06d6e4f6e6b387e7cb8fd5b3a2869265c40587ab62cab1e?s=96&d=mm&r=g","contentUrl":"https:\/\/secure.gravatar.com\/avatar\/dfb45d32bc7097f8f06d6e4f6e6b387e7cb8fd5b3a2869265c40587ab62cab1e?s=96&d=mm&r=g","caption":"etica"},"sameAs":["https:\/\/eticacomunica.com.mx"],"url":"https:\/\/eticacomunica.com.mx\/?author=1"}]}},"jetpack_publicize_connections":[],"jetpack_sharing_enabled":true,"jetpack_featured_media_url":"https:\/\/eticacomunica.com.mx\/wp-content\/uploads\/2026\/09\/IMG-20260904-WA0031.jpg","_links":{"self":[{"href":"https:\/\/eticacomunica.com.mx\/index.php?rest_route=\/wp\/v2\/posts\/33837","targetHints":{"allow":["GET"]}}],"collection":[{"href":"https:\/\/eticacomunica.com.mx\/index.php?rest_route=\/wp\/v2\/posts"}],"about":[{"href":"https:\/\/eticacomunica.com.mx\/index.php?rest_route=\/wp\/v2\/types\/post"}],"author":[{"embeddable":true,"href":"https:\/\/eticacomunica.com.mx\/index.php?rest_route=\/wp\/v2\/users\/1"}],"replies":[{"embeddable":true,"href":"https:\/\/eticacomunica.com.mx\/index.php?rest_route=%2Fwp%2Fv2%2Fcomments&post=33837"}],"version-history":[{"count":0,"href":"https:\/\/eticacomunica.com.mx\/index.php?rest_route=\/wp\/v2\/posts\/33837\/revisions"}],"wp:featuredmedia":[{"embeddable":true,"href":"https:\/\/eticacomunica.com.mx\/index.php?rest_route=\/wp\/v2\/media\/33836"}],"wp:attachment":[{"href":"https:\/\/eticacomunica.com.mx\/index.php?rest_route=%2Fwp%2Fv2%2Fmedia&parent=33837"}],"wp:term":[{"taxonomy":"category","embeddable":true,"href":"https:\/\/eticacomunica.com.mx\/index.php?rest_route=%2Fwp%2Fv2%2Fcategories&post=33837"},{"taxonomy":"post_tag","embeddable":true,"href":"https:\/\/eticacomunica.com.mx\/index.php?rest_route=%2Fwp%2Fv2%2Ftags&post=33837"}],"curies":[{"name":"wp","href":"https:\/\/api.w.org\/{rel}","templated":true}]}}