{"id":33839,"date":"2026-09-04T18:20:28","date_gmt":"2026-09-05T01:20:28","guid":{"rendered":"https:\/\/eticacomunica.com.mx\/?p=33839"},"modified":"2026-09-04T18:20:28","modified_gmt":"2026-09-05T01:20:28","slug":"la-unipol-inicia-el-ciclo-escolar-2026-2027","status":"publish","type":"post","link":"https:\/\/eticacomunica.com.mx\/?p=33839","title":{"rendered":"La Unipol inicia el Ciclo Escolar 2026-2027"},"content":{"rendered":"\n<p class=\"wp-block-paragraph\">Con una matr\u00edcula que rebasa los 750 estudiantes, la Universidad de la Polic\u00eda del Estado de Sinaloa (Unipol), contin\u00faa reafirmando su compromiso con la excelencia acad\u00e9mica.<br><br>Culiac\u00e1n Rosales, Sinaloa, a 4 de septiembre de 2026.- A partir de este d\u00eda la Universidad de la Polic\u00eda del Estado de Sinaloa (Unipol), inici\u00f3 el ciclo escolar 2026-2027 con una matr\u00edcula que rebasa las 750 alumnas y alumnos, asever\u00f3, el Mtro. Jos\u00e9 Carlos \u00c1lvarez Ortega.<br>En ese sentido el Rector de la Unipol, en su mensaje de bienvenida conmin\u00f3 a la nueva comunidad estudiantil a aprovechar cada una de las actividades y programas que ofrece esta casa de estudios en las \u00e1reas de seguridad p\u00fablica y Justicia.<br>\u201cRenovamos nuestro compromiso con la educaci\u00f3n, con el conocimiento con la justicia y la seguridad p\u00fablica de Sinaloa, la Universidad de la Polic\u00eda del Estado de Sinaloa, naci\u00f3 con una misi\u00f3n clara contribuir en la formaci\u00f3n de mujeres y hombres capaces de enfrentar con preparaci\u00f3n cient\u00edfica, t\u00e9cnica y humanista , los grandes desaf\u00edos que plantea la seguridad y la justicia de nuestro tiempo ; por ello abrir nuevamente las puertas de nuestras aulas , significa mucho m\u00e1s que comenzar un calendario acad\u00e9mico, significa abrir las puertas al conocimiento, a la superaci\u00f3n y a la esperanza. Detr\u00e1s de cada programa acad\u00e9mico que ofrece la Unipol hay algo mucho m\u00e1s importante, hay una responsabilidad social en la Universidad de la Polic\u00eda del Estado de Sinaloa queremos profesionales con conocimiento, pero tambi\u00e9n con \u00e9tica, con capacidad t\u00e9cnica, pero tambi\u00e9n con sensibilidad humana con respeto irrestricto a la dignidad de las personas\u201d, resalt\u00f3 \u00c1lvarez Ortega.<br><br>Asimismo, expres\u00f3 que la Gobernadora, Graciela Dom\u00ednguez Nava, ha se\u00f1alado que todas las ni\u00f1as, ni\u00f1os, j\u00f3venes sinaloenses tengan acceso al conocimiento y con la educaci\u00f3n como una tarea esencial para afrontar los retos y desaf\u00edos que tenemos como estado y naci\u00f3n, por ello Unipol trabaja de manera permanente ubic\u00e1ndose en la vanguardia acad\u00e9mica.<br>El funcionario estatal concluy\u00f3 al se\u00f1alar que la instituci\u00f3n universitaria, forma a las y los estudiantes con un enfoque integral, humanista, que comprenda habilidades y herramientas, que pondr\u00e1n en pr\u00e1ctica cuando respondan a las demandas del mercado laboral.<br>Las actividades acad\u00e9micas en la Unipol iniciaron en todas las licenciaturas y posgrados, tales como Criminal\u00edstica y Derecho-Seguridad P\u00fablica, Maestr\u00eda en Investigaci\u00f3n Criminal, Maestr\u00eda en Seguridad P\u00fablica; Doctorado en el Sistema de Justicia Penal y Doctorado en Seguridad P\u00fablica y Ciencias Policiales.<\/p>\n","protected":false},"excerpt":{"rendered":"<p>Con una matr\u00edcula que rebasa los 750 estudiantes, la Universidad de la Polic\u00eda del Estado de Sinaloa (Unipol), contin\u00faa reafirmando su compromiso con la excelencia acad\u00e9mica. Culiac\u00e1n Rosales, Sinaloa, a&hellip;<\/p>\n","protected":false},"author":1,"featured_media":33838,"comment_status":"open","ping_status":"open","sticky":false,"template":"","format":"standard","meta":{"_jetpack_newsletter_access":"","_jetpack_dont_email_post_to_subs":false,"_jetpack_newsletter_tier_id":0,"_jetpack_memberships_contains_paywalled_content":false,"_jetpack_feature_clip_id":0,"_jetpack_memberships_contains_paid_content":false,"footnotes":"","jetpack_publicize_message":"","jetpack_publicize_feature_enabled":true,"jetpack_social_post_already_shared":true,"jetpack_social_options":{"image_generator_settings":{"template":"highway","default_image_id":0,"font":"","enabled":false},"version":2},"jetpack_post_was_ever_published":false},"categories":[17],"tags":[34],"class_list":["post-33839","post","type-post","status-publish","format-standard","has-post-thumbnail","hentry","category-seguridad","tag-gobierno-del-estado-de-sinaloa"],"yoast_head":"<!-- This site is optimized with the Yoast SEO plugin v28.2 - https:\/\/yoast.com\/product\/yoast-seo-wordpress\/ -->\n<title>La Unipol inicia el Ciclo Escolar 2026-2027 - \u00c9tica Comunica<\/title>\n<meta name=\"robots\" content=\"index, follow, max-snippet:-1, max-image-preview:large, max-video-preview:-1\" \/>\n<link rel=\"canonical\" href=\"https:\/\/eticacomunica.com.mx\/?p=33839\" \/>\n<meta property=\"og:locale\" content=\"es_MX\" \/>\n<meta property=\"og:type\" content=\"article\" \/>\n<meta property=\"og:title\" content=\"La Unipol inicia el Ciclo Escolar 2026-2027 - \u00c9tica Comunica\" \/>\n<meta property=\"og:description\" content=\"Con una matr\u00edcula que rebasa los 750 estudiantes, la Universidad de la Polic\u00eda del Estado de Sinaloa (Unipol), contin\u00faa reafirmando su compromiso con la excelencia acad\u00e9mica. Culiac\u00e1n Rosales, Sinaloa, a&hellip;\" \/>\n<meta property=\"og:url\" content=\"https:\/\/eticacomunica.com.mx\/?p=33839\" \/>\n<meta property=\"og:site_name\" content=\"\u00c9tica Comunica\" \/>\n<meta property=\"article:publisher\" content=\"https:\/\/www.facebook.com\/eticacomunica\" \/>\n<meta property=\"article:published_time\" content=\"2026-09-05T01:20:28+00:00\" \/>\n<meta name=\"author\" content=\"etica\" \/>\n<meta name=\"twitter:card\" content=\"summary_large_image\" \/>\n<meta name=\"twitter:label1\" content=\"Escrito por\" \/>\n\t<meta name=\"twitter:data1\" content=\"etica\" \/>\n\t<meta name=\"twitter:label2\" content=\"Tiempo de lectura\" \/>\n\t<meta name=\"twitter:data2\" content=\"2 minutos\" \/>\n<script type=\"application\/ld+json\" class=\"yoast-schema-graph\">{\"@context\":\"https:\\\/\\\/schema.org\",\"@graph\":[{\"@type\":\"Article\",\"@id\":\"https:\\\/\\\/eticacomunica.com.mx\\\/?p=33839#article\",\"isPartOf\":{\"@id\":\"https:\\\/\\\/eticacomunica.com.mx\\\/?p=33839\"},\"author\":{\"name\":\"etica\",\"@id\":\"https:\\\/\\\/eticacomunica.com.mx\\\/#\\\/schema\\\/person\\\/2cacc47bd17fe8ad92f08c0313d22fa6\"},\"headline\":\"La Unipol inicia el Ciclo Escolar 2026-2027\",\"datePublished\":\"2026-09-05T01:20:28+00:00\",\"mainEntityOfPage\":{\"@id\":\"https:\\\/\\\/eticacomunica.com.mx\\\/?p=33839\"},\"wordCount\":449,\"commentCount\":0,\"publisher\":{\"@id\":\"https:\\\/\\\/eticacomunica.com.mx\\\/#organization\"},\"image\":{\"@id\":\"https:\\\/\\\/eticacomunica.com.mx\\\/?p=33839#primaryimage\"},\"thumbnailUrl\":\"https:\\\/\\\/eticacomunica.com.mx\\\/wp-content\\\/uploads\\\/2026\\\/09\\\/IMG-20260904-WA0054.jpg\",\"keywords\":[\"Gobierno del Estado de Sinaloa\"],\"articleSection\":[\"Seguridad\"],\"inLanguage\":\"es\",\"potentialAction\":[{\"@type\":\"CommentAction\",\"name\":\"Comment\",\"target\":[\"https:\\\/\\\/eticacomunica.com.mx\\\/?p=33839#respond\"]}]},{\"@type\":\"WebPage\",\"@id\":\"https:\\\/\\\/eticacomunica.com.mx\\\/?p=33839\",\"url\":\"https:\\\/\\\/eticacomunica.com.mx\\\/?p=33839\",\"name\":\"La Unipol inicia el Ciclo Escolar 2026-2027 - \u00c9tica Comunica\",\"isPartOf\":{\"@id\":\"https:\\\/\\\/eticacomunica.com.mx\\\/#website\"},\"primaryImageOfPage\":{\"@id\":\"https:\\\/\\\/eticacomunica.com.mx\\\/?p=33839#primaryimage\"},\"image\":{\"@id\":\"https:\\\/\\\/eticacomunica.com.mx\\\/?p=33839#primaryimage\"},\"thumbnailUrl\":\"https:\\\/\\\/eticacomunica.com.mx\\\/wp-content\\\/uploads\\\/2026\\\/09\\\/IMG-20260904-WA0054.jpg\",\"datePublished\":\"2026-09-05T01:20:28+00:00\",\"breadcrumb\":{\"@id\":\"https:\\\/\\\/eticacomunica.com.mx\\\/?p=33839#breadcrumb\"},\"inLanguage\":\"es\",\"potentialAction\":[{\"@type\":\"ReadAction\",\"target\":[\"https:\\\/\\\/eticacomunica.com.mx\\\/?p=33839\"]}]},{\"@type\":\"ImageObject\",\"inLanguage\":\"es\",\"@id\":\"https:\\\/\\\/eticacomunica.com.mx\\\/?p=33839#primaryimage\",\"url\":\"https:\\\/\\\/eticacomunica.com.mx\\\/wp-content\\\/uploads\\\/2026\\\/09\\\/IMG-20260904-WA0054.jpg\",\"contentUrl\":\"https:\\\/\\\/eticacomunica.com.mx\\\/wp-content\\\/uploads\\\/2026\\\/09\\\/IMG-20260904-WA0054.jpg\",\"width\":1600,\"height\":900},{\"@type\":\"BreadcrumbList\",\"@id\":\"https:\\\/\\\/eticacomunica.com.mx\\\/?p=33839#breadcrumb\",\"itemListElement\":[{\"@type\":\"ListItem\",\"position\":1,\"name\":\"Inicio\",\"item\":\"https:\\\/\\\/eticacomunica.com.mx\\\/\"},{\"@type\":\"ListItem\",\"position\":2,\"name\":\"La Unipol inicia el Ciclo Escolar 2026-2027\"}]},{\"@type\":\"WebSite\",\"@id\":\"https:\\\/\\\/eticacomunica.com.mx\\\/#website\",\"url\":\"https:\\\/\\\/eticacomunica.com.mx\\\/\",\"name\":\"\u00c9tica Comunica\",\"description\":\"Diario Digital\",\"publisher\":{\"@id\":\"https:\\\/\\\/eticacomunica.com.mx\\\/#organization\"},\"potentialAction\":[{\"@type\":\"SearchAction\",\"target\":{\"@type\":\"EntryPoint\",\"urlTemplate\":\"https:\\\/\\\/eticacomunica.com.mx\\\/?s={search_term_string}\"},\"query-input\":{\"@type\":\"PropertyValueSpecification\",\"valueRequired\":true,\"valueName\":\"search_term_string\"}}],\"inLanguage\":\"es\"},{\"@type\":\"Organization\",\"@id\":\"https:\\\/\\\/eticacomunica.com.mx\\\/#organization\",\"name\":\"Diarios Digitales de Sinaloa\",\"url\":\"https:\\\/\\\/eticacomunica.com.mx\\\/\",\"logo\":{\"@type\":\"ImageObject\",\"inLanguage\":\"es\",\"@id\":\"https:\\\/\\\/eticacomunica.com.mx\\\/#\\\/schema\\\/logo\\\/image\\\/\",\"url\":\"https:\\\/\\\/eticacomunica.com.mx\\\/wp-content\\\/uploads\\\/2023\\\/10\\\/etica-logo.png\",\"contentUrl\":\"https:\\\/\\\/eticacomunica.com.mx\\\/wp-content\\\/uploads\\\/2023\\\/10\\\/etica-logo.png\",\"width\":1280,\"height\":432,\"caption\":\"Diarios Digitales de Sinaloa\"},\"image\":{\"@id\":\"https:\\\/\\\/eticacomunica.com.mx\\\/#\\\/schema\\\/logo\\\/image\\\/\"},\"sameAs\":[\"https:\\\/\\\/www.facebook.com\\\/eticacomunica\"]},{\"@type\":\"Person\",\"@id\":\"https:\\\/\\\/eticacomunica.com.mx\\\/#\\\/schema\\\/person\\\/2cacc47bd17fe8ad92f08c0313d22fa6\",\"name\":\"etica\",\"image\":{\"@type\":\"ImageObject\",\"inLanguage\":\"es\",\"@id\":\"https:\\\/\\\/secure.gravatar.com\\\/avatar\\\/dfb45d32bc7097f8f06d6e4f6e6b387e7cb8fd5b3a2869265c40587ab62cab1e?s=96&d=mm&r=g\",\"url\":\"https:\\\/\\\/secure.gravatar.com\\\/avatar\\\/dfb45d32bc7097f8f06d6e4f6e6b387e7cb8fd5b3a2869265c40587ab62cab1e?s=96&d=mm&r=g\",\"contentUrl\":\"https:\\\/\\\/secure.gravatar.com\\\/avatar\\\/dfb45d32bc7097f8f06d6e4f6e6b387e7cb8fd5b3a2869265c40587ab62cab1e?s=96&d=mm&r=g\",\"caption\":\"etica\"},\"sameAs\":[\"https:\\\/\\\/eticacomunica.com.mx\"],\"url\":\"https:\\\/\\\/eticacomunica.com.mx\\\/?author=1\"}]}<\/script>\n<!-- \/ Yoast SEO plugin. -->","yoast_head_json":{"title":"La Unipol inicia el Ciclo Escolar 2026-2027 - \u00c9tica Comunica","robots":{"index":"index","follow":"follow","max-snippet":"max-snippet:-1","max-image-preview":"max-image-preview:large","max-video-preview":"max-video-preview:-1"},"canonical":"https:\/\/eticacomunica.com.mx\/?p=33839","og_locale":"es_MX","og_type":"article","og_title":"La Unipol inicia el Ciclo Escolar 2026-2027 - \u00c9tica Comunica","og_description":"Con una matr\u00edcula que rebasa los 750 estudiantes, la Universidad de la Polic\u00eda del Estado de Sinaloa (Unipol), contin\u00faa reafirmando su compromiso con la excelencia acad\u00e9mica. Culiac\u00e1n Rosales, Sinaloa, a&hellip;","og_url":"https:\/\/eticacomunica.com.mx\/?p=33839","og_site_name":"\u00c9tica Comunica","article_publisher":"https:\/\/www.facebook.com\/eticacomunica","article_published_time":"2026-09-05T01:20:28+00:00","author":"etica","twitter_card":"summary_large_image","twitter_misc":{"Escrito por":"etica","Tiempo de lectura":"2 minutos"},"schema":{"@context":"https:\/\/schema.org","@graph":[{"@type":"Article","@id":"https:\/\/eticacomunica.com.mx\/?p=33839#article","isPartOf":{"@id":"https:\/\/eticacomunica.com.mx\/?p=33839"},"author":{"name":"etica","@id":"https:\/\/eticacomunica.com.mx\/#\/schema\/person\/2cacc47bd17fe8ad92f08c0313d22fa6"},"headline":"La Unipol inicia el Ciclo Escolar 2026-2027","datePublished":"2026-09-05T01:20:28+00:00","mainEntityOfPage":{"@id":"https:\/\/eticacomunica.com.mx\/?p=33839"},"wordCount":449,"commentCount":0,"publisher":{"@id":"https:\/\/eticacomunica.com.mx\/#organization"},"image":{"@id":"https:\/\/eticacomunica.com.mx\/?p=33839#primaryimage"},"thumbnailUrl":"https:\/\/eticacomunica.com.mx\/wp-content\/uploads\/2026\/09\/IMG-20260904-WA0054.jpg","keywords":["Gobierno del Estado de Sinaloa"],"articleSection":["Seguridad"],"inLanguage":"es","potentialAction":[{"@type":"CommentAction","name":"Comment","target":["https:\/\/eticacomunica.com.mx\/?p=33839#respond"]}]},{"@type":"WebPage","@id":"https:\/\/eticacomunica.com.mx\/?p=33839","url":"https:\/\/eticacomunica.com.mx\/?p=33839","name":"La Unipol inicia el Ciclo Escolar 2026-2027 - \u00c9tica Comunica","isPartOf":{"@id":"https:\/\/eticacomunica.com.mx\/#website"},"primaryImageOfPage":{"@id":"https:\/\/eticacomunica.com.mx\/?p=33839#primaryimage"},"image":{"@id":"https:\/\/eticacomunica.com.mx\/?p=33839#primaryimage"},"thumbnailUrl":"https:\/\/eticacomunica.com.mx\/wp-content\/uploads\/2026\/09\/IMG-20260904-WA0054.jpg","datePublished":"2026-09-05T01:20:28+00:00","breadcrumb":{"@id":"https:\/\/eticacomunica.com.mx\/?p=33839#breadcrumb"},"inLanguage":"es","potentialAction":[{"@type":"ReadAction","target":["https:\/\/eticacomunica.com.mx\/?p=33839"]}]},{"@type":"ImageObject","inLanguage":"es","@id":"https:\/\/eticacomunica.com.mx\/?p=33839#primaryimage","url":"https:\/\/eticacomunica.com.mx\/wp-content\/uploads\/2026\/09\/IMG-20260904-WA0054.jpg","contentUrl":"https:\/\/eticacomunica.com.mx\/wp-content\/uploads\/2026\/09\/IMG-20260904-WA0054.jpg","width":1600,"height":900},{"@type":"BreadcrumbList","@id":"https:\/\/eticacomunica.com.mx\/?p=33839#breadcrumb","itemListElement":[{"@type":"ListItem","position":1,"name":"Inicio","item":"https:\/\/eticacomunica.com.mx\/"},{"@type":"ListItem","position":2,"name":"La Unipol inicia el Ciclo Escolar 2026-2027"}]},{"@type":"WebSite","@id":"https:\/\/eticacomunica.com.mx\/#website","url":"https:\/\/eticacomunica.com.mx\/","name":"\u00c9tica Comunica","description":"Diario Digital","publisher":{"@id":"https:\/\/eticacomunica.com.mx\/#organization"},"potentialAction":[{"@type":"SearchAction","target":{"@type":"EntryPoint","urlTemplate":"https:\/\/eticacomunica.com.mx\/?s={search_term_string}"},"query-input":{"@type":"PropertyValueSpecification","valueRequired":true,"valueName":"search_term_string"}}],"inLanguage":"es"},{"@type":"Organization","@id":"https:\/\/eticacomunica.com.mx\/#organization","name":"Diarios Digitales de Sinaloa","url":"https:\/\/eticacomunica.com.mx\/","logo":{"@type":"ImageObject","inLanguage":"es","@id":"https:\/\/eticacomunica.com.mx\/#\/schema\/logo\/image\/","url":"https:\/\/eticacomunica.com.mx\/wp-content\/uploads\/2023\/10\/etica-logo.png","contentUrl":"https:\/\/eticacomunica.com.mx\/wp-content\/uploads\/2023\/10\/etica-logo.png","width":1280,"height":432,"caption":"Diarios Digitales de Sinaloa"},"image":{"@id":"https:\/\/eticacomunica.com.mx\/#\/schema\/logo\/image\/"},"sameAs":["https:\/\/www.facebook.com\/eticacomunica"]},{"@type":"Person","@id":"https:\/\/eticacomunica.com.mx\/#\/schema\/person\/2cacc47bd17fe8ad92f08c0313d22fa6","name":"etica","image":{"@type":"ImageObject","inLanguage":"es","@id":"https:\/\/secure.gravatar.com\/avatar\/dfb45d32bc7097f8f06d6e4f6e6b387e7cb8fd5b3a2869265c40587ab62cab1e?s=96&d=mm&r=g","url":"https:\/\/secure.gravatar.com\/avatar\/dfb45d32bc7097f8f06d6e4f6e6b387e7cb8fd5b3a2869265c40587ab62cab1e?s=96&d=mm&r=g","contentUrl":"https:\/\/secure.gravatar.com\/avatar\/dfb45d32bc7097f8f06d6e4f6e6b387e7cb8fd5b3a2869265c40587ab62cab1e?s=96&d=mm&r=g","caption":"etica"},"sameAs":["https:\/\/eticacomunica.com.mx"],"url":"https:\/\/eticacomunica.com.mx\/?author=1"}]}},"jetpack_publicize_connections":[],"jetpack_sharing_enabled":true,"jetpack_featured_media_url":"https:\/\/eticacomunica.com.mx\/wp-content\/uploads\/2026\/09\/IMG-20260904-WA0054.jpg","_links":{"self":[{"href":"https:\/\/eticacomunica.com.mx\/index.php?rest_route=\/wp\/v2\/posts\/33839","targetHints":{"allow":["GET"]}}],"collection":[{"href":"https:\/\/eticacomunica.com.mx\/index.php?rest_route=\/wp\/v2\/posts"}],"about":[{"href":"https:\/\/eticacomunica.com.mx\/index.php?rest_route=\/wp\/v2\/types\/post"}],"author":[{"embeddable":true,"href":"https:\/\/eticacomunica.com.mx\/index.php?rest_route=\/wp\/v2\/users\/1"}],"replies":[{"embeddable":true,"href":"https:\/\/eticacomunica.com.mx\/index.php?rest_route=%2Fwp%2Fv2%2Fcomments&post=33839"}],"version-history":[{"count":0,"href":"https:\/\/eticacomunica.com.mx\/index.php?rest_route=\/wp\/v2\/posts\/33839\/revisions"}],"wp:featuredmedia":[{"embeddable":true,"href":"https:\/\/eticacomunica.com.mx\/index.php?rest_route=\/wp\/v2\/media\/33838"}],"wp:attachment":[{"href":"https:\/\/eticacomunica.com.mx\/index.php?rest_route=%2Fwp%2Fv2%2Fmedia&parent=33839"}],"wp:term":[{"taxonomy":"category","embeddable":true,"href":"https:\/\/eticacomunica.com.mx\/index.php?rest_route=%2Fwp%2Fv2%2Fcategories&post=33839"},{"taxonomy":"post_tag","embeddable":true,"href":"https:\/\/eticacomunica.com.mx\/index.php?rest_route=%2Fwp%2Fv2%2Ftags&post=33839"}],"curies":[{"name":"wp","href":"https:\/\/api.w.org\/{rel}","templated":true}]}}