{"id":33841,"date":"2026-09-04T18:48:05","date_gmt":"2026-09-05T01:48:05","guid":{"rendered":"https:\/\/eticacomunica.com.mx\/?p=33841"},"modified":"2026-09-04T18:48:05","modified_gmt":"2026-09-05T01:48:05","slug":"investigadores-donan-fosiles-vegetales-para-su-custodia-y-exhibicion-a-confie","status":"publish","type":"post","link":"https:\/\/eticacomunica.com.mx\/?p=33841","title":{"rendered":"Investigadores donan f\u00f3siles vegetales para su custodia y exhibici\u00f3n a CONF\u00cdE"},"content":{"rendered":"\n<p class=\"wp-block-paragraph\">El director general del organismo estatal de ciencia, Dr. Samuel Octavio Ojeda Gast\u00e9lum, encabez\u00f3 el acto de entrega-recepci\u00f3n en el Santuario del Meteorito Bacubirito, en el museo del Centro de Ciencias de Sinaloa.<br><br>Culiac\u00e1n, Sinaloa, 4 de septiembre de 2026. CONF\u00cdE asume plenamente el deber y compromiso de proteger nuestro patrimonio material e inmaterial, puntualiz\u00f3 el titular de este organismo estatal de ciencia, Dr. Samuel Octavio Ojeda Gast\u00e9lum, en el acto protocolario de entrega-recepci\u00f3n de diverso material paleobot\u00e1nico, presumiblemente f\u00f3siles vegetales, consistente en un total de 84 trozos de madera petrificada, donado por el Dr. Bernardino L\u00f3pez Zamorano, el Ing. Ladislao Romero Boj\u00f3rquez y la Biol. Mariana Consuelo Romero Utrilla.<br><br>\u201cPor la importancia que revisten estos objetos, como CONF\u00cdE, asumimos la responsabilidad que implica recibir y ser depositario de estos bienes propiedad de la naci\u00f3n, no nuestros. Queremos ser custodios de ellos junto con el Instituto Nacional de Antropolog\u00eda e Historia, y reconocer que quienes hoy nos ceden su custodia, Mariana, Bernardino y Ladislao, est\u00e1n robusteciendo los bienes y la esencia de nuestra patria\u201d, expres\u00f3.<br><br>Por su parte, el director del Centro INAH estatal, Dr. Servando Rojo Quintero, destac\u00f3 que Sinaloa es un estado con mucho patrimonio paleontol\u00f3gico y arqueol\u00f3gico, y a quienes lo poseen se les llama custodios, tal es el caso de CONF\u00cdE y el Centro de Ciencias que se constituir\u00e1n en custodios de los f\u00f3siles vegetales donados.<br><br>Al hacer uso de la voz, el donante Ladislao Romero Boj\u00f3rquez relat\u00f3 que su primer encuentro con los f\u00f3siles vegetales sucedi\u00f3 en el verano de 1994, cuando al llegar a su casa en Culiac\u00e1n, despu\u00e9s de una lluvia, se encontr\u00f3 en una calle de terracer\u00eda lo que crey\u00f3 era un raro trozo de madera vieja, pero al tocarla se dio cuenta que se trataba de una roca, y ah\u00ed comenz\u00f3 un hobbie familiar que fue creciendo hasta convertir el hallazgo y recolecci\u00f3n de madera petrificada en el patrimonio que hoy donan.<br><br>A su vez, Bernardino L\u00f3pez Zamorano, se\u00f1al\u00f3 que la entrega de los f\u00f3siles significa tambi\u00e9n la oportunidad de que muchos estudiantes se interesen e investiguen a qu\u00e9 especies de \u00e1rboles pertenecieron, los tiempos y lugares en los que existieron, entre otras interrogantes cuyas respuestas abonar\u00e1n a la ciencia.<br><br>Despu\u00e9s de recibir el material, CONF\u00cdE procedi\u00f3 a realizar el embalaje de los bienes para su traslado y resguardo a cargo de la instituci\u00f3n, y de igual forma se presentar\u00e1 la solicitud de registro correspondiente ante el Instituto Nacional de Antropolog\u00eda e Historia (INAH).<br><br>La madera petrificada es el resultado de un proceso geol\u00f3gico \u00fanico con duraci\u00f3n de millones de a\u00f1os llamado permineralizaci\u00f3n, mediante el cual el material org\u00e1nico de un \u00e1rbol ha sido completamente reemplazado por minerales, convirti\u00e9ndolo en piedra sin perder su estructura interna original.<br><br>En el evento llevado a cabo en el Santuario del Meteorito Bacubirito, en el museo del Centro de Ciencias de Sinaloa, participaron el director ejecutivo del CCS, Ing. Jos\u00e9 Mar\u00eda Conde Uraga; y la secretaria t\u00e9cnica de CONF\u00cdE, Mtra. Nadia Marina Verdugo Montoya.<\/p>\n","protected":false},"excerpt":{"rendered":"<p>El director general del organismo estatal de ciencia, Dr. Samuel Octavio Ojeda Gast\u00e9lum, encabez\u00f3 el acto de entrega-recepci\u00f3n en el Santuario del Meteorito Bacubirito, en el museo del Centro de&hellip;<\/p>\n","protected":false},"author":1,"featured_media":33840,"comment_status":"open","ping_status":"open","sticky":false,"template":"","format":"standard","meta":{"_jetpack_newsletter_access":"","_jetpack_dont_email_post_to_subs":false,"_jetpack_newsletter_tier_id":0,"_jetpack_memberships_contains_paywalled_content":false,"_jetpack_feature_clip_id":0,"_jetpack_memberships_contains_paid_content":false,"footnotes":"","jetpack_publicize_message":"","jetpack_publicize_feature_enabled":true,"jetpack_social_post_already_shared":true,"jetpack_social_options":{"image_generator_settings":{"template":"highway","default_image_id":0,"font":"","enabled":false},"version":2},"jetpack_post_was_ever_published":false},"categories":[24],"tags":[],"class_list":["post-33841","post","type-post","status-publish","format-standard","has-post-thumbnail","hentry","category-estados"],"yoast_head":"<!-- This site is optimized with the Yoast SEO plugin v28.2 - https:\/\/yoast.com\/product\/yoast-seo-wordpress\/ -->\n<title>Investigadores donan f\u00f3siles vegetales para su custodia y exhibici\u00f3n a CONF\u00cdE - \u00c9tica Comunica<\/title>\n<meta name=\"robots\" content=\"index, follow, max-snippet:-1, max-image-preview:large, max-video-preview:-1\" \/>\n<link rel=\"canonical\" href=\"https:\/\/eticacomunica.com.mx\/?p=33841\" \/>\n<meta property=\"og:locale\" content=\"es_MX\" \/>\n<meta property=\"og:type\" content=\"article\" \/>\n<meta property=\"og:title\" content=\"Investigadores donan f\u00f3siles vegetales para su custodia y exhibici\u00f3n a CONF\u00cdE - \u00c9tica Comunica\" \/>\n<meta property=\"og:description\" content=\"El director general del organismo estatal de ciencia, Dr. Samuel Octavio Ojeda Gast\u00e9lum, encabez\u00f3 el acto de entrega-recepci\u00f3n en el Santuario del Meteorito Bacubirito, en el museo del Centro de&hellip;\" \/>\n<meta property=\"og:url\" content=\"https:\/\/eticacomunica.com.mx\/?p=33841\" \/>\n<meta property=\"og:site_name\" content=\"\u00c9tica Comunica\" \/>\n<meta property=\"article:publisher\" content=\"https:\/\/www.facebook.com\/eticacomunica\" \/>\n<meta property=\"article:published_time\" content=\"2026-09-05T01:48:05+00:00\" \/>\n<meta name=\"author\" content=\"etica\" \/>\n<meta name=\"twitter:card\" content=\"summary_large_image\" \/>\n<meta name=\"twitter:label1\" content=\"Escrito por\" \/>\n\t<meta name=\"twitter:data1\" content=\"etica\" \/>\n\t<meta name=\"twitter:label2\" content=\"Tiempo de lectura\" \/>\n\t<meta name=\"twitter:data2\" content=\"3 minutos\" \/>\n<script type=\"application\/ld+json\" class=\"yoast-schema-graph\">{\"@context\":\"https:\\\/\\\/schema.org\",\"@graph\":[{\"@type\":\"Article\",\"@id\":\"https:\\\/\\\/eticacomunica.com.mx\\\/?p=33841#article\",\"isPartOf\":{\"@id\":\"https:\\\/\\\/eticacomunica.com.mx\\\/?p=33841\"},\"author\":{\"name\":\"etica\",\"@id\":\"https:\\\/\\\/eticacomunica.com.mx\\\/#\\\/schema\\\/person\\\/2cacc47bd17fe8ad92f08c0313d22fa6\"},\"headline\":\"Investigadores donan f\u00f3siles vegetales para su custodia y exhibici\u00f3n a CONF\u00cdE\",\"datePublished\":\"2026-09-05T01:48:05+00:00\",\"mainEntityOfPage\":{\"@id\":\"https:\\\/\\\/eticacomunica.com.mx\\\/?p=33841\"},\"wordCount\":552,\"commentCount\":0,\"publisher\":{\"@id\":\"https:\\\/\\\/eticacomunica.com.mx\\\/#organization\"},\"image\":{\"@id\":\"https:\\\/\\\/eticacomunica.com.mx\\\/?p=33841#primaryimage\"},\"thumbnailUrl\":\"https:\\\/\\\/eticacomunica.com.mx\\\/wp-content\\\/uploads\\\/2026\\\/09\\\/IMG-20260904-WA0055.jpg\",\"articleSection\":[\"Estados\"],\"inLanguage\":\"es\",\"potentialAction\":[{\"@type\":\"CommentAction\",\"name\":\"Comment\",\"target\":[\"https:\\\/\\\/eticacomunica.com.mx\\\/?p=33841#respond\"]}]},{\"@type\":\"WebPage\",\"@id\":\"https:\\\/\\\/eticacomunica.com.mx\\\/?p=33841\",\"url\":\"https:\\\/\\\/eticacomunica.com.mx\\\/?p=33841\",\"name\":\"Investigadores donan f\u00f3siles vegetales para su custodia y exhibici\u00f3n a CONF\u00cdE - \u00c9tica Comunica\",\"isPartOf\":{\"@id\":\"https:\\\/\\\/eticacomunica.com.mx\\\/#website\"},\"primaryImageOfPage\":{\"@id\":\"https:\\\/\\\/eticacomunica.com.mx\\\/?p=33841#primaryimage\"},\"image\":{\"@id\":\"https:\\\/\\\/eticacomunica.com.mx\\\/?p=33841#primaryimage\"},\"thumbnailUrl\":\"https:\\\/\\\/eticacomunica.com.mx\\\/wp-content\\\/uploads\\\/2026\\\/09\\\/IMG-20260904-WA0055.jpg\",\"datePublished\":\"2026-09-05T01:48:05+00:00\",\"breadcrumb\":{\"@id\":\"https:\\\/\\\/eticacomunica.com.mx\\\/?p=33841#breadcrumb\"},\"inLanguage\":\"es\",\"potentialAction\":[{\"@type\":\"ReadAction\",\"target\":[\"https:\\\/\\\/eticacomunica.com.mx\\\/?p=33841\"]}]},{\"@type\":\"ImageObject\",\"inLanguage\":\"es\",\"@id\":\"https:\\\/\\\/eticacomunica.com.mx\\\/?p=33841#primaryimage\",\"url\":\"https:\\\/\\\/eticacomunica.com.mx\\\/wp-content\\\/uploads\\\/2026\\\/09\\\/IMG-20260904-WA0055.jpg\",\"contentUrl\":\"https:\\\/\\\/eticacomunica.com.mx\\\/wp-content\\\/uploads\\\/2026\\\/09\\\/IMG-20260904-WA0055.jpg\",\"width\":1600,\"height\":1066},{\"@type\":\"BreadcrumbList\",\"@id\":\"https:\\\/\\\/eticacomunica.com.mx\\\/?p=33841#breadcrumb\",\"itemListElement\":[{\"@type\":\"ListItem\",\"position\":1,\"name\":\"Inicio\",\"item\":\"https:\\\/\\\/eticacomunica.com.mx\\\/\"},{\"@type\":\"ListItem\",\"position\":2,\"name\":\"Investigadores donan f\u00f3siles vegetales para su custodia y exhibici\u00f3n a CONF\u00cdE\"}]},{\"@type\":\"WebSite\",\"@id\":\"https:\\\/\\\/eticacomunica.com.mx\\\/#website\",\"url\":\"https:\\\/\\\/eticacomunica.com.mx\\\/\",\"name\":\"\u00c9tica Comunica\",\"description\":\"Diario Digital\",\"publisher\":{\"@id\":\"https:\\\/\\\/eticacomunica.com.mx\\\/#organization\"},\"potentialAction\":[{\"@type\":\"SearchAction\",\"target\":{\"@type\":\"EntryPoint\",\"urlTemplate\":\"https:\\\/\\\/eticacomunica.com.mx\\\/?s={search_term_string}\"},\"query-input\":{\"@type\":\"PropertyValueSpecification\",\"valueRequired\":true,\"valueName\":\"search_term_string\"}}],\"inLanguage\":\"es\"},{\"@type\":\"Organization\",\"@id\":\"https:\\\/\\\/eticacomunica.com.mx\\\/#organization\",\"name\":\"Diarios Digitales de Sinaloa\",\"url\":\"https:\\\/\\\/eticacomunica.com.mx\\\/\",\"logo\":{\"@type\":\"ImageObject\",\"inLanguage\":\"es\",\"@id\":\"https:\\\/\\\/eticacomunica.com.mx\\\/#\\\/schema\\\/logo\\\/image\\\/\",\"url\":\"https:\\\/\\\/eticacomunica.com.mx\\\/wp-content\\\/uploads\\\/2023\\\/10\\\/etica-logo.png\",\"contentUrl\":\"https:\\\/\\\/eticacomunica.com.mx\\\/wp-content\\\/uploads\\\/2023\\\/10\\\/etica-logo.png\",\"width\":1280,\"height\":432,\"caption\":\"Diarios Digitales de Sinaloa\"},\"image\":{\"@id\":\"https:\\\/\\\/eticacomunica.com.mx\\\/#\\\/schema\\\/logo\\\/image\\\/\"},\"sameAs\":[\"https:\\\/\\\/www.facebook.com\\\/eticacomunica\"]},{\"@type\":\"Person\",\"@id\":\"https:\\\/\\\/eticacomunica.com.mx\\\/#\\\/schema\\\/person\\\/2cacc47bd17fe8ad92f08c0313d22fa6\",\"name\":\"etica\",\"image\":{\"@type\":\"ImageObject\",\"inLanguage\":\"es\",\"@id\":\"https:\\\/\\\/secure.gravatar.com\\\/avatar\\\/dfb45d32bc7097f8f06d6e4f6e6b387e7cb8fd5b3a2869265c40587ab62cab1e?s=96&d=mm&r=g\",\"url\":\"https:\\\/\\\/secure.gravatar.com\\\/avatar\\\/dfb45d32bc7097f8f06d6e4f6e6b387e7cb8fd5b3a2869265c40587ab62cab1e?s=96&d=mm&r=g\",\"contentUrl\":\"https:\\\/\\\/secure.gravatar.com\\\/avatar\\\/dfb45d32bc7097f8f06d6e4f6e6b387e7cb8fd5b3a2869265c40587ab62cab1e?s=96&d=mm&r=g\",\"caption\":\"etica\"},\"sameAs\":[\"https:\\\/\\\/eticacomunica.com.mx\"],\"url\":\"https:\\\/\\\/eticacomunica.com.mx\\\/?author=1\"}]}<\/script>\n<!-- \/ Yoast SEO plugin. -->","yoast_head_json":{"title":"Investigadores donan f\u00f3siles vegetales para su custodia y exhibici\u00f3n a CONF\u00cdE - \u00c9tica Comunica","robots":{"index":"index","follow":"follow","max-snippet":"max-snippet:-1","max-image-preview":"max-image-preview:large","max-video-preview":"max-video-preview:-1"},"canonical":"https:\/\/eticacomunica.com.mx\/?p=33841","og_locale":"es_MX","og_type":"article","og_title":"Investigadores donan f\u00f3siles vegetales para su custodia y exhibici\u00f3n a CONF\u00cdE - \u00c9tica Comunica","og_description":"El director general del organismo estatal de ciencia, Dr. Samuel Octavio Ojeda Gast\u00e9lum, encabez\u00f3 el acto de entrega-recepci\u00f3n en el Santuario del Meteorito Bacubirito, en el museo del Centro de&hellip;","og_url":"https:\/\/eticacomunica.com.mx\/?p=33841","og_site_name":"\u00c9tica Comunica","article_publisher":"https:\/\/www.facebook.com\/eticacomunica","article_published_time":"2026-09-05T01:48:05+00:00","author":"etica","twitter_card":"summary_large_image","twitter_misc":{"Escrito por":"etica","Tiempo de lectura":"3 minutos"},"schema":{"@context":"https:\/\/schema.org","@graph":[{"@type":"Article","@id":"https:\/\/eticacomunica.com.mx\/?p=33841#article","isPartOf":{"@id":"https:\/\/eticacomunica.com.mx\/?p=33841"},"author":{"name":"etica","@id":"https:\/\/eticacomunica.com.mx\/#\/schema\/person\/2cacc47bd17fe8ad92f08c0313d22fa6"},"headline":"Investigadores donan f\u00f3siles vegetales para su custodia y exhibici\u00f3n a CONF\u00cdE","datePublished":"2026-09-05T01:48:05+00:00","mainEntityOfPage":{"@id":"https:\/\/eticacomunica.com.mx\/?p=33841"},"wordCount":552,"commentCount":0,"publisher":{"@id":"https:\/\/eticacomunica.com.mx\/#organization"},"image":{"@id":"https:\/\/eticacomunica.com.mx\/?p=33841#primaryimage"},"thumbnailUrl":"https:\/\/eticacomunica.com.mx\/wp-content\/uploads\/2026\/09\/IMG-20260904-WA0055.jpg","articleSection":["Estados"],"inLanguage":"es","potentialAction":[{"@type":"CommentAction","name":"Comment","target":["https:\/\/eticacomunica.com.mx\/?p=33841#respond"]}]},{"@type":"WebPage","@id":"https:\/\/eticacomunica.com.mx\/?p=33841","url":"https:\/\/eticacomunica.com.mx\/?p=33841","name":"Investigadores donan f\u00f3siles vegetales para su custodia y exhibici\u00f3n a CONF\u00cdE - \u00c9tica Comunica","isPartOf":{"@id":"https:\/\/eticacomunica.com.mx\/#website"},"primaryImageOfPage":{"@id":"https:\/\/eticacomunica.com.mx\/?p=33841#primaryimage"},"image":{"@id":"https:\/\/eticacomunica.com.mx\/?p=33841#primaryimage"},"thumbnailUrl":"https:\/\/eticacomunica.com.mx\/wp-content\/uploads\/2026\/09\/IMG-20260904-WA0055.jpg","datePublished":"2026-09-05T01:48:05+00:00","breadcrumb":{"@id":"https:\/\/eticacomunica.com.mx\/?p=33841#breadcrumb"},"inLanguage":"es","potentialAction":[{"@type":"ReadAction","target":["https:\/\/eticacomunica.com.mx\/?p=33841"]}]},{"@type":"ImageObject","inLanguage":"es","@id":"https:\/\/eticacomunica.com.mx\/?p=33841#primaryimage","url":"https:\/\/eticacomunica.com.mx\/wp-content\/uploads\/2026\/09\/IMG-20260904-WA0055.jpg","contentUrl":"https:\/\/eticacomunica.com.mx\/wp-content\/uploads\/2026\/09\/IMG-20260904-WA0055.jpg","width":1600,"height":1066},{"@type":"BreadcrumbList","@id":"https:\/\/eticacomunica.com.mx\/?p=33841#breadcrumb","itemListElement":[{"@type":"ListItem","position":1,"name":"Inicio","item":"https:\/\/eticacomunica.com.mx\/"},{"@type":"ListItem","position":2,"name":"Investigadores donan f\u00f3siles vegetales para su custodia y exhibici\u00f3n a CONF\u00cdE"}]},{"@type":"WebSite","@id":"https:\/\/eticacomunica.com.mx\/#website","url":"https:\/\/eticacomunica.com.mx\/","name":"\u00c9tica Comunica","description":"Diario Digital","publisher":{"@id":"https:\/\/eticacomunica.com.mx\/#organization"},"potentialAction":[{"@type":"SearchAction","target":{"@type":"EntryPoint","urlTemplate":"https:\/\/eticacomunica.com.mx\/?s={search_term_string}"},"query-input":{"@type":"PropertyValueSpecification","valueRequired":true,"valueName":"search_term_string"}}],"inLanguage":"es"},{"@type":"Organization","@id":"https:\/\/eticacomunica.com.mx\/#organization","name":"Diarios Digitales de Sinaloa","url":"https:\/\/eticacomunica.com.mx\/","logo":{"@type":"ImageObject","inLanguage":"es","@id":"https:\/\/eticacomunica.com.mx\/#\/schema\/logo\/image\/","url":"https:\/\/eticacomunica.com.mx\/wp-content\/uploads\/2023\/10\/etica-logo.png","contentUrl":"https:\/\/eticacomunica.com.mx\/wp-content\/uploads\/2023\/10\/etica-logo.png","width":1280,"height":432,"caption":"Diarios Digitales de Sinaloa"},"image":{"@id":"https:\/\/eticacomunica.com.mx\/#\/schema\/logo\/image\/"},"sameAs":["https:\/\/www.facebook.com\/eticacomunica"]},{"@type":"Person","@id":"https:\/\/eticacomunica.com.mx\/#\/schema\/person\/2cacc47bd17fe8ad92f08c0313d22fa6","name":"etica","image":{"@type":"ImageObject","inLanguage":"es","@id":"https:\/\/secure.gravatar.com\/avatar\/dfb45d32bc7097f8f06d6e4f6e6b387e7cb8fd5b3a2869265c40587ab62cab1e?s=96&d=mm&r=g","url":"https:\/\/secure.gravatar.com\/avatar\/dfb45d32bc7097f8f06d6e4f6e6b387e7cb8fd5b3a2869265c40587ab62cab1e?s=96&d=mm&r=g","contentUrl":"https:\/\/secure.gravatar.com\/avatar\/dfb45d32bc7097f8f06d6e4f6e6b387e7cb8fd5b3a2869265c40587ab62cab1e?s=96&d=mm&r=g","caption":"etica"},"sameAs":["https:\/\/eticacomunica.com.mx"],"url":"https:\/\/eticacomunica.com.mx\/?author=1"}]}},"jetpack_publicize_connections":[],"jetpack_sharing_enabled":true,"jetpack_featured_media_url":"https:\/\/eticacomunica.com.mx\/wp-content\/uploads\/2026\/09\/IMG-20260904-WA0055.jpg","_links":{"self":[{"href":"https:\/\/eticacomunica.com.mx\/index.php?rest_route=\/wp\/v2\/posts\/33841","targetHints":{"allow":["GET"]}}],"collection":[{"href":"https:\/\/eticacomunica.com.mx\/index.php?rest_route=\/wp\/v2\/posts"}],"about":[{"href":"https:\/\/eticacomunica.com.mx\/index.php?rest_route=\/wp\/v2\/types\/post"}],"author":[{"embeddable":true,"href":"https:\/\/eticacomunica.com.mx\/index.php?rest_route=\/wp\/v2\/users\/1"}],"replies":[{"embeddable":true,"href":"https:\/\/eticacomunica.com.mx\/index.php?rest_route=%2Fwp%2Fv2%2Fcomments&post=33841"}],"version-history":[{"count":0,"href":"https:\/\/eticacomunica.com.mx\/index.php?rest_route=\/wp\/v2\/posts\/33841\/revisions"}],"wp:featuredmedia":[{"embeddable":true,"href":"https:\/\/eticacomunica.com.mx\/index.php?rest_route=\/wp\/v2\/media\/33840"}],"wp:attachment":[{"href":"https:\/\/eticacomunica.com.mx\/index.php?rest_route=%2Fwp%2Fv2%2Fmedia&parent=33841"}],"wp:term":[{"taxonomy":"category","embeddable":true,"href":"https:\/\/eticacomunica.com.mx\/index.php?rest_route=%2Fwp%2Fv2%2Fcategories&post=33841"},{"taxonomy":"post_tag","embeddable":true,"href":"https:\/\/eticacomunica.com.mx\/index.php?rest_route=%2Fwp%2Fv2%2Ftags&post=33841"}],"curies":[{"name":"wp","href":"https:\/\/api.w.org\/{rel}","templated":true}]}}