{"id":33845,"date":"2026-09-05T12:40:20","date_gmt":"2026-09-05T19:40:20","guid":{"rendered":"https:\/\/eticacomunica.com.mx\/?p=33845"},"modified":"2026-09-05T12:40:20","modified_gmt":"2026-09-05T19:40:20","slug":"plan-integral-de-seguridad-y-gobernabilidad-se-construira-con-opiniones-de-todos-los-sectores-gobernadora-graciela-dominguez-nava","status":"publish","type":"post","link":"https:\/\/eticacomunica.com.mx\/?p=33845","title":{"rendered":"Plan Integral de Seguridad y Gobernabilidad se construir\u00e1 con opiniones de todos los sectores: Gobernadora Graciela Dom\u00ednguez Nava"},"content":{"rendered":"\n<p class=\"wp-block-paragraph\">El reto es recuperar la seguridad y la paz para que la gente se sienta segura, afirma la mandataria estatal.<br><br>Se est\u00e1 trabajando para que las Fiestas Patrias y ceremonias del Grito de Independencia se lleven a cabo en todos los municipios.<br><br>*Mazatl\u00e1n, Sinaloa, a 5 de septiembre de 2026.-* El Plan Integral de Seguridad y Gobernabilidad est\u00e1 pensado en la gente, en el pueblo de Sinaloa, y se construye con la participaci\u00f3n de todos los sectores involucrados para recuperar la seguridad y la paz, afirm\u00f3 la gobernadora Graciela Dom\u00ednguez Nava.<br><br>Previo a la reuni\u00f3n con empresarios y directivos de las Asociaciones de Hoteles de Mazatl\u00e1n para escuchar sus planteamientos en torno al tema, la mandataria estatal precis\u00f3 que el Plan Integral de Seguridad y Gobernabilidad se nutrir\u00e1 con las opiniones de todas y todos los sinaloenses.<br><br>\u201cEstamos en eso, estamos validando una serie de datos presupuestales y tambi\u00e9n es parte de la escucha que queremos tener con los sectores involucrados, para que sea un Plan Integral de Seguridad y Gobernabilidad que implique, o m\u00e1s bien, ya est\u00e9 nutrido con las opiniones de los sectores involucrados y para nosotros es muy importante esta reuni\u00f3n con los hoteleros\u201d, indic\u00f3 Dom\u00ednguez Nava.<br><br>Dijo que se parte del reconocimiento del problema, sin minimizar ning\u00fan evento de delincuencia o inseguridad, para tener una visi\u00f3n m\u00e1s clara de la ruta a seguir para restablecer la seguridad y la paz.<br><br>Destac\u00f3 que el Plan est\u00e1 pensado en la gente, que recupere la confianza y se sientan seguros a donde vayan.<br><br>\u201cEste plan integral est\u00e1 pensado en la gente, en el pueblo de Sinaloa, lo que tiene que ver con el funcionamiento del gobierno es paralelo, por supuesto que tenemos que dar resultados, pero el Plan Integral no implica revisar c\u00f3mo se estructura el gobierno sino m\u00e1s bien acciones de gobierno para darle respuesta al pueblo de Sinaloa\u201d, expres\u00f3.<br><br>La mandataria estatal precis\u00f3 que \u201cla meta es que la gente recupere la confianza en su gobierno, que sepa que junto con su gobierno podemos construir a Sinaloa con paz y seguridad, y cuando la gente sienta la seguridad de salir a las calles, de sentirse a gusto en una plaza, en esa medida nosotros estaremos diciendo que est\u00e1 superado el problema de inseguridad, ese es el reto, que la gente se sienta segura\u201d.<br><br>Por lo pronto, asever\u00f3 Dom\u00ednguez Nava, se est\u00e1 trabajando actualmente en la organizaci\u00f3n de las Fiestas Patrias en todos los municipios, para que las ceremonias de El Grito y otras actividades se puedan desarrollar, ya que el objetivo es recuperar las calles y dem\u00e1s espacios, y el Gobierno del Estado, en equipo con la Federaci\u00f3n y las Fuerzas Armadas, se est\u00e1 ocupando de ello.<\/p>\n","protected":false},"excerpt":{"rendered":"<p>El reto es recuperar la seguridad y la paz para que la gente se sienta segura, afirma la mandataria estatal. Se est\u00e1 trabajando para que las Fiestas Patrias y ceremonias&hellip;<\/p>\n","protected":false},"author":1,"featured_media":33844,"comment_status":"open","ping_status":"open","sticky":false,"template":"","format":"standard","meta":{"_jetpack_newsletter_access":"","_jetpack_dont_email_post_to_subs":false,"_jetpack_newsletter_tier_id":0,"_jetpack_memberships_contains_paywalled_content":false,"_jetpack_feature_clip_id":0,"_jetpack_memberships_contains_paid_content":false,"footnotes":"","jetpack_publicize_message":"","jetpack_publicize_feature_enabled":true,"jetpack_social_post_already_shared":true,"jetpack_social_options":{"image_generator_settings":{"template":"highway","default_image_id":0,"font":"","enabled":false},"version":2},"jetpack_post_was_ever_published":false},"categories":[207,26],"tags":[34],"class_list":["post-33845","post","type-post","status-publish","format-standard","has-post-thumbnail","hentry","category-ges","category-portada","tag-gobierno-del-estado-de-sinaloa"],"yoast_head":"<!-- This site is optimized with the Yoast SEO plugin v28.2 - https:\/\/yoast.com\/product\/yoast-seo-wordpress\/ -->\n<title>Plan Integral de Seguridad y Gobernabilidad se construir\u00e1 con opiniones de todos los sectores: Gobernadora Graciela Dom\u00ednguez Nava - \u00c9tica Comunica<\/title>\n<meta name=\"robots\" content=\"index, follow, max-snippet:-1, max-image-preview:large, max-video-preview:-1\" \/>\n<link rel=\"canonical\" href=\"https:\/\/eticacomunica.com.mx\/?p=33845\" \/>\n<meta property=\"og:locale\" content=\"es_MX\" \/>\n<meta property=\"og:type\" content=\"article\" \/>\n<meta property=\"og:title\" content=\"Plan Integral de Seguridad y Gobernabilidad se construir\u00e1 con opiniones de todos los sectores: Gobernadora Graciela Dom\u00ednguez Nava - \u00c9tica Comunica\" \/>\n<meta property=\"og:description\" content=\"El reto es recuperar la seguridad y la paz para que la gente se sienta segura, afirma la mandataria estatal. Se est\u00e1 trabajando para que las Fiestas Patrias y ceremonias&hellip;\" \/>\n<meta property=\"og:url\" content=\"https:\/\/eticacomunica.com.mx\/?p=33845\" \/>\n<meta property=\"og:site_name\" content=\"\u00c9tica Comunica\" \/>\n<meta property=\"article:publisher\" content=\"https:\/\/www.facebook.com\/eticacomunica\" \/>\n<meta property=\"article:published_time\" content=\"2026-09-05T19:40:20+00:00\" \/>\n<meta name=\"author\" content=\"etica\" \/>\n<meta name=\"twitter:card\" content=\"summary_large_image\" \/>\n<meta name=\"twitter:label1\" content=\"Escrito por\" \/>\n\t<meta name=\"twitter:data1\" content=\"etica\" \/>\n\t<meta name=\"twitter:label2\" content=\"Tiempo de lectura\" \/>\n\t<meta name=\"twitter:data2\" content=\"2 minutos\" \/>\n<script type=\"application\/ld+json\" class=\"yoast-schema-graph\">{\"@context\":\"https:\\\/\\\/schema.org\",\"@graph\":[{\"@type\":\"Article\",\"@id\":\"https:\\\/\\\/eticacomunica.com.mx\\\/?p=33845#article\",\"isPartOf\":{\"@id\":\"https:\\\/\\\/eticacomunica.com.mx\\\/?p=33845\"},\"author\":{\"name\":\"etica\",\"@id\":\"https:\\\/\\\/eticacomunica.com.mx\\\/#\\\/schema\\\/person\\\/2cacc47bd17fe8ad92f08c0313d22fa6\"},\"headline\":\"Plan Integral de Seguridad y Gobernabilidad se construir\u00e1 con opiniones de todos los sectores: Gobernadora Graciela Dom\u00ednguez Nava\",\"datePublished\":\"2026-09-05T19:40:20+00:00\",\"mainEntityOfPage\":{\"@id\":\"https:\\\/\\\/eticacomunica.com.mx\\\/?p=33845\"},\"wordCount\":486,\"commentCount\":0,\"publisher\":{\"@id\":\"https:\\\/\\\/eticacomunica.com.mx\\\/#organization\"},\"image\":{\"@id\":\"https:\\\/\\\/eticacomunica.com.mx\\\/?p=33845#primaryimage\"},\"thumbnailUrl\":\"https:\\\/\\\/eticacomunica.com.mx\\\/wp-content\\\/uploads\\\/2026\\\/09\\\/IMG-20260905-WA0004.jpg\",\"keywords\":[\"Gobierno del Estado de Sinaloa\"],\"articleSection\":[\"GES\",\"Portada\"],\"inLanguage\":\"es\",\"potentialAction\":[{\"@type\":\"CommentAction\",\"name\":\"Comment\",\"target\":[\"https:\\\/\\\/eticacomunica.com.mx\\\/?p=33845#respond\"]}]},{\"@type\":\"WebPage\",\"@id\":\"https:\\\/\\\/eticacomunica.com.mx\\\/?p=33845\",\"url\":\"https:\\\/\\\/eticacomunica.com.mx\\\/?p=33845\",\"name\":\"Plan Integral de Seguridad y Gobernabilidad se construir\u00e1 con opiniones de todos los sectores: Gobernadora Graciela Dom\u00ednguez Nava - \u00c9tica Comunica\",\"isPartOf\":{\"@id\":\"https:\\\/\\\/eticacomunica.com.mx\\\/#website\"},\"primaryImageOfPage\":{\"@id\":\"https:\\\/\\\/eticacomunica.com.mx\\\/?p=33845#primaryimage\"},\"image\":{\"@id\":\"https:\\\/\\\/eticacomunica.com.mx\\\/?p=33845#primaryimage\"},\"thumbnailUrl\":\"https:\\\/\\\/eticacomunica.com.mx\\\/wp-content\\\/uploads\\\/2026\\\/09\\\/IMG-20260905-WA0004.jpg\",\"datePublished\":\"2026-09-05T19:40:20+00:00\",\"breadcrumb\":{\"@id\":\"https:\\\/\\\/eticacomunica.com.mx\\\/?p=33845#breadcrumb\"},\"inLanguage\":\"es\",\"potentialAction\":[{\"@type\":\"ReadAction\",\"target\":[\"https:\\\/\\\/eticacomunica.com.mx\\\/?p=33845\"]}]},{\"@type\":\"ImageObject\",\"inLanguage\":\"es\",\"@id\":\"https:\\\/\\\/eticacomunica.com.mx\\\/?p=33845#primaryimage\",\"url\":\"https:\\\/\\\/eticacomunica.com.mx\\\/wp-content\\\/uploads\\\/2026\\\/09\\\/IMG-20260905-WA0004.jpg\",\"contentUrl\":\"https:\\\/\\\/eticacomunica.com.mx\\\/wp-content\\\/uploads\\\/2026\\\/09\\\/IMG-20260905-WA0004.jpg\",\"width\":1600,\"height\":900},{\"@type\":\"BreadcrumbList\",\"@id\":\"https:\\\/\\\/eticacomunica.com.mx\\\/?p=33845#breadcrumb\",\"itemListElement\":[{\"@type\":\"ListItem\",\"position\":1,\"name\":\"Inicio\",\"item\":\"https:\\\/\\\/eticacomunica.com.mx\\\/\"},{\"@type\":\"ListItem\",\"position\":2,\"name\":\"Plan Integral de Seguridad y Gobernabilidad se construir\u00e1 con opiniones de todos los sectores: Gobernadora Graciela Dom\u00ednguez Nava\"}]},{\"@type\":\"WebSite\",\"@id\":\"https:\\\/\\\/eticacomunica.com.mx\\\/#website\",\"url\":\"https:\\\/\\\/eticacomunica.com.mx\\\/\",\"name\":\"\u00c9tica Comunica\",\"description\":\"Diario Digital\",\"publisher\":{\"@id\":\"https:\\\/\\\/eticacomunica.com.mx\\\/#organization\"},\"potentialAction\":[{\"@type\":\"SearchAction\",\"target\":{\"@type\":\"EntryPoint\",\"urlTemplate\":\"https:\\\/\\\/eticacomunica.com.mx\\\/?s={search_term_string}\"},\"query-input\":{\"@type\":\"PropertyValueSpecification\",\"valueRequired\":true,\"valueName\":\"search_term_string\"}}],\"inLanguage\":\"es\"},{\"@type\":\"Organization\",\"@id\":\"https:\\\/\\\/eticacomunica.com.mx\\\/#organization\",\"name\":\"Diarios Digitales de Sinaloa\",\"url\":\"https:\\\/\\\/eticacomunica.com.mx\\\/\",\"logo\":{\"@type\":\"ImageObject\",\"inLanguage\":\"es\",\"@id\":\"https:\\\/\\\/eticacomunica.com.mx\\\/#\\\/schema\\\/logo\\\/image\\\/\",\"url\":\"https:\\\/\\\/eticacomunica.com.mx\\\/wp-content\\\/uploads\\\/2023\\\/10\\\/etica-logo.png\",\"contentUrl\":\"https:\\\/\\\/eticacomunica.com.mx\\\/wp-content\\\/uploads\\\/2023\\\/10\\\/etica-logo.png\",\"width\":1280,\"height\":432,\"caption\":\"Diarios Digitales de Sinaloa\"},\"image\":{\"@id\":\"https:\\\/\\\/eticacomunica.com.mx\\\/#\\\/schema\\\/logo\\\/image\\\/\"},\"sameAs\":[\"https:\\\/\\\/www.facebook.com\\\/eticacomunica\"]},{\"@type\":\"Person\",\"@id\":\"https:\\\/\\\/eticacomunica.com.mx\\\/#\\\/schema\\\/person\\\/2cacc47bd17fe8ad92f08c0313d22fa6\",\"name\":\"etica\",\"image\":{\"@type\":\"ImageObject\",\"inLanguage\":\"es\",\"@id\":\"https:\\\/\\\/secure.gravatar.com\\\/avatar\\\/dfb45d32bc7097f8f06d6e4f6e6b387e7cb8fd5b3a2869265c40587ab62cab1e?s=96&d=mm&r=g\",\"url\":\"https:\\\/\\\/secure.gravatar.com\\\/avatar\\\/dfb45d32bc7097f8f06d6e4f6e6b387e7cb8fd5b3a2869265c40587ab62cab1e?s=96&d=mm&r=g\",\"contentUrl\":\"https:\\\/\\\/secure.gravatar.com\\\/avatar\\\/dfb45d32bc7097f8f06d6e4f6e6b387e7cb8fd5b3a2869265c40587ab62cab1e?s=96&d=mm&r=g\",\"caption\":\"etica\"},\"sameAs\":[\"https:\\\/\\\/eticacomunica.com.mx\"],\"url\":\"https:\\\/\\\/eticacomunica.com.mx\\\/?author=1\"}]}<\/script>\n<!-- \/ Yoast SEO plugin. -->","yoast_head_json":{"title":"Plan Integral de Seguridad y Gobernabilidad se construir\u00e1 con opiniones de todos los sectores: Gobernadora Graciela Dom\u00ednguez Nava - \u00c9tica Comunica","robots":{"index":"index","follow":"follow","max-snippet":"max-snippet:-1","max-image-preview":"max-image-preview:large","max-video-preview":"max-video-preview:-1"},"canonical":"https:\/\/eticacomunica.com.mx\/?p=33845","og_locale":"es_MX","og_type":"article","og_title":"Plan Integral de Seguridad y Gobernabilidad se construir\u00e1 con opiniones de todos los sectores: Gobernadora Graciela Dom\u00ednguez Nava - \u00c9tica Comunica","og_description":"El reto es recuperar la seguridad y la paz para que la gente se sienta segura, afirma la mandataria estatal. Se est\u00e1 trabajando para que las Fiestas Patrias y ceremonias&hellip;","og_url":"https:\/\/eticacomunica.com.mx\/?p=33845","og_site_name":"\u00c9tica Comunica","article_publisher":"https:\/\/www.facebook.com\/eticacomunica","article_published_time":"2026-09-05T19:40:20+00:00","author":"etica","twitter_card":"summary_large_image","twitter_misc":{"Escrito por":"etica","Tiempo de lectura":"2 minutos"},"schema":{"@context":"https:\/\/schema.org","@graph":[{"@type":"Article","@id":"https:\/\/eticacomunica.com.mx\/?p=33845#article","isPartOf":{"@id":"https:\/\/eticacomunica.com.mx\/?p=33845"},"author":{"name":"etica","@id":"https:\/\/eticacomunica.com.mx\/#\/schema\/person\/2cacc47bd17fe8ad92f08c0313d22fa6"},"headline":"Plan Integral de Seguridad y Gobernabilidad se construir\u00e1 con opiniones de todos los sectores: Gobernadora Graciela Dom\u00ednguez Nava","datePublished":"2026-09-05T19:40:20+00:00","mainEntityOfPage":{"@id":"https:\/\/eticacomunica.com.mx\/?p=33845"},"wordCount":486,"commentCount":0,"publisher":{"@id":"https:\/\/eticacomunica.com.mx\/#organization"},"image":{"@id":"https:\/\/eticacomunica.com.mx\/?p=33845#primaryimage"},"thumbnailUrl":"https:\/\/eticacomunica.com.mx\/wp-content\/uploads\/2026\/09\/IMG-20260905-WA0004.jpg","keywords":["Gobierno del Estado de Sinaloa"],"articleSection":["GES","Portada"],"inLanguage":"es","potentialAction":[{"@type":"CommentAction","name":"Comment","target":["https:\/\/eticacomunica.com.mx\/?p=33845#respond"]}]},{"@type":"WebPage","@id":"https:\/\/eticacomunica.com.mx\/?p=33845","url":"https:\/\/eticacomunica.com.mx\/?p=33845","name":"Plan Integral de Seguridad y Gobernabilidad se construir\u00e1 con opiniones de todos los sectores: Gobernadora Graciela Dom\u00ednguez Nava - \u00c9tica Comunica","isPartOf":{"@id":"https:\/\/eticacomunica.com.mx\/#website"},"primaryImageOfPage":{"@id":"https:\/\/eticacomunica.com.mx\/?p=33845#primaryimage"},"image":{"@id":"https:\/\/eticacomunica.com.mx\/?p=33845#primaryimage"},"thumbnailUrl":"https:\/\/eticacomunica.com.mx\/wp-content\/uploads\/2026\/09\/IMG-20260905-WA0004.jpg","datePublished":"2026-09-05T19:40:20+00:00","breadcrumb":{"@id":"https:\/\/eticacomunica.com.mx\/?p=33845#breadcrumb"},"inLanguage":"es","potentialAction":[{"@type":"ReadAction","target":["https:\/\/eticacomunica.com.mx\/?p=33845"]}]},{"@type":"ImageObject","inLanguage":"es","@id":"https:\/\/eticacomunica.com.mx\/?p=33845#primaryimage","url":"https:\/\/eticacomunica.com.mx\/wp-content\/uploads\/2026\/09\/IMG-20260905-WA0004.jpg","contentUrl":"https:\/\/eticacomunica.com.mx\/wp-content\/uploads\/2026\/09\/IMG-20260905-WA0004.jpg","width":1600,"height":900},{"@type":"BreadcrumbList","@id":"https:\/\/eticacomunica.com.mx\/?p=33845#breadcrumb","itemListElement":[{"@type":"ListItem","position":1,"name":"Inicio","item":"https:\/\/eticacomunica.com.mx\/"},{"@type":"ListItem","position":2,"name":"Plan Integral de Seguridad y Gobernabilidad se construir\u00e1 con opiniones de todos los sectores: Gobernadora Graciela Dom\u00ednguez Nava"}]},{"@type":"WebSite","@id":"https:\/\/eticacomunica.com.mx\/#website","url":"https:\/\/eticacomunica.com.mx\/","name":"\u00c9tica Comunica","description":"Diario Digital","publisher":{"@id":"https:\/\/eticacomunica.com.mx\/#organization"},"potentialAction":[{"@type":"SearchAction","target":{"@type":"EntryPoint","urlTemplate":"https:\/\/eticacomunica.com.mx\/?s={search_term_string}"},"query-input":{"@type":"PropertyValueSpecification","valueRequired":true,"valueName":"search_term_string"}}],"inLanguage":"es"},{"@type":"Organization","@id":"https:\/\/eticacomunica.com.mx\/#organization","name":"Diarios Digitales de Sinaloa","url":"https:\/\/eticacomunica.com.mx\/","logo":{"@type":"ImageObject","inLanguage":"es","@id":"https:\/\/eticacomunica.com.mx\/#\/schema\/logo\/image\/","url":"https:\/\/eticacomunica.com.mx\/wp-content\/uploads\/2023\/10\/etica-logo.png","contentUrl":"https:\/\/eticacomunica.com.mx\/wp-content\/uploads\/2023\/10\/etica-logo.png","width":1280,"height":432,"caption":"Diarios Digitales de Sinaloa"},"image":{"@id":"https:\/\/eticacomunica.com.mx\/#\/schema\/logo\/image\/"},"sameAs":["https:\/\/www.facebook.com\/eticacomunica"]},{"@type":"Person","@id":"https:\/\/eticacomunica.com.mx\/#\/schema\/person\/2cacc47bd17fe8ad92f08c0313d22fa6","name":"etica","image":{"@type":"ImageObject","inLanguage":"es","@id":"https:\/\/secure.gravatar.com\/avatar\/dfb45d32bc7097f8f06d6e4f6e6b387e7cb8fd5b3a2869265c40587ab62cab1e?s=96&d=mm&r=g","url":"https:\/\/secure.gravatar.com\/avatar\/dfb45d32bc7097f8f06d6e4f6e6b387e7cb8fd5b3a2869265c40587ab62cab1e?s=96&d=mm&r=g","contentUrl":"https:\/\/secure.gravatar.com\/avatar\/dfb45d32bc7097f8f06d6e4f6e6b387e7cb8fd5b3a2869265c40587ab62cab1e?s=96&d=mm&r=g","caption":"etica"},"sameAs":["https:\/\/eticacomunica.com.mx"],"url":"https:\/\/eticacomunica.com.mx\/?author=1"}]}},"jetpack_publicize_connections":[],"jetpack_sharing_enabled":true,"jetpack_featured_media_url":"https:\/\/eticacomunica.com.mx\/wp-content\/uploads\/2026\/09\/IMG-20260905-WA0004.jpg","_links":{"self":[{"href":"https:\/\/eticacomunica.com.mx\/index.php?rest_route=\/wp\/v2\/posts\/33845","targetHints":{"allow":["GET"]}}],"collection":[{"href":"https:\/\/eticacomunica.com.mx\/index.php?rest_route=\/wp\/v2\/posts"}],"about":[{"href":"https:\/\/eticacomunica.com.mx\/index.php?rest_route=\/wp\/v2\/types\/post"}],"author":[{"embeddable":true,"href":"https:\/\/eticacomunica.com.mx\/index.php?rest_route=\/wp\/v2\/users\/1"}],"replies":[{"embeddable":true,"href":"https:\/\/eticacomunica.com.mx\/index.php?rest_route=%2Fwp%2Fv2%2Fcomments&post=33845"}],"version-history":[{"count":0,"href":"https:\/\/eticacomunica.com.mx\/index.php?rest_route=\/wp\/v2\/posts\/33845\/revisions"}],"wp:featuredmedia":[{"embeddable":true,"href":"https:\/\/eticacomunica.com.mx\/index.php?rest_route=\/wp\/v2\/media\/33844"}],"wp:attachment":[{"href":"https:\/\/eticacomunica.com.mx\/index.php?rest_route=%2Fwp%2Fv2%2Fmedia&parent=33845"}],"wp:term":[{"taxonomy":"category","embeddable":true,"href":"https:\/\/eticacomunica.com.mx\/index.php?rest_route=%2Fwp%2Fv2%2Fcategories&post=33845"},{"taxonomy":"post_tag","embeddable":true,"href":"https:\/\/eticacomunica.com.mx\/index.php?rest_route=%2Fwp%2Fv2%2Ftags&post=33845"}],"curies":[{"name":"wp","href":"https:\/\/api.w.org\/{rel}","templated":true}]}}