{"id":33853,"date":"2026-09-06T11:28:55","date_gmt":"2026-09-06T18:28:55","guid":{"rendered":"https:\/\/eticacomunica.com.mx\/?p=33853"},"modified":"2026-09-06T11:28:55","modified_gmt":"2026-09-06T18:28:55","slug":"cosmogonias-tradicion-historia-y-conspiracion-de-yaz-gonzalez-se-inaugura-en-galeria-rubio","status":"publish","type":"post","link":"https:\/\/eticacomunica.com.mx\/?p=33853","title":{"rendered":"\u201cCosmogon\u00edas\u201d Tradici\u00f3n, Historia y Conspiraci\u00f3n, de Yaz Gonz\u00e1lez, se inaugura en Galer\u00eda Rubio"},"content":{"rendered":"\n<p class=\"wp-block-paragraph\">Mazatl\u00e1n, Sinaloa, 05 de septiembre de 2026.- La noche del 4 de septiembre, la Galer\u00eda Rubio se convirti\u00f3 en el escenario ideal para que la artista pl\u00e1stica Yaz Gonz\u00e1lez inaugurara \u201cCosmogon\u00edas: Tradici\u00f3n, Historia y Conspiraci\u00f3n\u201d. En esta, su primera exposici\u00f3n individual, la creadora sumerge al espectador en un universo de mitos, s\u00edmbolos y diversas miradas sobre el origen de la humanidad.<br><br>Ante la presencia de amigos, colegas, estudiantes, y p\u00fablico en general, la mazatleca y sus hijas cortaron el list\u00f3n inaugural abriendo las puertas de la galer\u00eda para que los visitantes aprecien las m\u00e1s de 20 piezas elaboradas en distintas t\u00e9cnicas, tama\u00f1os y colores sobre sus creaciones con las cuales espera hacerlos reflexionar <br><br>Durante la velada, M\u00f3nica Rice, coordinadora de Artes Pl\u00e1sticas del Centro Municipal de las Artes (CMA), ofreci\u00f3 las palabras de bienvenida. En su intervenci\u00f3n, destac\u00f3 la alta calidad de las obras expuestas por la graduada de la carrera T\u00e9cnica en Artes Pl\u00e1sticas del ciclo escolar saliente.<br><br><br>Durante su intervenci\u00f3n, la autora comparti\u00f3 que el concepto de esta muestra naci\u00f3 hace un a\u00f1o como su proyecto final de graduaci\u00f3n. Tras recibir la invitaci\u00f3n para exhibirlo, se dedic\u00f3 a estructurar una propuesta multidisciplinaria que re\u00fane piezas elaboradas con diversas t\u00e9cnicas, como dibujo a tinta, collage, acr\u00edlico, \u00f3leo, carboncillo, acuarela, as\u00ed como escultura en cart\u00f3n y barro.<br><br>\u201cEn esta colecci\u00f3n busco la manera en como las culturas de todo el mundo se entrelacen, busco darle el significado al origen del hombre en el mundo, todo de distintas formas, teor\u00edas, conspiraciones, quiero entender como lo divino se junt\u00f3 con algo m\u00e1s y nos dio forma\u201d, explic\u00f3 Yaz. <br><br>Para formalizar la apertura, la Maestra Zoila Fern\u00e1ndez, directora art\u00edstica del Instituto Municipal de Cultura, Turismo y Arte de Mazatl\u00e1n, inaugur\u00f3 la exposici\u00f3n en punto de las 19:08 horas. En su mensaje, reiter\u00f3 el compromiso de la instituci\u00f3n con la comunidad art\u00edstica y la sociedad mazatleca de continuar fortaleciendo el alma y la imaginaci\u00f3n a trav\u00e9s del arte.<br><br>\u201cCosmogon\u00edas\u201d Tradici\u00f3n, Historia y Conspiraci\u00f3n, estar\u00e1 abierta de manera gratuita para todo p\u00fablico a partir del 04 de septiembre hasta el 02 de octubre, de lunes a viernes de 09:00 horas a 14:00, y de 16:00 a 19:00, s\u00e1bado de 09:00 a 13:00 horas.<\/p>\n","protected":false},"excerpt":{"rendered":"<p>Mazatl\u00e1n, Sinaloa, 05 de septiembre de 2026.- La noche del 4 de septiembre, la Galer\u00eda Rubio se convirti\u00f3 en el escenario ideal para que la artista pl\u00e1stica Yaz Gonz\u00e1lez inaugurara&hellip;<\/p>\n","protected":false},"author":1,"featured_media":33852,"comment_status":"open","ping_status":"open","sticky":false,"template":"","format":"standard","meta":{"_jetpack_newsletter_access":"","_jetpack_dont_email_post_to_subs":false,"_jetpack_newsletter_tier_id":0,"_jetpack_memberships_contains_paywalled_content":false,"_jetpack_feature_clip_id":0,"_jetpack_memberships_contains_paid_content":false,"footnotes":"","jetpack_publicize_message":"","jetpack_publicize_feature_enabled":true,"jetpack_social_post_already_shared":true,"jetpack_social_options":{"image_generator_settings":{"template":"highway","default_image_id":0,"font":"","enabled":false},"version":2},"jetpack_post_was_ever_published":false},"categories":[22],"tags":[],"class_list":["post-33853","post","type-post","status-publish","format-standard","has-post-thumbnail","hentry","category-cultura"],"yoast_head":"<!-- This site is optimized with the Yoast SEO plugin v28.4 - https:\/\/yoast.com\/product\/yoast-seo-wordpress\/ -->\n<title>\u201cCosmogon\u00edas\u201d Tradici\u00f3n, Historia y Conspiraci\u00f3n, de Yaz Gonz\u00e1lez, se inaugura en Galer\u00eda Rubio - \u00c9tica Comunica<\/title>\n<meta name=\"robots\" content=\"index, follow, max-snippet:-1, max-image-preview:large, max-video-preview:-1\" \/>\n<link rel=\"canonical\" href=\"https:\/\/eticacomunica.com.mx\/?p=33853\" \/>\n<meta property=\"og:locale\" content=\"es_MX\" \/>\n<meta property=\"og:type\" content=\"article\" \/>\n<meta property=\"og:title\" content=\"\u201cCosmogon\u00edas\u201d Tradici\u00f3n, Historia y Conspiraci\u00f3n, de Yaz Gonz\u00e1lez, se inaugura en Galer\u00eda Rubio - \u00c9tica Comunica\" \/>\n<meta property=\"og:description\" content=\"Mazatl\u00e1n, Sinaloa, 05 de septiembre de 2026.- La noche del 4 de septiembre, la Galer\u00eda Rubio se convirti\u00f3 en el escenario ideal para que la artista pl\u00e1stica Yaz Gonz\u00e1lez inaugurara&hellip;\" \/>\n<meta property=\"og:url\" content=\"https:\/\/eticacomunica.com.mx\/?p=33853\" \/>\n<meta property=\"og:site_name\" content=\"\u00c9tica Comunica\" \/>\n<meta property=\"article:publisher\" content=\"https:\/\/www.facebook.com\/eticacomunica\" \/>\n<meta property=\"article:published_time\" content=\"2026-09-06T18:28:55+00:00\" \/>\n<meta name=\"author\" content=\"etica\" \/>\n<meta name=\"twitter:card\" content=\"summary_large_image\" \/>\n<meta name=\"twitter:label1\" content=\"Escrito por\" \/>\n\t<meta name=\"twitter:data1\" content=\"etica\" \/>\n\t<meta name=\"twitter:label2\" content=\"Tiempo de lectura\" \/>\n\t<meta name=\"twitter:data2\" content=\"2 minutos\" \/>\n<script type=\"application\/ld+json\" class=\"yoast-schema-graph\">{\"@context\":\"https:\\\/\\\/schema.org\",\"@graph\":[{\"@type\":\"Article\",\"@id\":\"https:\\\/\\\/eticacomunica.com.mx\\\/?p=33853#article\",\"isPartOf\":{\"@id\":\"https:\\\/\\\/eticacomunica.com.mx\\\/?p=33853\"},\"author\":{\"name\":\"etica\",\"@id\":\"https:\\\/\\\/eticacomunica.com.mx\\\/#\\\/schema\\\/person\\\/2cacc47bd17fe8ad92f08c0313d22fa6\"},\"headline\":\"\u201cCosmogon\u00edas\u201d Tradici\u00f3n, Historia y Conspiraci\u00f3n, de Yaz Gonz\u00e1lez, se inaugura en Galer\u00eda Rubio\",\"datePublished\":\"2026-09-06T18:28:55+00:00\",\"mainEntityOfPage\":{\"@id\":\"https:\\\/\\\/eticacomunica.com.mx\\\/?p=33853\"},\"wordCount\":418,\"commentCount\":0,\"publisher\":{\"@id\":\"https:\\\/\\\/eticacomunica.com.mx\\\/#organization\"},\"image\":{\"@id\":\"https:\\\/\\\/eticacomunica.com.mx\\\/?p=33853#primaryimage\"},\"thumbnailUrl\":\"https:\\\/\\\/eticacomunica.com.mx\\\/wp-content\\\/uploads\\\/2026\\\/09\\\/IMG-20260905-WA0008.jpg\",\"articleSection\":[\"Cultura\"],\"inLanguage\":\"es\",\"potentialAction\":[{\"@type\":\"CommentAction\",\"name\":\"Comment\",\"target\":[\"https:\\\/\\\/eticacomunica.com.mx\\\/?p=33853#respond\"]}]},{\"@type\":\"WebPage\",\"@id\":\"https:\\\/\\\/eticacomunica.com.mx\\\/?p=33853\",\"url\":\"https:\\\/\\\/eticacomunica.com.mx\\\/?p=33853\",\"name\":\"\u201cCosmogon\u00edas\u201d Tradici\u00f3n, Historia y Conspiraci\u00f3n, de Yaz Gonz\u00e1lez, se inaugura en Galer\u00eda Rubio - \u00c9tica Comunica\",\"isPartOf\":{\"@id\":\"https:\\\/\\\/eticacomunica.com.mx\\\/#website\"},\"primaryImageOfPage\":{\"@id\":\"https:\\\/\\\/eticacomunica.com.mx\\\/?p=33853#primaryimage\"},\"image\":{\"@id\":\"https:\\\/\\\/eticacomunica.com.mx\\\/?p=33853#primaryimage\"},\"thumbnailUrl\":\"https:\\\/\\\/eticacomunica.com.mx\\\/wp-content\\\/uploads\\\/2026\\\/09\\\/IMG-20260905-WA0008.jpg\",\"datePublished\":\"2026-09-06T18:28:55+00:00\",\"breadcrumb\":{\"@id\":\"https:\\\/\\\/eticacomunica.com.mx\\\/?p=33853#breadcrumb\"},\"inLanguage\":\"es\",\"potentialAction\":[{\"@type\":\"ReadAction\",\"target\":[\"https:\\\/\\\/eticacomunica.com.mx\\\/?p=33853\"]}]},{\"@type\":\"ImageObject\",\"inLanguage\":\"es\",\"@id\":\"https:\\\/\\\/eticacomunica.com.mx\\\/?p=33853#primaryimage\",\"url\":\"https:\\\/\\\/eticacomunica.com.mx\\\/wp-content\\\/uploads\\\/2026\\\/09\\\/IMG-20260905-WA0008.jpg\",\"contentUrl\":\"https:\\\/\\\/eticacomunica.com.mx\\\/wp-content\\\/uploads\\\/2026\\\/09\\\/IMG-20260905-WA0008.jpg\",\"width\":1384,\"height\":924},{\"@type\":\"BreadcrumbList\",\"@id\":\"https:\\\/\\\/eticacomunica.com.mx\\\/?p=33853#breadcrumb\",\"itemListElement\":[{\"@type\":\"ListItem\",\"position\":1,\"name\":\"Inicio\",\"item\":\"https:\\\/\\\/eticacomunica.com.mx\\\/\"},{\"@type\":\"ListItem\",\"position\":2,\"name\":\"\u201cCosmogon\u00edas\u201d Tradici\u00f3n, Historia y Conspiraci\u00f3n, de Yaz Gonz\u00e1lez, se inaugura en Galer\u00eda Rubio\"}]},{\"@type\":\"WebSite\",\"@id\":\"https:\\\/\\\/eticacomunica.com.mx\\\/#website\",\"url\":\"https:\\\/\\\/eticacomunica.com.mx\\\/\",\"name\":\"\u00c9tica Comunica\",\"description\":\"Diario Digital\",\"publisher\":{\"@id\":\"https:\\\/\\\/eticacomunica.com.mx\\\/#organization\"},\"potentialAction\":[{\"@type\":\"SearchAction\",\"target\":{\"@type\":\"EntryPoint\",\"urlTemplate\":\"https:\\\/\\\/eticacomunica.com.mx\\\/?s={search_term_string}\"},\"query-input\":{\"@type\":\"PropertyValueSpecification\",\"valueRequired\":true,\"valueName\":\"search_term_string\"}}],\"inLanguage\":\"es\"},{\"@type\":\"Organization\",\"@id\":\"https:\\\/\\\/eticacomunica.com.mx\\\/#organization\",\"name\":\"Diarios Digitales de Sinaloa\",\"url\":\"https:\\\/\\\/eticacomunica.com.mx\\\/\",\"logo\":{\"@type\":\"ImageObject\",\"inLanguage\":\"es\",\"@id\":\"https:\\\/\\\/eticacomunica.com.mx\\\/#\\\/schema\\\/logo\\\/image\\\/\",\"url\":\"https:\\\/\\\/eticacomunica.com.mx\\\/wp-content\\\/uploads\\\/2023\\\/10\\\/etica-logo.png\",\"contentUrl\":\"https:\\\/\\\/eticacomunica.com.mx\\\/wp-content\\\/uploads\\\/2023\\\/10\\\/etica-logo.png\",\"width\":1280,\"height\":432,\"caption\":\"Diarios Digitales de Sinaloa\"},\"image\":{\"@id\":\"https:\\\/\\\/eticacomunica.com.mx\\\/#\\\/schema\\\/logo\\\/image\\\/\"},\"sameAs\":[\"https:\\\/\\\/www.facebook.com\\\/eticacomunica\"]},{\"@type\":\"Person\",\"@id\":\"https:\\\/\\\/eticacomunica.com.mx\\\/#\\\/schema\\\/person\\\/2cacc47bd17fe8ad92f08c0313d22fa6\",\"name\":\"etica\",\"image\":{\"@type\":\"ImageObject\",\"inLanguage\":\"es\",\"@id\":\"https:\\\/\\\/secure.gravatar.com\\\/avatar\\\/dfb45d32bc7097f8f06d6e4f6e6b387e7cb8fd5b3a2869265c40587ab62cab1e?s=96&d=mm&r=g\",\"url\":\"https:\\\/\\\/secure.gravatar.com\\\/avatar\\\/dfb45d32bc7097f8f06d6e4f6e6b387e7cb8fd5b3a2869265c40587ab62cab1e?s=96&d=mm&r=g\",\"contentUrl\":\"https:\\\/\\\/secure.gravatar.com\\\/avatar\\\/dfb45d32bc7097f8f06d6e4f6e6b387e7cb8fd5b3a2869265c40587ab62cab1e?s=96&d=mm&r=g\",\"caption\":\"etica\"},\"sameAs\":[\"https:\\\/\\\/eticacomunica.com.mx\"],\"url\":\"https:\\\/\\\/eticacomunica.com.mx\\\/?author=1\"}]}<\/script>\n<!-- \/ Yoast SEO plugin. -->","yoast_head_json":{"title":"\u201cCosmogon\u00edas\u201d Tradici\u00f3n, Historia y Conspiraci\u00f3n, de Yaz Gonz\u00e1lez, se inaugura en Galer\u00eda Rubio - \u00c9tica Comunica","robots":{"index":"index","follow":"follow","max-snippet":"max-snippet:-1","max-image-preview":"max-image-preview:large","max-video-preview":"max-video-preview:-1"},"canonical":"https:\/\/eticacomunica.com.mx\/?p=33853","og_locale":"es_MX","og_type":"article","og_title":"\u201cCosmogon\u00edas\u201d Tradici\u00f3n, Historia y Conspiraci\u00f3n, de Yaz Gonz\u00e1lez, se inaugura en Galer\u00eda Rubio - \u00c9tica Comunica","og_description":"Mazatl\u00e1n, Sinaloa, 05 de septiembre de 2026.- La noche del 4 de septiembre, la Galer\u00eda Rubio se convirti\u00f3 en el escenario ideal para que la artista pl\u00e1stica Yaz Gonz\u00e1lez inaugurara&hellip;","og_url":"https:\/\/eticacomunica.com.mx\/?p=33853","og_site_name":"\u00c9tica Comunica","article_publisher":"https:\/\/www.facebook.com\/eticacomunica","article_published_time":"2026-09-06T18:28:55+00:00","author":"etica","twitter_card":"summary_large_image","twitter_misc":{"Escrito por":"etica","Tiempo de lectura":"2 minutos"},"schema":{"@context":"https:\/\/schema.org","@graph":[{"@type":"Article","@id":"https:\/\/eticacomunica.com.mx\/?p=33853#article","isPartOf":{"@id":"https:\/\/eticacomunica.com.mx\/?p=33853"},"author":{"name":"etica","@id":"https:\/\/eticacomunica.com.mx\/#\/schema\/person\/2cacc47bd17fe8ad92f08c0313d22fa6"},"headline":"\u201cCosmogon\u00edas\u201d Tradici\u00f3n, Historia y Conspiraci\u00f3n, de Yaz Gonz\u00e1lez, se inaugura en Galer\u00eda Rubio","datePublished":"2026-09-06T18:28:55+00:00","mainEntityOfPage":{"@id":"https:\/\/eticacomunica.com.mx\/?p=33853"},"wordCount":418,"commentCount":0,"publisher":{"@id":"https:\/\/eticacomunica.com.mx\/#organization"},"image":{"@id":"https:\/\/eticacomunica.com.mx\/?p=33853#primaryimage"},"thumbnailUrl":"https:\/\/eticacomunica.com.mx\/wp-content\/uploads\/2026\/09\/IMG-20260905-WA0008.jpg","articleSection":["Cultura"],"inLanguage":"es","potentialAction":[{"@type":"CommentAction","name":"Comment","target":["https:\/\/eticacomunica.com.mx\/?p=33853#respond"]}]},{"@type":"WebPage","@id":"https:\/\/eticacomunica.com.mx\/?p=33853","url":"https:\/\/eticacomunica.com.mx\/?p=33853","name":"\u201cCosmogon\u00edas\u201d Tradici\u00f3n, Historia y Conspiraci\u00f3n, de Yaz Gonz\u00e1lez, se inaugura en Galer\u00eda Rubio - \u00c9tica Comunica","isPartOf":{"@id":"https:\/\/eticacomunica.com.mx\/#website"},"primaryImageOfPage":{"@id":"https:\/\/eticacomunica.com.mx\/?p=33853#primaryimage"},"image":{"@id":"https:\/\/eticacomunica.com.mx\/?p=33853#primaryimage"},"thumbnailUrl":"https:\/\/eticacomunica.com.mx\/wp-content\/uploads\/2026\/09\/IMG-20260905-WA0008.jpg","datePublished":"2026-09-06T18:28:55+00:00","breadcrumb":{"@id":"https:\/\/eticacomunica.com.mx\/?p=33853#breadcrumb"},"inLanguage":"es","potentialAction":[{"@type":"ReadAction","target":["https:\/\/eticacomunica.com.mx\/?p=33853"]}]},{"@type":"ImageObject","inLanguage":"es","@id":"https:\/\/eticacomunica.com.mx\/?p=33853#primaryimage","url":"https:\/\/eticacomunica.com.mx\/wp-content\/uploads\/2026\/09\/IMG-20260905-WA0008.jpg","contentUrl":"https:\/\/eticacomunica.com.mx\/wp-content\/uploads\/2026\/09\/IMG-20260905-WA0008.jpg","width":1384,"height":924},{"@type":"BreadcrumbList","@id":"https:\/\/eticacomunica.com.mx\/?p=33853#breadcrumb","itemListElement":[{"@type":"ListItem","position":1,"name":"Inicio","item":"https:\/\/eticacomunica.com.mx\/"},{"@type":"ListItem","position":2,"name":"\u201cCosmogon\u00edas\u201d Tradici\u00f3n, Historia y Conspiraci\u00f3n, de Yaz Gonz\u00e1lez, se inaugura en Galer\u00eda Rubio"}]},{"@type":"WebSite","@id":"https:\/\/eticacomunica.com.mx\/#website","url":"https:\/\/eticacomunica.com.mx\/","name":"\u00c9tica Comunica","description":"Diario Digital","publisher":{"@id":"https:\/\/eticacomunica.com.mx\/#organization"},"potentialAction":[{"@type":"SearchAction","target":{"@type":"EntryPoint","urlTemplate":"https:\/\/eticacomunica.com.mx\/?s={search_term_string}"},"query-input":{"@type":"PropertyValueSpecification","valueRequired":true,"valueName":"search_term_string"}}],"inLanguage":"es"},{"@type":"Organization","@id":"https:\/\/eticacomunica.com.mx\/#organization","name":"Diarios Digitales de Sinaloa","url":"https:\/\/eticacomunica.com.mx\/","logo":{"@type":"ImageObject","inLanguage":"es","@id":"https:\/\/eticacomunica.com.mx\/#\/schema\/logo\/image\/","url":"https:\/\/eticacomunica.com.mx\/wp-content\/uploads\/2023\/10\/etica-logo.png","contentUrl":"https:\/\/eticacomunica.com.mx\/wp-content\/uploads\/2023\/10\/etica-logo.png","width":1280,"height":432,"caption":"Diarios Digitales de Sinaloa"},"image":{"@id":"https:\/\/eticacomunica.com.mx\/#\/schema\/logo\/image\/"},"sameAs":["https:\/\/www.facebook.com\/eticacomunica"]},{"@type":"Person","@id":"https:\/\/eticacomunica.com.mx\/#\/schema\/person\/2cacc47bd17fe8ad92f08c0313d22fa6","name":"etica","image":{"@type":"ImageObject","inLanguage":"es","@id":"https:\/\/secure.gravatar.com\/avatar\/dfb45d32bc7097f8f06d6e4f6e6b387e7cb8fd5b3a2869265c40587ab62cab1e?s=96&d=mm&r=g","url":"https:\/\/secure.gravatar.com\/avatar\/dfb45d32bc7097f8f06d6e4f6e6b387e7cb8fd5b3a2869265c40587ab62cab1e?s=96&d=mm&r=g","contentUrl":"https:\/\/secure.gravatar.com\/avatar\/dfb45d32bc7097f8f06d6e4f6e6b387e7cb8fd5b3a2869265c40587ab62cab1e?s=96&d=mm&r=g","caption":"etica"},"sameAs":["https:\/\/eticacomunica.com.mx"],"url":"https:\/\/eticacomunica.com.mx\/?author=1"}]}},"jetpack_publicize_connections":[],"jetpack_sharing_enabled":true,"jetpack_featured_media_url":"https:\/\/eticacomunica.com.mx\/wp-content\/uploads\/2026\/09\/IMG-20260905-WA0008.jpg","_links":{"self":[{"href":"https:\/\/eticacomunica.com.mx\/index.php?rest_route=\/wp\/v2\/posts\/33853","targetHints":{"allow":["GET"]}}],"collection":[{"href":"https:\/\/eticacomunica.com.mx\/index.php?rest_route=\/wp\/v2\/posts"}],"about":[{"href":"https:\/\/eticacomunica.com.mx\/index.php?rest_route=\/wp\/v2\/types\/post"}],"author":[{"embeddable":true,"href":"https:\/\/eticacomunica.com.mx\/index.php?rest_route=\/wp\/v2\/users\/1"}],"replies":[{"embeddable":true,"href":"https:\/\/eticacomunica.com.mx\/index.php?rest_route=%2Fwp%2Fv2%2Fcomments&post=33853"}],"version-history":[{"count":0,"href":"https:\/\/eticacomunica.com.mx\/index.php?rest_route=\/wp\/v2\/posts\/33853\/revisions"}],"wp:featuredmedia":[{"embeddable":true,"href":"https:\/\/eticacomunica.com.mx\/index.php?rest_route=\/wp\/v2\/media\/33852"}],"wp:attachment":[{"href":"https:\/\/eticacomunica.com.mx\/index.php?rest_route=%2Fwp%2Fv2%2Fmedia&parent=33853"}],"wp:term":[{"taxonomy":"category","embeddable":true,"href":"https:\/\/eticacomunica.com.mx\/index.php?rest_route=%2Fwp%2Fv2%2Fcategories&post=33853"},{"taxonomy":"post_tag","embeddable":true,"href":"https:\/\/eticacomunica.com.mx\/index.php?rest_route=%2Fwp%2Fv2%2Ftags&post=33853"}],"curies":[{"name":"wp","href":"https:\/\/api.w.org\/{rel}","templated":true}]}}