{"id":3892,"date":"2021-05-01T16:04:04","date_gmt":"2021-05-01T22:04:04","guid":{"rendered":"https:\/\/eticacomunica.com.mx\/?p=3892"},"modified":"2021-05-01T16:04:06","modified_gmt":"2021-05-01T22:04:06","slug":"mario-zamora-y-la-rebelion-de-las-jefas","status":"publish","type":"post","link":"https:\/\/eticacomunica.com.mx\/?p=3892","title":{"rendered":"Mario Zamora y la rebeli\u00f3n de &#8220;las jefas&#8221;"},"content":{"rendered":"\n<p class=\"wp-block-paragraph\">Culiac\u00e1n, Sinaloa, a 1 de mayo del 2021.- Ni Mario Zamora vio venir aquella estampa de un Sal\u00f3n 53 atestado de mujeres. Las mujeres delante de \u00e9l, no atr\u00e1s ni a un lado. Al frente. M\u00e1s de mil 200 mujeres daban vida a una cruzada, a una rebeli\u00f3n de tacones por el pr\u00f3ximo gobernador de Sinaloa.<\/p>\n\n\n\n<p class=\"wp-block-paragraph\">Desde la antesala del sal\u00f3n va sinti\u00e9ndose la esencia de mujer.<\/p>\n\n\n\n<p class=\"wp-block-paragraph\">Llegaron empresarias desde muy temprano. Ac\u00e1 gritaban las de la industria textil. All\u00e1 las amas de casa bailaban la canci\u00f3n de campa\u00f1a de Mario Zamora.<\/p>\n\n\n\n<p class=\"wp-block-paragraph\">Las mujeres del tianguis de la Huizaches se sacaban una selfie grupal con el candidato de la coalici\u00f3n Va por Sinaloa.<\/p>\n\n\n\n<p class=\"wp-block-paragraph\">&nbsp;Las trabajadoras de gobierno y las j\u00f3venes bailaban. Las amas de casa aguardaban al saludo y se atrev\u00edan con uno que otro grito.<\/p>\n\n\n\n<p class=\"wp-block-paragraph\">Previo al arranque del evento el presentador les pidi\u00f3 ponerse de pie. Tacones firmes y las manos en alto. Entonces m\u00e1s de mil pu\u00f1os empezaron a azotar el aire. M\u00e1s de mil mujeres gritando duro, duro, duro.<\/p>\n\n\n\n<p class=\"wp-block-paragraph\">Mujeres que llegaron en cami\u00f3n urbano, en sus veh\u00edculos, de raite con la amiga.<\/p>\n\n\n\n<p class=\"wp-block-paragraph\">Las mujeres, de las que Mario Zamora ha dicho que estar\u00e1n en la toma de decisiones de su gobierno, las que lo llevar\u00e1n a la victoria el pr\u00f3ximo 6 de junio, en las elecciones en que habr\u00e1 de renovarse la gubernatura.<\/p>\n\n\n\n<p class=\"wp-block-paragraph\">Por amor a Sinaloa nos hemos reunido, dijo Irma Moreno, presidenta del Organismo Estatal de Mujeres Priistas.<\/p>\n\n\n\n<p class=\"wp-block-paragraph\">Leti Castillo, l\u00edder de las mujeres de la industria textil de Sinaloa, se puso sincera.<\/p>\n\n\n\n<p class=\"wp-block-paragraph\">&#8220;No te conoc\u00eda, Mario. Yo no iba a votar pero ahora s\u00ed voy a votar por esta alianza&#8230;No me rajo. Porque soy mujer de palabra por eso estoy aqu\u00ed. Porque lo que digo te lo cumplo&#8221;.<\/p>\n\n\n\n<p class=\"wp-block-paragraph\">Sus palabras provocaron el esc\u00e1ndalo, los gritos. Y es que con casi nada explotaba la algarab\u00eda.<\/p>\n\n\n\n<p class=\"wp-block-paragraph\">Wendy Ibarra, esposa de Mario Zamora, tambi\u00e9n habl\u00f3: &#8220;Mi Mario trae en el alma y el coraz\u00f3n defender a las mujeres. Es un hombre de palabra. No se raja. Con mi Mario Zamora si se van a hacer las cosas&#8221;.<\/p>\n\n\n\n<p class=\"wp-block-paragraph\">Luego Gloria Salazar, empleada de gobierno que fue secretaria de Zamora en la Secretar\u00eda de Administraci\u00f3n y Finanzas, record\u00f3 cuando futureaba: &#8220;Usted al rato va a ser el candidato a gobernador. Se me fue lejos. Y ahora lo quiero como gobernador de Sinaloa. Voten por \u00e9l&#8221;.<\/p>\n\n\n\n<p class=\"wp-block-paragraph\">Eran las due\u00f1as, las jefas, las patronas. Su libertad y alegr\u00eda por una campa\u00f1a que sube y sube y suma y suma conciencias. &#8220;Habr\u00e1 futuro para ti puro pa&#8217;delante&#8221;, dice el jingle.<\/p>\n\n\n\n<p class=\"wp-block-paragraph\">Mario Zamora estaba ante ellas. Las mil 200 mujeres. Todas aquellas que hab\u00edan ido a verlo, a escucharlo.<\/p>\n\n\n\n<p class=\"wp-block-paragraph\">&#8220;No entiendo el mejor desarrollo de Sinaloa sin las mujeres. Vamos a hacer un gobierno de mujeres, con mujeres y para las mujeres&#8221;.<\/p>\n\n\n\n<p class=\"wp-block-paragraph\">Son mi apuesta, le dijo. &#8220;Mujeres, en ustedes est\u00e1 el triunfo. De su mano, con ustedes, es como vamos a ganar. De su mano y con ustedes es como vamos a gobernar&#8221;.<\/p>\n\n\n\n<p class=\"wp-block-paragraph\">Las mil 200 mujeres se enfilaron en busca de las salidas del sal\u00f3n 53. Iban a sus colonias, volver\u00e1n a sus oficinas, a sus c\u00edrculos de amigas, a las esquinas, a las plazas comerciales y parques p\u00fablicos a replicar el mensaje: votemos por Mario Zamora.<\/p>\n\n\n\n<p class=\"wp-block-paragraph\">Y el mensaje empez\u00f3 a esparcirse, a dispersarse, a diseminarse por todos lados desde este Sal\u00f3n 53, en el sector Tres R\u00edos de Culiac\u00e1n. Y ya llega a las calles y avenidas, por las colonias y fraccionamientos, all\u00e1 por las lomas de la Rosario Uz\u00e1rraga, por los vados de la 6 de Enero, en Las Quintas y la Guadalupe, en La Conquista y Santa Fe, sobre la 7 Gotas, la Buenos Aires y Alturas del Sur. Es la rebeli\u00f3n de las jefas, que hablan de Mario Zamora, quien quiere ser su empleado.<\/p>\n\n\n\n<div class=\"wp-block-jetpack-tiled-gallery aligncenter is-style-rectangular\"><div class=\"tiled-gallery__gallery\"><div class=\"tiled-gallery__row\"><div class=\"tiled-gallery__col\" style=\"flex-basis:66.78756%\"><figure class=\"tiled-gallery__item\"><img decoding=\"async\" srcset=\"https:\/\/i1.wp.com\/eticacomunica.com.mx\/wp-content\/uploads\/2021\/05\/9f5b6fd9-a6cd-42e5-9065-25493ec7951e.jpg?strip=info&#038;w=600&#038;ssl=1 600w,https:\/\/i1.wp.com\/eticacomunica.com.mx\/wp-content\/uploads\/2021\/05\/9f5b6fd9-a6cd-42e5-9065-25493ec7951e.jpg?strip=info&#038;w=900&#038;ssl=1 900w,https:\/\/i1.wp.com\/eticacomunica.com.mx\/wp-content\/uploads\/2021\/05\/9f5b6fd9-a6cd-42e5-9065-25493ec7951e.jpg?strip=info&#038;w=1024&#038;ssl=1 1024w\" alt=\"\" data-height=\"682\" data-id=\"3894\" data-link=\"https:\/\/eticacomunica.com.mx\/?attachment_id=3894\" data-url=\"https:\/\/eticacomunica.com.mx\/wp-content\/uploads\/2021\/05\/9f5b6fd9-a6cd-42e5-9065-25493ec7951e.jpg\" data-width=\"1024\" src=\"https:\/\/i1.wp.com\/eticacomunica.com.mx\/wp-content\/uploads\/2021\/05\/9f5b6fd9-a6cd-42e5-9065-25493ec7951e.jpg?ssl=1\" data-amp-layout=\"responsive\"\/><\/figure><\/div><div class=\"tiled-gallery__col\" style=\"flex-basis:33.21244%\"><figure class=\"tiled-gallery__item\"><img decoding=\"async\" srcset=\"https:\/\/i0.wp.com\/eticacomunica.com.mx\/wp-content\/uploads\/2021\/05\/bafe1a9f-3d87-4612-84d8-06d9c0fed2b8.jpg?strip=info&#038;w=600&#038;ssl=1 600w,https:\/\/i0.wp.com\/eticacomunica.com.mx\/wp-content\/uploads\/2021\/05\/bafe1a9f-3d87-4612-84d8-06d9c0fed2b8.jpg?strip=info&#038;w=900&#038;ssl=1 900w,https:\/\/i0.wp.com\/eticacomunica.com.mx\/wp-content\/uploads\/2021\/05\/bafe1a9f-3d87-4612-84d8-06d9c0fed2b8.jpg?strip=info&#038;w=1024&#038;ssl=1 1024w\" alt=\"\" data-height=\"682\" data-id=\"3895\" data-link=\"https:\/\/eticacomunica.com.mx\/?attachment_id=3895\" data-url=\"https:\/\/eticacomunica.com.mx\/wp-content\/uploads\/2021\/05\/bafe1a9f-3d87-4612-84d8-06d9c0fed2b8.jpg\" data-width=\"1024\" src=\"https:\/\/i0.wp.com\/eticacomunica.com.mx\/wp-content\/uploads\/2021\/05\/bafe1a9f-3d87-4612-84d8-06d9c0fed2b8.jpg?ssl=1\" data-amp-layout=\"responsive\"\/><\/figure><figure class=\"tiled-gallery__item\"><img decoding=\"async\" srcset=\"https:\/\/i2.wp.com\/eticacomunica.com.mx\/wp-content\/uploads\/2021\/05\/31aebc13-37ac-4fb4-83a5-a17c5f191397.jpg?strip=info&#038;w=600&#038;ssl=1 600w,https:\/\/i2.wp.com\/eticacomunica.com.mx\/wp-content\/uploads\/2021\/05\/31aebc13-37ac-4fb4-83a5-a17c5f191397.jpg?strip=info&#038;w=900&#038;ssl=1 900w,https:\/\/i2.wp.com\/eticacomunica.com.mx\/wp-content\/uploads\/2021\/05\/31aebc13-37ac-4fb4-83a5-a17c5f191397.jpg?strip=info&#038;w=1024&#038;ssl=1 1024w\" alt=\"\" data-height=\"682\" data-id=\"3896\" data-link=\"https:\/\/eticacomunica.com.mx\/?attachment_id=3896\" data-url=\"https:\/\/eticacomunica.com.mx\/wp-content\/uploads\/2021\/05\/31aebc13-37ac-4fb4-83a5-a17c5f191397.jpg\" data-width=\"1024\" src=\"https:\/\/i2.wp.com\/eticacomunica.com.mx\/wp-content\/uploads\/2021\/05\/31aebc13-37ac-4fb4-83a5-a17c5f191397.jpg?ssl=1\" data-amp-layout=\"responsive\"\/><\/figure><\/div><\/div><\/div><\/div>\n","protected":false},"excerpt":{"rendered":"<p>Culiac\u00e1n, Sinaloa, a 1 de mayo del 2021.- Ni Mario Zamora vio venir aquella estampa de un Sal\u00f3n 53 atestado de mujeres. Las mujeres delante de \u00e9l, no atr\u00e1s ni&hellip;<\/p>\n","protected":false},"author":1,"featured_media":3893,"comment_status":"open","ping_status":"open","sticky":false,"template":"","format":"standard","meta":{"_jetpack_newsletter_access":"","_jetpack_dont_email_post_to_subs":false,"_jetpack_newsletter_tier_id":0,"_jetpack_memberships_contains_paywalled_content":false,"_jetpack_feature_clip_id":0,"_jetpack_memberships_contains_paid_content":false,"footnotes":"","jetpack_publicize_message":"","jetpack_publicize_feature_enabled":true,"jetpack_social_post_already_shared":true,"jetpack_social_options":{"image_generator_settings":{"template":"highway","default_image_id":0,"font":"","enabled":false},"version":2},"jetpack_post_was_ever_published":false},"categories":[26],"tags":[140,124,46],"class_list":["post-3892","post","type-post","status-publish","format-standard","has-post-thumbnail","hentry","category-portada","tag-mario-zamora","tag-pri","tag-sinaloa"],"yoast_head":"<!-- This site is optimized with the Yoast SEO plugin v28.2 - https:\/\/yoast.com\/product\/yoast-seo-wordpress\/ -->\n<title>Mario Zamora y la rebeli\u00f3n de &quot;las jefas&quot; - \u00c9tica Comunica<\/title>\n<meta name=\"robots\" content=\"index, follow, max-snippet:-1, max-image-preview:large, max-video-preview:-1\" \/>\n<link rel=\"canonical\" href=\"https:\/\/eticacomunica.com.mx\/?p=3892\" \/>\n<meta property=\"og:locale\" content=\"es_MX\" \/>\n<meta property=\"og:type\" content=\"article\" \/>\n<meta property=\"og:title\" content=\"Mario Zamora y la rebeli\u00f3n de &quot;las jefas&quot; - \u00c9tica Comunica\" \/>\n<meta property=\"og:description\" content=\"Culiac\u00e1n, Sinaloa, a 1 de mayo del 2021.- Ni Mario Zamora vio venir aquella estampa de un Sal\u00f3n 53 atestado de mujeres. Las mujeres delante de \u00e9l, no atr\u00e1s ni&hellip;\" \/>\n<meta property=\"og:url\" content=\"https:\/\/eticacomunica.com.mx\/?p=3892\" \/>\n<meta property=\"og:site_name\" content=\"\u00c9tica Comunica\" \/>\n<meta property=\"article:publisher\" content=\"https:\/\/www.facebook.com\/eticacomunica\" \/>\n<meta property=\"article:published_time\" content=\"2021-05-01T22:04:04+00:00\" \/>\n<meta property=\"article:modified_time\" content=\"2021-05-01T22:04:06+00:00\" \/>\n<meta property=\"og:image\" content=\"https:\/\/eticacomunica.com.mx\/wp-content\/uploads\/2021\/05\/a68742c3-fa55-45a8-a949-30beffd3bf20.jpg\" \/>\n\t<meta property=\"og:image:width\" content=\"1024\" \/>\n\t<meta property=\"og:image:height\" content=\"682\" \/>\n\t<meta property=\"og:image:type\" content=\"image\/jpeg\" \/>\n<meta name=\"author\" content=\"etica\" \/>\n<meta name=\"twitter:card\" content=\"summary_large_image\" \/>\n<meta name=\"twitter:label1\" content=\"Escrito por\" \/>\n\t<meta name=\"twitter:data1\" content=\"etica\" \/>\n\t<meta name=\"twitter:label2\" content=\"Tiempo de lectura\" \/>\n\t<meta name=\"twitter:data2\" content=\"3 minutos\" \/>\n<script type=\"application\/ld+json\" class=\"yoast-schema-graph\">{\"@context\":\"https:\\\/\\\/schema.org\",\"@graph\":[{\"@type\":\"Article\",\"@id\":\"https:\\\/\\\/eticacomunica.com.mx\\\/?p=3892#article\",\"isPartOf\":{\"@id\":\"https:\\\/\\\/eticacomunica.com.mx\\\/?p=3892\"},\"author\":{\"name\":\"etica\",\"@id\":\"https:\\\/\\\/eticacomunica.com.mx\\\/#\\\/schema\\\/person\\\/2cacc47bd17fe8ad92f08c0313d22fa6\"},\"headline\":\"Mario Zamora y la rebeli\u00f3n de &#8220;las jefas&#8221;\",\"datePublished\":\"2021-05-01T22:04:04+00:00\",\"dateModified\":\"2021-05-01T22:04:06+00:00\",\"mainEntityOfPage\":{\"@id\":\"https:\\\/\\\/eticacomunica.com.mx\\\/?p=3892\"},\"wordCount\":683,\"commentCount\":0,\"publisher\":{\"@id\":\"https:\\\/\\\/eticacomunica.com.mx\\\/#organization\"},\"image\":{\"@id\":\"https:\\\/\\\/eticacomunica.com.mx\\\/?p=3892#primaryimage\"},\"thumbnailUrl\":\"https:\\\/\\\/eticacomunica.com.mx\\\/wp-content\\\/uploads\\\/2021\\\/05\\\/a68742c3-fa55-45a8-a949-30beffd3bf20.jpg\",\"keywords\":[\"Mario Zamora\",\"PRI\",\"Sinaloa\"],\"articleSection\":[\"Portada\"],\"inLanguage\":\"es\",\"potentialAction\":[{\"@type\":\"CommentAction\",\"name\":\"Comment\",\"target\":[\"https:\\\/\\\/eticacomunica.com.mx\\\/?p=3892#respond\"]}]},{\"@type\":\"WebPage\",\"@id\":\"https:\\\/\\\/eticacomunica.com.mx\\\/?p=3892\",\"url\":\"https:\\\/\\\/eticacomunica.com.mx\\\/?p=3892\",\"name\":\"Mario Zamora y la rebeli\u00f3n de \\\"las jefas\\\" - \u00c9tica Comunica\",\"isPartOf\":{\"@id\":\"https:\\\/\\\/eticacomunica.com.mx\\\/#website\"},\"primaryImageOfPage\":{\"@id\":\"https:\\\/\\\/eticacomunica.com.mx\\\/?p=3892#primaryimage\"},\"image\":{\"@id\":\"https:\\\/\\\/eticacomunica.com.mx\\\/?p=3892#primaryimage\"},\"thumbnailUrl\":\"https:\\\/\\\/eticacomunica.com.mx\\\/wp-content\\\/uploads\\\/2021\\\/05\\\/a68742c3-fa55-45a8-a949-30beffd3bf20.jpg\",\"datePublished\":\"2021-05-01T22:04:04+00:00\",\"dateModified\":\"2021-05-01T22:04:06+00:00\",\"breadcrumb\":{\"@id\":\"https:\\\/\\\/eticacomunica.com.mx\\\/?p=3892#breadcrumb\"},\"inLanguage\":\"es\",\"potentialAction\":[{\"@type\":\"ReadAction\",\"target\":[\"https:\\\/\\\/eticacomunica.com.mx\\\/?p=3892\"]}]},{\"@type\":\"ImageObject\",\"inLanguage\":\"es\",\"@id\":\"https:\\\/\\\/eticacomunica.com.mx\\\/?p=3892#primaryimage\",\"url\":\"https:\\\/\\\/eticacomunica.com.mx\\\/wp-content\\\/uploads\\\/2021\\\/05\\\/a68742c3-fa55-45a8-a949-30beffd3bf20.jpg\",\"contentUrl\":\"https:\\\/\\\/eticacomunica.com.mx\\\/wp-content\\\/uploads\\\/2021\\\/05\\\/a68742c3-fa55-45a8-a949-30beffd3bf20.jpg\",\"width\":1024,\"height\":682},{\"@type\":\"BreadcrumbList\",\"@id\":\"https:\\\/\\\/eticacomunica.com.mx\\\/?p=3892#breadcrumb\",\"itemListElement\":[{\"@type\":\"ListItem\",\"position\":1,\"name\":\"Inicio\",\"item\":\"https:\\\/\\\/eticacomunica.com.mx\\\/\"},{\"@type\":\"ListItem\",\"position\":2,\"name\":\"Mario Zamora y la rebeli\u00f3n de &#8220;las jefas&#8221;\"}]},{\"@type\":\"WebSite\",\"@id\":\"https:\\\/\\\/eticacomunica.com.mx\\\/#website\",\"url\":\"https:\\\/\\\/eticacomunica.com.mx\\\/\",\"name\":\"\u00c9tica Comunica\",\"description\":\"Diario Digital\",\"publisher\":{\"@id\":\"https:\\\/\\\/eticacomunica.com.mx\\\/#organization\"},\"potentialAction\":[{\"@type\":\"SearchAction\",\"target\":{\"@type\":\"EntryPoint\",\"urlTemplate\":\"https:\\\/\\\/eticacomunica.com.mx\\\/?s={search_term_string}\"},\"query-input\":{\"@type\":\"PropertyValueSpecification\",\"valueRequired\":true,\"valueName\":\"search_term_string\"}}],\"inLanguage\":\"es\"},{\"@type\":\"Organization\",\"@id\":\"https:\\\/\\\/eticacomunica.com.mx\\\/#organization\",\"name\":\"Diarios Digitales de Sinaloa\",\"url\":\"https:\\\/\\\/eticacomunica.com.mx\\\/\",\"logo\":{\"@type\":\"ImageObject\",\"inLanguage\":\"es\",\"@id\":\"https:\\\/\\\/eticacomunica.com.mx\\\/#\\\/schema\\\/logo\\\/image\\\/\",\"url\":\"https:\\\/\\\/eticacomunica.com.mx\\\/wp-content\\\/uploads\\\/2023\\\/10\\\/etica-logo.png\",\"contentUrl\":\"https:\\\/\\\/eticacomunica.com.mx\\\/wp-content\\\/uploads\\\/2023\\\/10\\\/etica-logo.png\",\"width\":1280,\"height\":432,\"caption\":\"Diarios Digitales de Sinaloa\"},\"image\":{\"@id\":\"https:\\\/\\\/eticacomunica.com.mx\\\/#\\\/schema\\\/logo\\\/image\\\/\"},\"sameAs\":[\"https:\\\/\\\/www.facebook.com\\\/eticacomunica\"]},{\"@type\":\"Person\",\"@id\":\"https:\\\/\\\/eticacomunica.com.mx\\\/#\\\/schema\\\/person\\\/2cacc47bd17fe8ad92f08c0313d22fa6\",\"name\":\"etica\",\"image\":{\"@type\":\"ImageObject\",\"inLanguage\":\"es\",\"@id\":\"https:\\\/\\\/secure.gravatar.com\\\/avatar\\\/dfb45d32bc7097f8f06d6e4f6e6b387e7cb8fd5b3a2869265c40587ab62cab1e?s=96&d=mm&r=g\",\"url\":\"https:\\\/\\\/secure.gravatar.com\\\/avatar\\\/dfb45d32bc7097f8f06d6e4f6e6b387e7cb8fd5b3a2869265c40587ab62cab1e?s=96&d=mm&r=g\",\"contentUrl\":\"https:\\\/\\\/secure.gravatar.com\\\/avatar\\\/dfb45d32bc7097f8f06d6e4f6e6b387e7cb8fd5b3a2869265c40587ab62cab1e?s=96&d=mm&r=g\",\"caption\":\"etica\"},\"sameAs\":[\"https:\\\/\\\/eticacomunica.com.mx\"],\"url\":\"https:\\\/\\\/eticacomunica.com.mx\\\/?author=1\"}]}<\/script>\n<!-- \/ Yoast SEO plugin. -->","yoast_head_json":{"title":"Mario Zamora y la rebeli\u00f3n de \"las jefas\" - \u00c9tica Comunica","robots":{"index":"index","follow":"follow","max-snippet":"max-snippet:-1","max-image-preview":"max-image-preview:large","max-video-preview":"max-video-preview:-1"},"canonical":"https:\/\/eticacomunica.com.mx\/?p=3892","og_locale":"es_MX","og_type":"article","og_title":"Mario Zamora y la rebeli\u00f3n de \"las jefas\" - \u00c9tica Comunica","og_description":"Culiac\u00e1n, Sinaloa, a 1 de mayo del 2021.- Ni Mario Zamora vio venir aquella estampa de un Sal\u00f3n 53 atestado de mujeres. Las mujeres delante de \u00e9l, no atr\u00e1s ni&hellip;","og_url":"https:\/\/eticacomunica.com.mx\/?p=3892","og_site_name":"\u00c9tica Comunica","article_publisher":"https:\/\/www.facebook.com\/eticacomunica","article_published_time":"2021-05-01T22:04:04+00:00","article_modified_time":"2021-05-01T22:04:06+00:00","og_image":[{"width":1024,"height":682,"url":"https:\/\/eticacomunica.com.mx\/wp-content\/uploads\/2021\/05\/a68742c3-fa55-45a8-a949-30beffd3bf20.jpg","type":"image\/jpeg"}],"author":"etica","twitter_card":"summary_large_image","twitter_misc":{"Escrito por":"etica","Tiempo de lectura":"3 minutos"},"schema":{"@context":"https:\/\/schema.org","@graph":[{"@type":"Article","@id":"https:\/\/eticacomunica.com.mx\/?p=3892#article","isPartOf":{"@id":"https:\/\/eticacomunica.com.mx\/?p=3892"},"author":{"name":"etica","@id":"https:\/\/eticacomunica.com.mx\/#\/schema\/person\/2cacc47bd17fe8ad92f08c0313d22fa6"},"headline":"Mario Zamora y la rebeli\u00f3n de &#8220;las jefas&#8221;","datePublished":"2021-05-01T22:04:04+00:00","dateModified":"2021-05-01T22:04:06+00:00","mainEntityOfPage":{"@id":"https:\/\/eticacomunica.com.mx\/?p=3892"},"wordCount":683,"commentCount":0,"publisher":{"@id":"https:\/\/eticacomunica.com.mx\/#organization"},"image":{"@id":"https:\/\/eticacomunica.com.mx\/?p=3892#primaryimage"},"thumbnailUrl":"https:\/\/eticacomunica.com.mx\/wp-content\/uploads\/2021\/05\/a68742c3-fa55-45a8-a949-30beffd3bf20.jpg","keywords":["Mario Zamora","PRI","Sinaloa"],"articleSection":["Portada"],"inLanguage":"es","potentialAction":[{"@type":"CommentAction","name":"Comment","target":["https:\/\/eticacomunica.com.mx\/?p=3892#respond"]}]},{"@type":"WebPage","@id":"https:\/\/eticacomunica.com.mx\/?p=3892","url":"https:\/\/eticacomunica.com.mx\/?p=3892","name":"Mario Zamora y la rebeli\u00f3n de \"las jefas\" - \u00c9tica Comunica","isPartOf":{"@id":"https:\/\/eticacomunica.com.mx\/#website"},"primaryImageOfPage":{"@id":"https:\/\/eticacomunica.com.mx\/?p=3892#primaryimage"},"image":{"@id":"https:\/\/eticacomunica.com.mx\/?p=3892#primaryimage"},"thumbnailUrl":"https:\/\/eticacomunica.com.mx\/wp-content\/uploads\/2021\/05\/a68742c3-fa55-45a8-a949-30beffd3bf20.jpg","datePublished":"2021-05-01T22:04:04+00:00","dateModified":"2021-05-01T22:04:06+00:00","breadcrumb":{"@id":"https:\/\/eticacomunica.com.mx\/?p=3892#breadcrumb"},"inLanguage":"es","potentialAction":[{"@type":"ReadAction","target":["https:\/\/eticacomunica.com.mx\/?p=3892"]}]},{"@type":"ImageObject","inLanguage":"es","@id":"https:\/\/eticacomunica.com.mx\/?p=3892#primaryimage","url":"https:\/\/eticacomunica.com.mx\/wp-content\/uploads\/2021\/05\/a68742c3-fa55-45a8-a949-30beffd3bf20.jpg","contentUrl":"https:\/\/eticacomunica.com.mx\/wp-content\/uploads\/2021\/05\/a68742c3-fa55-45a8-a949-30beffd3bf20.jpg","width":1024,"height":682},{"@type":"BreadcrumbList","@id":"https:\/\/eticacomunica.com.mx\/?p=3892#breadcrumb","itemListElement":[{"@type":"ListItem","position":1,"name":"Inicio","item":"https:\/\/eticacomunica.com.mx\/"},{"@type":"ListItem","position":2,"name":"Mario Zamora y la rebeli\u00f3n de &#8220;las jefas&#8221;"}]},{"@type":"WebSite","@id":"https:\/\/eticacomunica.com.mx\/#website","url":"https:\/\/eticacomunica.com.mx\/","name":"\u00c9tica Comunica","description":"Diario Digital","publisher":{"@id":"https:\/\/eticacomunica.com.mx\/#organization"},"potentialAction":[{"@type":"SearchAction","target":{"@type":"EntryPoint","urlTemplate":"https:\/\/eticacomunica.com.mx\/?s={search_term_string}"},"query-input":{"@type":"PropertyValueSpecification","valueRequired":true,"valueName":"search_term_string"}}],"inLanguage":"es"},{"@type":"Organization","@id":"https:\/\/eticacomunica.com.mx\/#organization","name":"Diarios Digitales de Sinaloa","url":"https:\/\/eticacomunica.com.mx\/","logo":{"@type":"ImageObject","inLanguage":"es","@id":"https:\/\/eticacomunica.com.mx\/#\/schema\/logo\/image\/","url":"https:\/\/eticacomunica.com.mx\/wp-content\/uploads\/2023\/10\/etica-logo.png","contentUrl":"https:\/\/eticacomunica.com.mx\/wp-content\/uploads\/2023\/10\/etica-logo.png","width":1280,"height":432,"caption":"Diarios Digitales de Sinaloa"},"image":{"@id":"https:\/\/eticacomunica.com.mx\/#\/schema\/logo\/image\/"},"sameAs":["https:\/\/www.facebook.com\/eticacomunica"]},{"@type":"Person","@id":"https:\/\/eticacomunica.com.mx\/#\/schema\/person\/2cacc47bd17fe8ad92f08c0313d22fa6","name":"etica","image":{"@type":"ImageObject","inLanguage":"es","@id":"https:\/\/secure.gravatar.com\/avatar\/dfb45d32bc7097f8f06d6e4f6e6b387e7cb8fd5b3a2869265c40587ab62cab1e?s=96&d=mm&r=g","url":"https:\/\/secure.gravatar.com\/avatar\/dfb45d32bc7097f8f06d6e4f6e6b387e7cb8fd5b3a2869265c40587ab62cab1e?s=96&d=mm&r=g","contentUrl":"https:\/\/secure.gravatar.com\/avatar\/dfb45d32bc7097f8f06d6e4f6e6b387e7cb8fd5b3a2869265c40587ab62cab1e?s=96&d=mm&r=g","caption":"etica"},"sameAs":["https:\/\/eticacomunica.com.mx"],"url":"https:\/\/eticacomunica.com.mx\/?author=1"}]}},"jetpack_publicize_connections":[],"jetpack_sharing_enabled":true,"jetpack_featured_media_url":"https:\/\/eticacomunica.com.mx\/wp-content\/uploads\/2021\/05\/a68742c3-fa55-45a8-a949-30beffd3bf20.jpg","_links":{"self":[{"href":"https:\/\/eticacomunica.com.mx\/index.php?rest_route=\/wp\/v2\/posts\/3892","targetHints":{"allow":["GET"]}}],"collection":[{"href":"https:\/\/eticacomunica.com.mx\/index.php?rest_route=\/wp\/v2\/posts"}],"about":[{"href":"https:\/\/eticacomunica.com.mx\/index.php?rest_route=\/wp\/v2\/types\/post"}],"author":[{"embeddable":true,"href":"https:\/\/eticacomunica.com.mx\/index.php?rest_route=\/wp\/v2\/users\/1"}],"replies":[{"embeddable":true,"href":"https:\/\/eticacomunica.com.mx\/index.php?rest_route=%2Fwp%2Fv2%2Fcomments&post=3892"}],"version-history":[{"count":1,"href":"https:\/\/eticacomunica.com.mx\/index.php?rest_route=\/wp\/v2\/posts\/3892\/revisions"}],"predecessor-version":[{"id":3897,"href":"https:\/\/eticacomunica.com.mx\/index.php?rest_route=\/wp\/v2\/posts\/3892\/revisions\/3897"}],"wp:featuredmedia":[{"embeddable":true,"href":"https:\/\/eticacomunica.com.mx\/index.php?rest_route=\/wp\/v2\/media\/3893"}],"wp:attachment":[{"href":"https:\/\/eticacomunica.com.mx\/index.php?rest_route=%2Fwp%2Fv2%2Fmedia&parent=3892"}],"wp:term":[{"taxonomy":"category","embeddable":true,"href":"https:\/\/eticacomunica.com.mx\/index.php?rest_route=%2Fwp%2Fv2%2Fcategories&post=3892"},{"taxonomy":"post_tag","embeddable":true,"href":"https:\/\/eticacomunica.com.mx\/index.php?rest_route=%2Fwp%2Fv2%2Ftags&post=3892"}],"curies":[{"name":"wp","href":"https:\/\/api.w.org\/{rel}","templated":true}]}}