{"id":8828,"date":"2022-01-29T21:32:51","date_gmt":"2022-01-30T04:32:51","guid":{"rendered":"https:\/\/eticacomunica.com.mx\/?p=8828"},"modified":"2022-01-29T21:32:51","modified_gmt":"2022-01-30T04:32:51","slug":"presentan-al-secretario-de-turismo-federal-el-programa-de-ampliacion-y-modernizacion-del-puerto-de-mazatlan","status":"publish","type":"post","link":"https:\/\/eticacomunica.com.mx\/?p=8828","title":{"rendered":"Presentan al Secretario de Turismo Federal, el programa de ampliaci\u00f3n y modernizaci\u00f3n del puerto de Mazatl\u00e1n"},"content":{"rendered":"\n<p>Miguel Torruco Marqu\u00e9s tambi\u00e9n constat\u00f3 los avances en la construcci\u00f3n del Nuevo Acuario Mazatl\u00e1n dedicado al Mar de Cort\u00e9s.<\/p>\n\n\n\n<p>Con la presentaci\u00f3n del programa de ampliaci\u00f3n y modernizaci\u00f3n del puerto  y un recorrido para conocer los avances en la construcci\u00f3n del Nuevo Acuario Mazatl\u00e1n, dedicado al Mar de Cort\u00e9s,  el Secretario de Turismo Federal,  Miguel Torruco Marqu\u00e9s, constat\u00f3 que Mazatl\u00e1n se prepara con atractivos de gran calado, para  conquistar a los turistas nacionales e internacionales.<br><br>Mariel Aquileo Ancona Infanz\u00f3n, director general de la Administraci\u00f3n del Sistema Portuario Nacional (ASIPONA), fue el encargado de presentar al Secretario de Turismo Federal, Miguel Torruco Marqu\u00e9s, el Programa de Ampliaci\u00f3n y Modernizaci\u00f3n del Puerto de Mazatl\u00e1n.<br><br>Acompa\u00f1ado por la Secretaria de Turismo de Sinaloa, Rosario Torres Noriega y el Presidente Municipal de Mazatl\u00e1n, Luis Guillermo Ben\u00edtez Torres, el funcionario federal fue recibido en las instalaciones portuarias, donde escuch\u00f3 con atenci\u00f3n la explicaci\u00f3n de las obras para mejorar los servicios del recinto portuario y la ciudad.<br><br>Entre las acciones destaca el dragado del canal de navegaci\u00f3n para que puedan llegar a Mazatl\u00e1n, embarcaciones de mayor calado; reparaci\u00f3n del rompeolas en el Crest\u00f3n e Isla de Chivos; obras de mitigaci\u00f3n de oleajes; modernizaci\u00f3n de la terminal de cruceros; apertura de un embarcadero para tenders o barcos menores, rehabilitaci\u00f3n del muelle No. 7  y construcci\u00f3n del muelle No. 8, entre otras obras.<br><br>Ancona explic\u00f3 que el proyecto de la Plaza Terminal de Cruceros Mazatl\u00e1n Puerto Hist\u00f3rico, se desarrolla en un predio adyacente al actual muelle No. 1 de transbordadores.<br><br>Esta obra permitir\u00e1 un aumento en el arribo de cruceros, brindar un mejor servicio a los cruceristas y evitar\u00e1 los conflictos que se presentan por recibir en paralelo, las actividades de carga comercial, y los arribos de cruceros, debido a que se desarrollan en los mismos muelles y patios de maniobras.<br><br>Durante la exposici\u00f3n inform\u00f3 que fuera del recinto portuario se llevar\u00e1n a cabo obras para mejorar el entorno del Faro;  la pavimentaci\u00f3n de la Av. del Delf\u00edn; se reubicar\u00e1 el Centro de Investigaci\u00f3n en Alimentaci\u00f3n y Desarrollo y se remodelar\u00e1 el CIAD Mazatl\u00e1n. <br><br>El Secretario de Turismo pidi\u00f3 trabajar en un proyecto para rescatar la Casa del Marino, y el Alcalde de Mazatl\u00e1n, Luis Guillermo Ben\u00edtez le inform\u00f3 que su administraci\u00f3n ya trabaja en un proyecto para convertir a esta zona en un nuevo corredor tur\u00edstico.<br><br>Al concluir la reuni\u00f3n en la ASIPONA,  Torruco Marqu\u00e9s y los funcionarios estatales y municipales se trasladaron hasta el  nuevo Acuario Mazatl\u00e1n donde fueron recibidos por el inversionista Ernesto Coppel Kelly.<br><br>Durante el recorrido se constat\u00f3 el avance en la construcci\u00f3n de las nuevas instalaciones de este centro de esparcimiento dedicado a promover la riqueza de la vida marina del Mar de Cort\u00e9s.<br><br>El Nuevo Acuario Mazatl\u00e1n tiene  17,320 metros cuadrados de construcci\u00f3n, 19 salas de exhibici\u00f3n y 4 patios interiores, peceras oce\u00e1nicas, entre otros atractivos.<\/p>\n\n\n\n<figure class=\"wp-block-gallery has-nested-images columns-default is-cropped wp-block-gallery-1 is-layout-flex wp-block-gallery-is-layout-flex\">\n<figure class=\"wp-block-image\"><img loading=\"lazy\" decoding=\"async\" width=\"1024\" height=\"683\" data-id=\"8824\" src=\"https:\/\/eticacomunica.com.mx\/wp-content\/uploads\/2022\/01\/IMG-20220129-WA0033.jpg\" alt=\"\" class=\"wp-image-8824\" srcset=\"https:\/\/eticacomunica.com.mx\/wp-content\/uploads\/2022\/01\/IMG-20220129-WA0033.jpg 1024w, https:\/\/eticacomunica.com.mx\/wp-content\/uploads\/2022\/01\/IMG-20220129-WA0033-300x200.jpg 300w, https:\/\/eticacomunica.com.mx\/wp-content\/uploads\/2022\/01\/IMG-20220129-WA0033-768x512.jpg 768w, https:\/\/eticacomunica.com.mx\/wp-content\/uploads\/2022\/01\/IMG-20220129-WA0033-585x390.jpg 585w, https:\/\/eticacomunica.com.mx\/wp-content\/uploads\/2022\/01\/IMG-20220129-WA0033-263x175.jpg 263w\" sizes=\"auto, (max-width: 1024px) 100vw, 1024px\" \/><\/figure>\n\n\n\n<figure class=\"wp-block-image\"><img loading=\"lazy\" decoding=\"async\" width=\"1024\" height=\"683\" data-id=\"8825\" src=\"https:\/\/eticacomunica.com.mx\/wp-content\/uploads\/2022\/01\/IMG-20220129-WA0038.jpg\" alt=\"\" class=\"wp-image-8825\" srcset=\"https:\/\/eticacomunica.com.mx\/wp-content\/uploads\/2022\/01\/IMG-20220129-WA0038.jpg 1024w, https:\/\/eticacomunica.com.mx\/wp-content\/uploads\/2022\/01\/IMG-20220129-WA0038-300x200.jpg 300w, https:\/\/eticacomunica.com.mx\/wp-content\/uploads\/2022\/01\/IMG-20220129-WA0038-768x512.jpg 768w, https:\/\/eticacomunica.com.mx\/wp-content\/uploads\/2022\/01\/IMG-20220129-WA0038-585x390.jpg 585w, https:\/\/eticacomunica.com.mx\/wp-content\/uploads\/2022\/01\/IMG-20220129-WA0038-263x175.jpg 263w\" sizes=\"auto, (max-width: 1024px) 100vw, 1024px\" \/><\/figure>\n\n\n\n<figure class=\"wp-block-image\"><img loading=\"lazy\" decoding=\"async\" width=\"1024\" height=\"683\" data-id=\"8826\" src=\"https:\/\/eticacomunica.com.mx\/wp-content\/uploads\/2022\/01\/IMG-20220129-WA0035.jpg\" alt=\"\" class=\"wp-image-8826\" srcset=\"https:\/\/eticacomunica.com.mx\/wp-content\/uploads\/2022\/01\/IMG-20220129-WA0035.jpg 1024w, https:\/\/eticacomunica.com.mx\/wp-content\/uploads\/2022\/01\/IMG-20220129-WA0035-300x200.jpg 300w, https:\/\/eticacomunica.com.mx\/wp-content\/uploads\/2022\/01\/IMG-20220129-WA0035-768x512.jpg 768w, https:\/\/eticacomunica.com.mx\/wp-content\/uploads\/2022\/01\/IMG-20220129-WA0035-585x390.jpg 585w, https:\/\/eticacomunica.com.mx\/wp-content\/uploads\/2022\/01\/IMG-20220129-WA0035-263x175.jpg 263w\" sizes=\"auto, (max-width: 1024px) 100vw, 1024px\" \/><\/figure>\n<\/figure>\n\n\n\n<figure class=\"wp-block-image\"><img decoding=\"async\" src=\"file:\/\/\/storage\/emulated\/0\/parallel_intl\/0\/Android\/media\/com.whatsapp\/WhatsApp\/Media\/WhatsApp Images\/IMG-20220129-WA0038.jpg\" alt=\"\" class=\"wp-image-1132\"\/><\/figure>\n\n\n\n<figure class=\"wp-block-image\"><img decoding=\"async\" src=\"file:\/\/\/storage\/emulated\/0\/parallel_intl\/0\/Android\/media\/com.whatsapp\/WhatsApp\/Media\/WhatsApp Images\/IMG-20220129-WA0035.jpg\" alt=\"\" class=\"wp-image-1133\"\/><\/figure>\n","protected":false},"excerpt":{"rendered":"<p>Miguel Torruco Marqu\u00e9s tambi\u00e9n constat\u00f3 los avances en la construcci\u00f3n del Nuevo Acuario Mazatl\u00e1n dedicado al Mar de Cort\u00e9s. Con la presentaci\u00f3n del programa de ampliaci\u00f3n y modernizaci\u00f3n del puerto&hellip;<\/p>\n","protected":false},"author":1,"featured_media":8827,"comment_status":"open","ping_status":"open","sticky":false,"template":"","format":"standard","meta":{"_jetpack_memberships_contains_paid_content":false,"footnotes":"","jetpack_publicize_message":"","jetpack_publicize_feature_enabled":true,"jetpack_social_post_already_shared":true,"jetpack_social_options":{"image_generator_settings":{"template":"highway","default_image_id":0,"font":"","enabled":false},"version":2}},"categories":[207,26],"tags":[34],"class_list":["post-8828","post","type-post","status-publish","format-standard","has-post-thumbnail","hentry","category-ges","category-portada","tag-gobierno-del-estado-de-sinaloa"],"yoast_head":"<!-- This site is optimized with the Yoast SEO plugin v27.2 - https:\/\/yoast.com\/product\/yoast-seo-wordpress\/ -->\n<title>Presentan al Secretario de Turismo Federal, el programa de ampliaci\u00f3n y modernizaci\u00f3n del puerto de Mazatl\u00e1n - \u00c9tica Comunica<\/title>\n<meta name=\"robots\" content=\"index, follow, max-snippet:-1, max-image-preview:large, max-video-preview:-1\" \/>\n<link rel=\"canonical\" href=\"https:\/\/eticacomunica.com.mx\/?p=8828\" \/>\n<meta property=\"og:locale\" content=\"es_MX\" \/>\n<meta property=\"og:type\" content=\"article\" \/>\n<meta property=\"og:title\" content=\"Presentan al Secretario de Turismo Federal, el programa de ampliaci\u00f3n y modernizaci\u00f3n del puerto de Mazatl\u00e1n - \u00c9tica Comunica\" \/>\n<meta property=\"og:description\" content=\"Miguel Torruco Marqu\u00e9s tambi\u00e9n constat\u00f3 los avances en la construcci\u00f3n del Nuevo Acuario Mazatl\u00e1n dedicado al Mar de Cort\u00e9s. Con la presentaci\u00f3n del programa de ampliaci\u00f3n y modernizaci\u00f3n del puerto&hellip;\" \/>\n<meta property=\"og:url\" content=\"https:\/\/eticacomunica.com.mx\/?p=8828\" \/>\n<meta property=\"og:site_name\" content=\"\u00c9tica Comunica\" \/>\n<meta property=\"article:publisher\" content=\"https:\/\/www.facebook.com\/eticacomunica\" \/>\n<meta property=\"article:published_time\" content=\"2022-01-30T04:32:51+00:00\" \/>\n<meta property=\"og:image\" content=\"https:\/\/eticacomunica.com.mx\/wp-content\/uploads\/2022\/01\/IMG-20220129-WA0034-1.jpg\" \/>\n\t<meta property=\"og:image:width\" content=\"1024\" \/>\n\t<meta property=\"og:image:height\" content=\"637\" \/>\n\t<meta property=\"og:image:type\" content=\"image\/jpeg\" \/>\n<meta name=\"author\" content=\"etica\" \/>\n<meta name=\"twitter:card\" content=\"summary_large_image\" \/>\n<meta name=\"twitter:label1\" content=\"Escrito por\" \/>\n\t<meta name=\"twitter:data1\" content=\"etica\" \/>\n\t<meta name=\"twitter:label2\" content=\"Tiempo de lectura\" \/>\n\t<meta name=\"twitter:data2\" content=\"3 minutos\" \/>\n<script type=\"application\/ld+json\" class=\"yoast-schema-graph\">{\"@context\":\"https:\/\/schema.org\",\"@graph\":[{\"@type\":\"Article\",\"@id\":\"https:\/\/eticacomunica.com.mx\/?p=8828#article\",\"isPartOf\":{\"@id\":\"https:\/\/eticacomunica.com.mx\/?p=8828\"},\"author\":{\"name\":\"etica\",\"@id\":\"https:\/\/eticacomunica.com.mx\/#\/schema\/person\/2cacc47bd17fe8ad92f08c0313d22fa6\"},\"headline\":\"Presentan al Secretario de Turismo Federal, el programa de ampliaci\u00f3n y modernizaci\u00f3n del puerto de Mazatl\u00e1n\",\"datePublished\":\"2022-01-30T04:32:51+00:00\",\"mainEntityOfPage\":{\"@id\":\"https:\/\/eticacomunica.com.mx\/?p=8828\"},\"wordCount\":542,\"commentCount\":0,\"publisher\":{\"@id\":\"https:\/\/eticacomunica.com.mx\/#organization\"},\"image\":{\"@id\":\"https:\/\/eticacomunica.com.mx\/?p=8828#primaryimage\"},\"thumbnailUrl\":\"https:\/\/eticacomunica.com.mx\/wp-content\/uploads\/2022\/01\/IMG-20220129-WA0034-1.jpg\",\"keywords\":[\"Gobierno del Estado de Sinaloa\"],\"articleSection\":[\"GES\",\"Portada\"],\"inLanguage\":\"es\",\"potentialAction\":[{\"@type\":\"CommentAction\",\"name\":\"Comment\",\"target\":[\"https:\/\/eticacomunica.com.mx\/?p=8828#respond\"]}]},{\"@type\":\"WebPage\",\"@id\":\"https:\/\/eticacomunica.com.mx\/?p=8828\",\"url\":\"https:\/\/eticacomunica.com.mx\/?p=8828\",\"name\":\"Presentan al Secretario de Turismo Federal, el programa de ampliaci\u00f3n y modernizaci\u00f3n del puerto de Mazatl\u00e1n - \u00c9tica Comunica\",\"isPartOf\":{\"@id\":\"https:\/\/eticacomunica.com.mx\/#website\"},\"primaryImageOfPage\":{\"@id\":\"https:\/\/eticacomunica.com.mx\/?p=8828#primaryimage\"},\"image\":{\"@id\":\"https:\/\/eticacomunica.com.mx\/?p=8828#primaryimage\"},\"thumbnailUrl\":\"https:\/\/eticacomunica.com.mx\/wp-content\/uploads\/2022\/01\/IMG-20220129-WA0034-1.jpg\",\"datePublished\":\"2022-01-30T04:32:51+00:00\",\"breadcrumb\":{\"@id\":\"https:\/\/eticacomunica.com.mx\/?p=8828#breadcrumb\"},\"inLanguage\":\"es\",\"potentialAction\":[{\"@type\":\"ReadAction\",\"target\":[\"https:\/\/eticacomunica.com.mx\/?p=8828\"]}]},{\"@type\":\"ImageObject\",\"inLanguage\":\"es\",\"@id\":\"https:\/\/eticacomunica.com.mx\/?p=8828#primaryimage\",\"url\":\"https:\/\/eticacomunica.com.mx\/wp-content\/uploads\/2022\/01\/IMG-20220129-WA0034-1.jpg\",\"contentUrl\":\"https:\/\/eticacomunica.com.mx\/wp-content\/uploads\/2022\/01\/IMG-20220129-WA0034-1.jpg\",\"width\":1024,\"height\":637},{\"@type\":\"BreadcrumbList\",\"@id\":\"https:\/\/eticacomunica.com.mx\/?p=8828#breadcrumb\",\"itemListElement\":[{\"@type\":\"ListItem\",\"position\":1,\"name\":\"Inicio\",\"item\":\"https:\/\/eticacomunica.com.mx\/\"},{\"@type\":\"ListItem\",\"position\":2,\"name\":\"Presentan al Secretario de Turismo Federal, el programa de ampliaci\u00f3n y modernizaci\u00f3n del puerto de Mazatl\u00e1n\"}]},{\"@type\":\"WebSite\",\"@id\":\"https:\/\/eticacomunica.com.mx\/#website\",\"url\":\"https:\/\/eticacomunica.com.mx\/\",\"name\":\"\u00c9tica Comunica\",\"description\":\"Diario Digital\",\"publisher\":{\"@id\":\"https:\/\/eticacomunica.com.mx\/#organization\"},\"potentialAction\":[{\"@type\":\"SearchAction\",\"target\":{\"@type\":\"EntryPoint\",\"urlTemplate\":\"https:\/\/eticacomunica.com.mx\/?s={search_term_string}\"},\"query-input\":{\"@type\":\"PropertyValueSpecification\",\"valueRequired\":true,\"valueName\":\"search_term_string\"}}],\"inLanguage\":\"es\"},{\"@type\":\"Organization\",\"@id\":\"https:\/\/eticacomunica.com.mx\/#organization\",\"name\":\"Diarios Digitales de Sinaloa\",\"url\":\"https:\/\/eticacomunica.com.mx\/\",\"logo\":{\"@type\":\"ImageObject\",\"inLanguage\":\"es\",\"@id\":\"https:\/\/eticacomunica.com.mx\/#\/schema\/logo\/image\/\",\"url\":\"https:\/\/eticacomunica.com.mx\/wp-content\/uploads\/2023\/10\/etica-logo.png\",\"contentUrl\":\"https:\/\/eticacomunica.com.mx\/wp-content\/uploads\/2023\/10\/etica-logo.png\",\"width\":1280,\"height\":432,\"caption\":\"Diarios Digitales de Sinaloa\"},\"image\":{\"@id\":\"https:\/\/eticacomunica.com.mx\/#\/schema\/logo\/image\/\"},\"sameAs\":[\"https:\/\/www.facebook.com\/eticacomunica\"]},{\"@type\":\"Person\",\"@id\":\"https:\/\/eticacomunica.com.mx\/#\/schema\/person\/2cacc47bd17fe8ad92f08c0313d22fa6\",\"name\":\"etica\",\"image\":{\"@type\":\"ImageObject\",\"inLanguage\":\"es\",\"@id\":\"https:\/\/secure.gravatar.com\/avatar\/dfb45d32bc7097f8f06d6e4f6e6b387e7cb8fd5b3a2869265c40587ab62cab1e?s=96&d=mm&r=g\",\"url\":\"https:\/\/secure.gravatar.com\/avatar\/dfb45d32bc7097f8f06d6e4f6e6b387e7cb8fd5b3a2869265c40587ab62cab1e?s=96&d=mm&r=g\",\"contentUrl\":\"https:\/\/secure.gravatar.com\/avatar\/dfb45d32bc7097f8f06d6e4f6e6b387e7cb8fd5b3a2869265c40587ab62cab1e?s=96&d=mm&r=g\",\"caption\":\"etica\"},\"sameAs\":[\"https:\/\/eticacomunica.com.mx\"],\"url\":\"https:\/\/eticacomunica.com.mx\/?author=1\"}]}<\/script>\n<!-- \/ Yoast SEO plugin. -->","yoast_head_json":{"title":"Presentan al Secretario de Turismo Federal, el programa de ampliaci\u00f3n y modernizaci\u00f3n del puerto de Mazatl\u00e1n - \u00c9tica Comunica","robots":{"index":"index","follow":"follow","max-snippet":"max-snippet:-1","max-image-preview":"max-image-preview:large","max-video-preview":"max-video-preview:-1"},"canonical":"https:\/\/eticacomunica.com.mx\/?p=8828","og_locale":"es_MX","og_type":"article","og_title":"Presentan al Secretario de Turismo Federal, el programa de ampliaci\u00f3n y modernizaci\u00f3n del puerto de Mazatl\u00e1n - \u00c9tica Comunica","og_description":"Miguel Torruco Marqu\u00e9s tambi\u00e9n constat\u00f3 los avances en la construcci\u00f3n del Nuevo Acuario Mazatl\u00e1n dedicado al Mar de Cort\u00e9s. Con la presentaci\u00f3n del programa de ampliaci\u00f3n y modernizaci\u00f3n del puerto&hellip;","og_url":"https:\/\/eticacomunica.com.mx\/?p=8828","og_site_name":"\u00c9tica Comunica","article_publisher":"https:\/\/www.facebook.com\/eticacomunica","article_published_time":"2022-01-30T04:32:51+00:00","og_image":[{"width":1024,"height":637,"url":"https:\/\/eticacomunica.com.mx\/wp-content\/uploads\/2022\/01\/IMG-20220129-WA0034-1.jpg","type":"image\/jpeg"}],"author":"etica","twitter_card":"summary_large_image","twitter_misc":{"Escrito por":"etica","Tiempo de lectura":"3 minutos"},"schema":{"@context":"https:\/\/schema.org","@graph":[{"@type":"Article","@id":"https:\/\/eticacomunica.com.mx\/?p=8828#article","isPartOf":{"@id":"https:\/\/eticacomunica.com.mx\/?p=8828"},"author":{"name":"etica","@id":"https:\/\/eticacomunica.com.mx\/#\/schema\/person\/2cacc47bd17fe8ad92f08c0313d22fa6"},"headline":"Presentan al Secretario de Turismo Federal, el programa de ampliaci\u00f3n y modernizaci\u00f3n del puerto de Mazatl\u00e1n","datePublished":"2022-01-30T04:32:51+00:00","mainEntityOfPage":{"@id":"https:\/\/eticacomunica.com.mx\/?p=8828"},"wordCount":542,"commentCount":0,"publisher":{"@id":"https:\/\/eticacomunica.com.mx\/#organization"},"image":{"@id":"https:\/\/eticacomunica.com.mx\/?p=8828#primaryimage"},"thumbnailUrl":"https:\/\/eticacomunica.com.mx\/wp-content\/uploads\/2022\/01\/IMG-20220129-WA0034-1.jpg","keywords":["Gobierno del Estado de Sinaloa"],"articleSection":["GES","Portada"],"inLanguage":"es","potentialAction":[{"@type":"CommentAction","name":"Comment","target":["https:\/\/eticacomunica.com.mx\/?p=8828#respond"]}]},{"@type":"WebPage","@id":"https:\/\/eticacomunica.com.mx\/?p=8828","url":"https:\/\/eticacomunica.com.mx\/?p=8828","name":"Presentan al Secretario de Turismo Federal, el programa de ampliaci\u00f3n y modernizaci\u00f3n del puerto de Mazatl\u00e1n - \u00c9tica Comunica","isPartOf":{"@id":"https:\/\/eticacomunica.com.mx\/#website"},"primaryImageOfPage":{"@id":"https:\/\/eticacomunica.com.mx\/?p=8828#primaryimage"},"image":{"@id":"https:\/\/eticacomunica.com.mx\/?p=8828#primaryimage"},"thumbnailUrl":"https:\/\/eticacomunica.com.mx\/wp-content\/uploads\/2022\/01\/IMG-20220129-WA0034-1.jpg","datePublished":"2022-01-30T04:32:51+00:00","breadcrumb":{"@id":"https:\/\/eticacomunica.com.mx\/?p=8828#breadcrumb"},"inLanguage":"es","potentialAction":[{"@type":"ReadAction","target":["https:\/\/eticacomunica.com.mx\/?p=8828"]}]},{"@type":"ImageObject","inLanguage":"es","@id":"https:\/\/eticacomunica.com.mx\/?p=8828#primaryimage","url":"https:\/\/eticacomunica.com.mx\/wp-content\/uploads\/2022\/01\/IMG-20220129-WA0034-1.jpg","contentUrl":"https:\/\/eticacomunica.com.mx\/wp-content\/uploads\/2022\/01\/IMG-20220129-WA0034-1.jpg","width":1024,"height":637},{"@type":"BreadcrumbList","@id":"https:\/\/eticacomunica.com.mx\/?p=8828#breadcrumb","itemListElement":[{"@type":"ListItem","position":1,"name":"Inicio","item":"https:\/\/eticacomunica.com.mx\/"},{"@type":"ListItem","position":2,"name":"Presentan al Secretario de Turismo Federal, el programa de ampliaci\u00f3n y modernizaci\u00f3n del puerto de Mazatl\u00e1n"}]},{"@type":"WebSite","@id":"https:\/\/eticacomunica.com.mx\/#website","url":"https:\/\/eticacomunica.com.mx\/","name":"\u00c9tica Comunica","description":"Diario Digital","publisher":{"@id":"https:\/\/eticacomunica.com.mx\/#organization"},"potentialAction":[{"@type":"SearchAction","target":{"@type":"EntryPoint","urlTemplate":"https:\/\/eticacomunica.com.mx\/?s={search_term_string}"},"query-input":{"@type":"PropertyValueSpecification","valueRequired":true,"valueName":"search_term_string"}}],"inLanguage":"es"},{"@type":"Organization","@id":"https:\/\/eticacomunica.com.mx\/#organization","name":"Diarios Digitales de Sinaloa","url":"https:\/\/eticacomunica.com.mx\/","logo":{"@type":"ImageObject","inLanguage":"es","@id":"https:\/\/eticacomunica.com.mx\/#\/schema\/logo\/image\/","url":"https:\/\/eticacomunica.com.mx\/wp-content\/uploads\/2023\/10\/etica-logo.png","contentUrl":"https:\/\/eticacomunica.com.mx\/wp-content\/uploads\/2023\/10\/etica-logo.png","width":1280,"height":432,"caption":"Diarios Digitales de Sinaloa"},"image":{"@id":"https:\/\/eticacomunica.com.mx\/#\/schema\/logo\/image\/"},"sameAs":["https:\/\/www.facebook.com\/eticacomunica"]},{"@type":"Person","@id":"https:\/\/eticacomunica.com.mx\/#\/schema\/person\/2cacc47bd17fe8ad92f08c0313d22fa6","name":"etica","image":{"@type":"ImageObject","inLanguage":"es","@id":"https:\/\/secure.gravatar.com\/avatar\/dfb45d32bc7097f8f06d6e4f6e6b387e7cb8fd5b3a2869265c40587ab62cab1e?s=96&d=mm&r=g","url":"https:\/\/secure.gravatar.com\/avatar\/dfb45d32bc7097f8f06d6e4f6e6b387e7cb8fd5b3a2869265c40587ab62cab1e?s=96&d=mm&r=g","contentUrl":"https:\/\/secure.gravatar.com\/avatar\/dfb45d32bc7097f8f06d6e4f6e6b387e7cb8fd5b3a2869265c40587ab62cab1e?s=96&d=mm&r=g","caption":"etica"},"sameAs":["https:\/\/eticacomunica.com.mx"],"url":"https:\/\/eticacomunica.com.mx\/?author=1"}]}},"jetpack_publicize_connections":[],"jetpack_featured_media_url":"https:\/\/eticacomunica.com.mx\/wp-content\/uploads\/2022\/01\/IMG-20220129-WA0034-1.jpg","jetpack_sharing_enabled":true,"_links":{"self":[{"href":"https:\/\/eticacomunica.com.mx\/index.php?rest_route=\/wp\/v2\/posts\/8828","targetHints":{"allow":["GET"]}}],"collection":[{"href":"https:\/\/eticacomunica.com.mx\/index.php?rest_route=\/wp\/v2\/posts"}],"about":[{"href":"https:\/\/eticacomunica.com.mx\/index.php?rest_route=\/wp\/v2\/types\/post"}],"author":[{"embeddable":true,"href":"https:\/\/eticacomunica.com.mx\/index.php?rest_route=\/wp\/v2\/users\/1"}],"replies":[{"embeddable":true,"href":"https:\/\/eticacomunica.com.mx\/index.php?rest_route=%2Fwp%2Fv2%2Fcomments&post=8828"}],"version-history":[{"count":0,"href":"https:\/\/eticacomunica.com.mx\/index.php?rest_route=\/wp\/v2\/posts\/8828\/revisions"}],"wp:featuredmedia":[{"embeddable":true,"href":"https:\/\/eticacomunica.com.mx\/index.php?rest_route=\/wp\/v2\/media\/8827"}],"wp:attachment":[{"href":"https:\/\/eticacomunica.com.mx\/index.php?rest_route=%2Fwp%2Fv2%2Fmedia&parent=8828"}],"wp:term":[{"taxonomy":"category","embeddable":true,"href":"https:\/\/eticacomunica.com.mx\/index.php?rest_route=%2Fwp%2Fv2%2Fcategories&post=8828"},{"taxonomy":"post_tag","embeddable":true,"href":"https:\/\/eticacomunica.com.mx\/index.php?rest_route=%2Fwp%2Fv2%2Ftags&post=8828"}],"curies":[{"name":"wp","href":"https:\/\/api.w.org\/{rel}","templated":true}]}}