{"id":8835,"date":"2022-01-30T17:54:32","date_gmt":"2022-01-31T00:54:32","guid":{"rendered":"https:\/\/eticacomunica.com.mx\/?p=8835"},"modified":"2022-01-30T17:54:32","modified_gmt":"2022-01-31T00:54:32","slug":"alcaldes-de-sinaloa-suman-esfuerzos-por-el-turismo","status":"publish","type":"post","link":"https:\/\/eticacomunica.com.mx\/?p=8835","title":{"rendered":"Alcaldes de Sinaloa suman esfuerzos por el turismo"},"content":{"rendered":"\n<p>Celestino Gasca, Elota.- En el \u00faltimo d\u00eda de la gira de trabajo por Sinaloa, el Secretario Federal de Turismo, Miguel Torruco Marqu\u00e9s se reuni\u00f3 con los Presidentes Municipales de Mazatl\u00e1n, Luis Guillermo Benitez Torres; de Culiac\u00e1n, Jes\u00fas Estrada Ferreiro; de Cosal\u00e1, Carla Corrales Corrales; y de Elota, Ana Karen Val Medina quienes coincidieron en la suma esfuerzos para consolidar la actividad tur\u00edstica en favor de Mexico y de Sinaloa.<br><br>Al darles la bienvenida, Val Medina destac\u00f3 que Elota ubicado frente al Mar de Cort\u00e9s, junto con Mazatl\u00e1n, Cosal\u00e1 y Culiac\u00e1n, ofrecen a los turistas oportunidades diversas y complementarias ya que en esta zona estrat\u00e9gica de Sinaloa, se pueden disfrutar sitios tradicionales de playa pero tambi\u00e9n zonas casi v\u00edrgenes, presa, santuarios de tortugas y aves, y por ello la importancia de conjuntar esfuerzos para fortalecer la industria del turismo.<br><br>A la reuni\u00f3n tambi\u00e9n asistieron operadores tur\u00edsticos de Elota y Cosal\u00e1 con quienes se comprometi\u00f3 a darles apoyos para la promoci\u00f3n de sus sitios y actividades tur\u00edsticas, entre ellas hacer del festival del osti\u00f3n un evento m\u00e1s grande y con mayor proyecci\u00f3n, adem\u00e1s de promover de manera nacional e internacional un torneo de surf en El Patole, adem\u00e1s del impulso tur\u00edstico de Celestino Gasca y Cosal\u00e1.<br><br>La Secretaria de Turismo del Estado, Mar\u00eda del Rosario Torres Noriega, as\u00ed como la Diputada Luz Ver\u00f3nica Avil\u00e9s Roch\u00edn, Presidenta de la Comisi\u00f3n de Turismo en el Congreso del Estado, participaron tambi\u00e9n en este encuentro.<\/p>\n\n\n\n<figure class=\"wp-block-gallery has-nested-images columns-default is-cropped wp-block-gallery-1 is-layout-flex wp-block-gallery-is-layout-flex\">\n<figure class=\"wp-block-image\"><img loading=\"lazy\" decoding=\"async\" width=\"1024\" height=\"682\" data-id=\"8833\" src=\"https:\/\/eticacomunica.com.mx\/wp-content\/uploads\/2022\/01\/IMG-20220130-WA0037.jpg\" alt=\"\" class=\"wp-image-8833\" srcset=\"https:\/\/eticacomunica.com.mx\/wp-content\/uploads\/2022\/01\/IMG-20220130-WA0037.jpg 1024w, https:\/\/eticacomunica.com.mx\/wp-content\/uploads\/2022\/01\/IMG-20220130-WA0037-300x200.jpg 300w, https:\/\/eticacomunica.com.mx\/wp-content\/uploads\/2022\/01\/IMG-20220130-WA0037-768x512.jpg 768w, https:\/\/eticacomunica.com.mx\/wp-content\/uploads\/2022\/01\/IMG-20220130-WA0037-585x390.jpg 585w, https:\/\/eticacomunica.com.mx\/wp-content\/uploads\/2022\/01\/IMG-20220130-WA0037-263x175.jpg 263w\" sizes=\"auto, (max-width: 1024px) 100vw, 1024px\" \/><\/figure>\n\n\n\n<figure class=\"wp-block-image\"><img loading=\"lazy\" decoding=\"async\" width=\"1280\" height=\"853\" data-id=\"8832\" src=\"https:\/\/eticacomunica.com.mx\/wp-content\/uploads\/2022\/01\/IMG-20220130-WA0034.jpg\" alt=\"\" class=\"wp-image-8832\" srcset=\"https:\/\/eticacomunica.com.mx\/wp-content\/uploads\/2022\/01\/IMG-20220130-WA0034.jpg 1280w, https:\/\/eticacomunica.com.mx\/wp-content\/uploads\/2022\/01\/IMG-20220130-WA0034-300x200.jpg 300w, https:\/\/eticacomunica.com.mx\/wp-content\/uploads\/2022\/01\/IMG-20220130-WA0034-1024x682.jpg 1024w, https:\/\/eticacomunica.com.mx\/wp-content\/uploads\/2022\/01\/IMG-20220130-WA0034-768x512.jpg 768w, https:\/\/eticacomunica.com.mx\/wp-content\/uploads\/2022\/01\/IMG-20220130-WA0034-1170x780.jpg 1170w, https:\/\/eticacomunica.com.mx\/wp-content\/uploads\/2022\/01\/IMG-20220130-WA0034-585x390.jpg 585w, https:\/\/eticacomunica.com.mx\/wp-content\/uploads\/2022\/01\/IMG-20220130-WA0034-263x175.jpg 263w\" sizes=\"auto, (max-width: 1280px) 100vw, 1280px\" \/><\/figure>\n<\/figure>\n","protected":false},"excerpt":{"rendered":"<p>Celestino Gasca, Elota.- En el \u00faltimo d\u00eda de la gira de trabajo por Sinaloa, el Secretario Federal de Turismo, Miguel Torruco Marqu\u00e9s se reuni\u00f3 con los Presidentes Municipales de Mazatl\u00e1n,&hellip;<\/p>\n","protected":false},"author":1,"featured_media":8834,"comment_status":"open","ping_status":"open","sticky":false,"template":"","format":"standard","meta":{"_jetpack_memberships_contains_paid_content":false,"footnotes":"","jetpack_publicize_message":"","jetpack_publicize_feature_enabled":true,"jetpack_social_post_already_shared":true,"jetpack_social_options":{"image_generator_settings":{"template":"highway","default_image_id":0,"font":"","enabled":false},"version":2}},"categories":[26],"tags":[28],"class_list":["post-8835","post","type-post","status-publish","format-standard","has-post-thumbnail","hentry","category-portada","tag-ayuntamiento-de-mazatlan"],"yoast_head":"<!-- This site is optimized with the Yoast SEO plugin v27.2 - https:\/\/yoast.com\/product\/yoast-seo-wordpress\/ -->\n<title>Alcaldes de Sinaloa suman esfuerzos por el turismo - \u00c9tica Comunica<\/title>\n<meta name=\"robots\" content=\"index, follow, max-snippet:-1, max-image-preview:large, max-video-preview:-1\" \/>\n<link rel=\"canonical\" href=\"https:\/\/eticacomunica.com.mx\/?p=8835\" \/>\n<meta property=\"og:locale\" content=\"es_MX\" \/>\n<meta property=\"og:type\" content=\"article\" \/>\n<meta property=\"og:title\" content=\"Alcaldes de Sinaloa suman esfuerzos por el turismo - \u00c9tica Comunica\" \/>\n<meta property=\"og:description\" content=\"Celestino Gasca, Elota.- En el \u00faltimo d\u00eda de la gira de trabajo por Sinaloa, el Secretario Federal de Turismo, Miguel Torruco Marqu\u00e9s se reuni\u00f3 con los Presidentes Municipales de Mazatl\u00e1n,&hellip;\" \/>\n<meta property=\"og:url\" content=\"https:\/\/eticacomunica.com.mx\/?p=8835\" \/>\n<meta property=\"og:site_name\" content=\"\u00c9tica Comunica\" \/>\n<meta property=\"article:publisher\" content=\"https:\/\/www.facebook.com\/eticacomunica\" \/>\n<meta property=\"article:published_time\" content=\"2022-01-31T00:54:32+00:00\" \/>\n<meta property=\"og:image\" content=\"https:\/\/eticacomunica.com.mx\/wp-content\/uploads\/2022\/01\/IMG-20220130-WA0040.jpg\" \/>\n\t<meta property=\"og:image:width\" content=\"1024\" \/>\n\t<meta property=\"og:image:height\" content=\"682\" \/>\n\t<meta property=\"og:image:type\" content=\"image\/jpeg\" \/>\n<meta name=\"author\" content=\"etica\" \/>\n<meta name=\"twitter:card\" content=\"summary_large_image\" \/>\n<meta name=\"twitter:label1\" content=\"Escrito por\" \/>\n\t<meta name=\"twitter:data1\" content=\"etica\" \/>\n\t<meta name=\"twitter:label2\" content=\"Tiempo de lectura\" \/>\n\t<meta name=\"twitter:data2\" content=\"1 minuto\" \/>\n<script type=\"application\/ld+json\" class=\"yoast-schema-graph\">{\"@context\":\"https:\/\/schema.org\",\"@graph\":[{\"@type\":\"Article\",\"@id\":\"https:\/\/eticacomunica.com.mx\/?p=8835#article\",\"isPartOf\":{\"@id\":\"https:\/\/eticacomunica.com.mx\/?p=8835\"},\"author\":{\"name\":\"etica\",\"@id\":\"https:\/\/eticacomunica.com.mx\/#\/schema\/person\/2cacc47bd17fe8ad92f08c0313d22fa6\"},\"headline\":\"Alcaldes de Sinaloa suman esfuerzos por el turismo\",\"datePublished\":\"2022-01-31T00:54:32+00:00\",\"mainEntityOfPage\":{\"@id\":\"https:\/\/eticacomunica.com.mx\/?p=8835\"},\"wordCount\":277,\"commentCount\":0,\"publisher\":{\"@id\":\"https:\/\/eticacomunica.com.mx\/#organization\"},\"image\":{\"@id\":\"https:\/\/eticacomunica.com.mx\/?p=8835#primaryimage\"},\"thumbnailUrl\":\"https:\/\/eticacomunica.com.mx\/wp-content\/uploads\/2022\/01\/IMG-20220130-WA0040.jpg\",\"keywords\":[\"Ayuntamiento de Mazatl\u00e1n\"],\"articleSection\":[\"Portada\"],\"inLanguage\":\"es\",\"potentialAction\":[{\"@type\":\"CommentAction\",\"name\":\"Comment\",\"target\":[\"https:\/\/eticacomunica.com.mx\/?p=8835#respond\"]}]},{\"@type\":\"WebPage\",\"@id\":\"https:\/\/eticacomunica.com.mx\/?p=8835\",\"url\":\"https:\/\/eticacomunica.com.mx\/?p=8835\",\"name\":\"Alcaldes de Sinaloa suman esfuerzos por el turismo - \u00c9tica Comunica\",\"isPartOf\":{\"@id\":\"https:\/\/eticacomunica.com.mx\/#website\"},\"primaryImageOfPage\":{\"@id\":\"https:\/\/eticacomunica.com.mx\/?p=8835#primaryimage\"},\"image\":{\"@id\":\"https:\/\/eticacomunica.com.mx\/?p=8835#primaryimage\"},\"thumbnailUrl\":\"https:\/\/eticacomunica.com.mx\/wp-content\/uploads\/2022\/01\/IMG-20220130-WA0040.jpg\",\"datePublished\":\"2022-01-31T00:54:32+00:00\",\"breadcrumb\":{\"@id\":\"https:\/\/eticacomunica.com.mx\/?p=8835#breadcrumb\"},\"inLanguage\":\"es\",\"potentialAction\":[{\"@type\":\"ReadAction\",\"target\":[\"https:\/\/eticacomunica.com.mx\/?p=8835\"]}]},{\"@type\":\"ImageObject\",\"inLanguage\":\"es\",\"@id\":\"https:\/\/eticacomunica.com.mx\/?p=8835#primaryimage\",\"url\":\"https:\/\/eticacomunica.com.mx\/wp-content\/uploads\/2022\/01\/IMG-20220130-WA0040.jpg\",\"contentUrl\":\"https:\/\/eticacomunica.com.mx\/wp-content\/uploads\/2022\/01\/IMG-20220130-WA0040.jpg\",\"width\":1024,\"height\":682},{\"@type\":\"BreadcrumbList\",\"@id\":\"https:\/\/eticacomunica.com.mx\/?p=8835#breadcrumb\",\"itemListElement\":[{\"@type\":\"ListItem\",\"position\":1,\"name\":\"Inicio\",\"item\":\"https:\/\/eticacomunica.com.mx\/\"},{\"@type\":\"ListItem\",\"position\":2,\"name\":\"Alcaldes de Sinaloa suman esfuerzos por el turismo\"}]},{\"@type\":\"WebSite\",\"@id\":\"https:\/\/eticacomunica.com.mx\/#website\",\"url\":\"https:\/\/eticacomunica.com.mx\/\",\"name\":\"\u00c9tica Comunica\",\"description\":\"Diario Digital\",\"publisher\":{\"@id\":\"https:\/\/eticacomunica.com.mx\/#organization\"},\"potentialAction\":[{\"@type\":\"SearchAction\",\"target\":{\"@type\":\"EntryPoint\",\"urlTemplate\":\"https:\/\/eticacomunica.com.mx\/?s={search_term_string}\"},\"query-input\":{\"@type\":\"PropertyValueSpecification\",\"valueRequired\":true,\"valueName\":\"search_term_string\"}}],\"inLanguage\":\"es\"},{\"@type\":\"Organization\",\"@id\":\"https:\/\/eticacomunica.com.mx\/#organization\",\"name\":\"Diarios Digitales de Sinaloa\",\"url\":\"https:\/\/eticacomunica.com.mx\/\",\"logo\":{\"@type\":\"ImageObject\",\"inLanguage\":\"es\",\"@id\":\"https:\/\/eticacomunica.com.mx\/#\/schema\/logo\/image\/\",\"url\":\"https:\/\/eticacomunica.com.mx\/wp-content\/uploads\/2023\/10\/etica-logo.png\",\"contentUrl\":\"https:\/\/eticacomunica.com.mx\/wp-content\/uploads\/2023\/10\/etica-logo.png\",\"width\":1280,\"height\":432,\"caption\":\"Diarios Digitales de Sinaloa\"},\"image\":{\"@id\":\"https:\/\/eticacomunica.com.mx\/#\/schema\/logo\/image\/\"},\"sameAs\":[\"https:\/\/www.facebook.com\/eticacomunica\"]},{\"@type\":\"Person\",\"@id\":\"https:\/\/eticacomunica.com.mx\/#\/schema\/person\/2cacc47bd17fe8ad92f08c0313d22fa6\",\"name\":\"etica\",\"image\":{\"@type\":\"ImageObject\",\"inLanguage\":\"es\",\"@id\":\"https:\/\/secure.gravatar.com\/avatar\/dfb45d32bc7097f8f06d6e4f6e6b387e7cb8fd5b3a2869265c40587ab62cab1e?s=96&d=mm&r=g\",\"url\":\"https:\/\/secure.gravatar.com\/avatar\/dfb45d32bc7097f8f06d6e4f6e6b387e7cb8fd5b3a2869265c40587ab62cab1e?s=96&d=mm&r=g\",\"contentUrl\":\"https:\/\/secure.gravatar.com\/avatar\/dfb45d32bc7097f8f06d6e4f6e6b387e7cb8fd5b3a2869265c40587ab62cab1e?s=96&d=mm&r=g\",\"caption\":\"etica\"},\"sameAs\":[\"https:\/\/eticacomunica.com.mx\"],\"url\":\"https:\/\/eticacomunica.com.mx\/?author=1\"}]}<\/script>\n<!-- \/ Yoast SEO plugin. -->","yoast_head_json":{"title":"Alcaldes de Sinaloa suman esfuerzos por el turismo - \u00c9tica Comunica","robots":{"index":"index","follow":"follow","max-snippet":"max-snippet:-1","max-image-preview":"max-image-preview:large","max-video-preview":"max-video-preview:-1"},"canonical":"https:\/\/eticacomunica.com.mx\/?p=8835","og_locale":"es_MX","og_type":"article","og_title":"Alcaldes de Sinaloa suman esfuerzos por el turismo - \u00c9tica Comunica","og_description":"Celestino Gasca, Elota.- En el \u00faltimo d\u00eda de la gira de trabajo por Sinaloa, el Secretario Federal de Turismo, Miguel Torruco Marqu\u00e9s se reuni\u00f3 con los Presidentes Municipales de Mazatl\u00e1n,&hellip;","og_url":"https:\/\/eticacomunica.com.mx\/?p=8835","og_site_name":"\u00c9tica Comunica","article_publisher":"https:\/\/www.facebook.com\/eticacomunica","article_published_time":"2022-01-31T00:54:32+00:00","og_image":[{"width":1024,"height":682,"url":"https:\/\/eticacomunica.com.mx\/wp-content\/uploads\/2022\/01\/IMG-20220130-WA0040.jpg","type":"image\/jpeg"}],"author":"etica","twitter_card":"summary_large_image","twitter_misc":{"Escrito por":"etica","Tiempo de lectura":"1 minuto"},"schema":{"@context":"https:\/\/schema.org","@graph":[{"@type":"Article","@id":"https:\/\/eticacomunica.com.mx\/?p=8835#article","isPartOf":{"@id":"https:\/\/eticacomunica.com.mx\/?p=8835"},"author":{"name":"etica","@id":"https:\/\/eticacomunica.com.mx\/#\/schema\/person\/2cacc47bd17fe8ad92f08c0313d22fa6"},"headline":"Alcaldes de Sinaloa suman esfuerzos por el turismo","datePublished":"2022-01-31T00:54:32+00:00","mainEntityOfPage":{"@id":"https:\/\/eticacomunica.com.mx\/?p=8835"},"wordCount":277,"commentCount":0,"publisher":{"@id":"https:\/\/eticacomunica.com.mx\/#organization"},"image":{"@id":"https:\/\/eticacomunica.com.mx\/?p=8835#primaryimage"},"thumbnailUrl":"https:\/\/eticacomunica.com.mx\/wp-content\/uploads\/2022\/01\/IMG-20220130-WA0040.jpg","keywords":["Ayuntamiento de Mazatl\u00e1n"],"articleSection":["Portada"],"inLanguage":"es","potentialAction":[{"@type":"CommentAction","name":"Comment","target":["https:\/\/eticacomunica.com.mx\/?p=8835#respond"]}]},{"@type":"WebPage","@id":"https:\/\/eticacomunica.com.mx\/?p=8835","url":"https:\/\/eticacomunica.com.mx\/?p=8835","name":"Alcaldes de Sinaloa suman esfuerzos por el turismo - \u00c9tica Comunica","isPartOf":{"@id":"https:\/\/eticacomunica.com.mx\/#website"},"primaryImageOfPage":{"@id":"https:\/\/eticacomunica.com.mx\/?p=8835#primaryimage"},"image":{"@id":"https:\/\/eticacomunica.com.mx\/?p=8835#primaryimage"},"thumbnailUrl":"https:\/\/eticacomunica.com.mx\/wp-content\/uploads\/2022\/01\/IMG-20220130-WA0040.jpg","datePublished":"2022-01-31T00:54:32+00:00","breadcrumb":{"@id":"https:\/\/eticacomunica.com.mx\/?p=8835#breadcrumb"},"inLanguage":"es","potentialAction":[{"@type":"ReadAction","target":["https:\/\/eticacomunica.com.mx\/?p=8835"]}]},{"@type":"ImageObject","inLanguage":"es","@id":"https:\/\/eticacomunica.com.mx\/?p=8835#primaryimage","url":"https:\/\/eticacomunica.com.mx\/wp-content\/uploads\/2022\/01\/IMG-20220130-WA0040.jpg","contentUrl":"https:\/\/eticacomunica.com.mx\/wp-content\/uploads\/2022\/01\/IMG-20220130-WA0040.jpg","width":1024,"height":682},{"@type":"BreadcrumbList","@id":"https:\/\/eticacomunica.com.mx\/?p=8835#breadcrumb","itemListElement":[{"@type":"ListItem","position":1,"name":"Inicio","item":"https:\/\/eticacomunica.com.mx\/"},{"@type":"ListItem","position":2,"name":"Alcaldes de Sinaloa suman esfuerzos por el turismo"}]},{"@type":"WebSite","@id":"https:\/\/eticacomunica.com.mx\/#website","url":"https:\/\/eticacomunica.com.mx\/","name":"\u00c9tica Comunica","description":"Diario Digital","publisher":{"@id":"https:\/\/eticacomunica.com.mx\/#organization"},"potentialAction":[{"@type":"SearchAction","target":{"@type":"EntryPoint","urlTemplate":"https:\/\/eticacomunica.com.mx\/?s={search_term_string}"},"query-input":{"@type":"PropertyValueSpecification","valueRequired":true,"valueName":"search_term_string"}}],"inLanguage":"es"},{"@type":"Organization","@id":"https:\/\/eticacomunica.com.mx\/#organization","name":"Diarios Digitales de Sinaloa","url":"https:\/\/eticacomunica.com.mx\/","logo":{"@type":"ImageObject","inLanguage":"es","@id":"https:\/\/eticacomunica.com.mx\/#\/schema\/logo\/image\/","url":"https:\/\/eticacomunica.com.mx\/wp-content\/uploads\/2023\/10\/etica-logo.png","contentUrl":"https:\/\/eticacomunica.com.mx\/wp-content\/uploads\/2023\/10\/etica-logo.png","width":1280,"height":432,"caption":"Diarios Digitales de Sinaloa"},"image":{"@id":"https:\/\/eticacomunica.com.mx\/#\/schema\/logo\/image\/"},"sameAs":["https:\/\/www.facebook.com\/eticacomunica"]},{"@type":"Person","@id":"https:\/\/eticacomunica.com.mx\/#\/schema\/person\/2cacc47bd17fe8ad92f08c0313d22fa6","name":"etica","image":{"@type":"ImageObject","inLanguage":"es","@id":"https:\/\/secure.gravatar.com\/avatar\/dfb45d32bc7097f8f06d6e4f6e6b387e7cb8fd5b3a2869265c40587ab62cab1e?s=96&d=mm&r=g","url":"https:\/\/secure.gravatar.com\/avatar\/dfb45d32bc7097f8f06d6e4f6e6b387e7cb8fd5b3a2869265c40587ab62cab1e?s=96&d=mm&r=g","contentUrl":"https:\/\/secure.gravatar.com\/avatar\/dfb45d32bc7097f8f06d6e4f6e6b387e7cb8fd5b3a2869265c40587ab62cab1e?s=96&d=mm&r=g","caption":"etica"},"sameAs":["https:\/\/eticacomunica.com.mx"],"url":"https:\/\/eticacomunica.com.mx\/?author=1"}]}},"jetpack_publicize_connections":[],"jetpack_featured_media_url":"https:\/\/eticacomunica.com.mx\/wp-content\/uploads\/2022\/01\/IMG-20220130-WA0040.jpg","jetpack_sharing_enabled":true,"_links":{"self":[{"href":"https:\/\/eticacomunica.com.mx\/index.php?rest_route=\/wp\/v2\/posts\/8835","targetHints":{"allow":["GET"]}}],"collection":[{"href":"https:\/\/eticacomunica.com.mx\/index.php?rest_route=\/wp\/v2\/posts"}],"about":[{"href":"https:\/\/eticacomunica.com.mx\/index.php?rest_route=\/wp\/v2\/types\/post"}],"author":[{"embeddable":true,"href":"https:\/\/eticacomunica.com.mx\/index.php?rest_route=\/wp\/v2\/users\/1"}],"replies":[{"embeddable":true,"href":"https:\/\/eticacomunica.com.mx\/index.php?rest_route=%2Fwp%2Fv2%2Fcomments&post=8835"}],"version-history":[{"count":0,"href":"https:\/\/eticacomunica.com.mx\/index.php?rest_route=\/wp\/v2\/posts\/8835\/revisions"}],"wp:featuredmedia":[{"embeddable":true,"href":"https:\/\/eticacomunica.com.mx\/index.php?rest_route=\/wp\/v2\/media\/8834"}],"wp:attachment":[{"href":"https:\/\/eticacomunica.com.mx\/index.php?rest_route=%2Fwp%2Fv2%2Fmedia&parent=8835"}],"wp:term":[{"taxonomy":"category","embeddable":true,"href":"https:\/\/eticacomunica.com.mx\/index.php?rest_route=%2Fwp%2Fv2%2Fcategories&post=8835"},{"taxonomy":"post_tag","embeddable":true,"href":"https:\/\/eticacomunica.com.mx\/index.php?rest_route=%2Fwp%2Fv2%2Ftags&post=8835"}],"curies":[{"name":"wp","href":"https:\/\/api.w.org\/{rel}","templated":true}]}}