{"id":9083,"date":"2022-02-11T15:09:04","date_gmt":"2022-02-11T22:09:04","guid":{"rendered":"https:\/\/eticacomunica.com.mx\/?p=9083"},"modified":"2022-02-11T15:09:06","modified_gmt":"2022-02-11T22:09:06","slug":"gobierno-firma-convenio-con-uadeo-para-la-elaboracion-del-censo-de-desplazamiento-forzado-interno","status":"publish","type":"post","link":"https:\/\/eticacomunica.com.mx\/?p=9083","title":{"rendered":"Gobierno firma convenio con UAdeO para la elaboraci\u00f3n del censo de desplazamiento forzado interno"},"content":{"rendered":"\n<p>El gobernador Rub\u00e9n Rocha Moya sign\u00f3 con la rectora de la Universidad Aut\u00f3noma de Occidente, Sylvia Paz D\u00edaz Camacho, el convenio para la elaboraci\u00f3n del Registro y Diagn\u00f3stico de V\u00edctimas de Desplazamiento Forzado Interno, que fue atestiguado por el presidente de la Comisi\u00f3n Estatal de Derechos Humanos de Sinaloa, Jos\u00e9 Carlos \u00c1lvarez Ortega, y por el representante de la Oficina del Alto Comisionado de las Naciones Unidas para los Refugiados, Josep Herreros, este \u00faltimo a trav\u00e9s de una video conferencia, al igual que los representantes de los diversos colectivos que existen en el estado.<br><br>\u2022Dicho censo se convertir\u00e1 en la herramienta para conocer con exactitud el n\u00famero de familias que se encuentran en esta situaci\u00f3n, su procedencia y el lugar a donde fueron desplazadas, para as\u00ed canalizar los apoyos directamente a las personas, de manera individual, no a trav\u00e9s de ning\u00fan colectivo o grupo en especial.<br><br>\u2022El padr\u00f3n servir\u00e1 para conocer el n\u00famero exacto de viviendas que requieren las familias desplazadas, y para proporcionar los servicios b\u00e1sicos, como son agua potable, drenaje y alcantarillado en los casos donde se construyan nuevos asentamientos.<br><br>\u2022El gobernador del estado instruy\u00f3 a la secretaria de Educaci\u00f3n P\u00fablica y Cultura, presente en el evento, para que se garantice el acceso a la educaci\u00f3n a los ni\u00f1os y j\u00f3venes desplazados, en las escuelas ubicadas en las ciudades o comunidades donde eligieron sus familias reubicarse al emigrar de sus lugares de origen.<br><br>\u2022El primer compromiso asumido por el Gobierno del Estado con los colectivos de personas desplazadas, durante la primera reuni\u00f3n el pasado 1 de noviembre del 2021, de destinar un presupuesto de 60 millones de pesos para este a\u00f1o, ya fue cumplido al etiquetarse dicha partida en el Presupuesto de Egresos del 2022.<br><br>\u2022En esa ocasi\u00f3n, el gobernador adelant\u00f3 que este problema social de las familias desplazadas, se atender\u00eda de una manera integral y transversal, a trav\u00e9s de todas las dependencias involucradas, por ello la presencia en la firma de este convenio, tambi\u00e9n de varios secretarios del gabinete estatal, coordinados en esta tarea en particular por la secretaria del Bienestar y Desarrollo Sustentable.<br><br>\u2022El representante de la Oficina del Alto Comisionado de las Naciones Unidas para los Refugiados, Josep Herreros, anunci\u00f3 que en los pr\u00f3ximos d\u00edas visitar\u00e1 Sinaloa para reunirse con el gobernador del estado y con los colectivos de desplazados, a fin de conocer en persona la situaci\u00f3n que existe en Sinaloa, y las acciones gubernamentales que se han emprendido para dar respuesta a estas familias.<\/p>\n\n\n\n<figure class=\"wp-block-gallery has-nested-images columns-default is-cropped wp-block-gallery-1 is-layout-flex wp-block-gallery-is-layout-flex\">\n<figure class=\"wp-block-image\"><img loading=\"lazy\" decoding=\"async\" width=\"1280\" height=\"852\" data-id=\"9079\" src=\"https:\/\/eticacomunica.com.mx\/wp-content\/uploads\/2022\/02\/IMG-20220211-WA0034.jpg\" alt=\"\" class=\"wp-image-9079\" srcset=\"https:\/\/eticacomunica.com.mx\/wp-content\/uploads\/2022\/02\/IMG-20220211-WA0034.jpg 1280w, https:\/\/eticacomunica.com.mx\/wp-content\/uploads\/2022\/02\/IMG-20220211-WA0034-300x200.jpg 300w, https:\/\/eticacomunica.com.mx\/wp-content\/uploads\/2022\/02\/IMG-20220211-WA0034-1024x682.jpg 1024w, https:\/\/eticacomunica.com.mx\/wp-content\/uploads\/2022\/02\/IMG-20220211-WA0034-768x511.jpg 768w, https:\/\/eticacomunica.com.mx\/wp-content\/uploads\/2022\/02\/IMG-20220211-WA0034-1170x779.jpg 1170w, https:\/\/eticacomunica.com.mx\/wp-content\/uploads\/2022\/02\/IMG-20220211-WA0034-585x389.jpg 585w, https:\/\/eticacomunica.com.mx\/wp-content\/uploads\/2022\/02\/IMG-20220211-WA0034-263x175.jpg 263w\" sizes=\"auto, (max-width: 1280px) 100vw, 1280px\" \/><\/figure>\n\n\n\n<figure class=\"wp-block-image\"><img loading=\"lazy\" decoding=\"async\" width=\"1280\" height=\"852\" data-id=\"9078\" src=\"https:\/\/eticacomunica.com.mx\/wp-content\/uploads\/2022\/02\/IMG-20220211-WA0031.jpg\" alt=\"\" class=\"wp-image-9078\" srcset=\"https:\/\/eticacomunica.com.mx\/wp-content\/uploads\/2022\/02\/IMG-20220211-WA0031.jpg 1280w, https:\/\/eticacomunica.com.mx\/wp-content\/uploads\/2022\/02\/IMG-20220211-WA0031-300x200.jpg 300w, https:\/\/eticacomunica.com.mx\/wp-content\/uploads\/2022\/02\/IMG-20220211-WA0031-1024x682.jpg 1024w, https:\/\/eticacomunica.com.mx\/wp-content\/uploads\/2022\/02\/IMG-20220211-WA0031-768x511.jpg 768w, https:\/\/eticacomunica.com.mx\/wp-content\/uploads\/2022\/02\/IMG-20220211-WA0031-1170x779.jpg 1170w, https:\/\/eticacomunica.com.mx\/wp-content\/uploads\/2022\/02\/IMG-20220211-WA0031-585x389.jpg 585w, https:\/\/eticacomunica.com.mx\/wp-content\/uploads\/2022\/02\/IMG-20220211-WA0031-263x175.jpg 263w\" sizes=\"auto, (max-width: 1280px) 100vw, 1280px\" \/><\/figure>\n\n\n\n<figure class=\"wp-block-image\"><img loading=\"lazy\" decoding=\"async\" width=\"1280\" height=\"852\" data-id=\"9081\" src=\"https:\/\/eticacomunica.com.mx\/wp-content\/uploads\/2022\/02\/IMG-20220211-WA0026.jpg\" alt=\"\" class=\"wp-image-9081\" srcset=\"https:\/\/eticacomunica.com.mx\/wp-content\/uploads\/2022\/02\/IMG-20220211-WA0026.jpg 1280w, https:\/\/eticacomunica.com.mx\/wp-content\/uploads\/2022\/02\/IMG-20220211-WA0026-300x200.jpg 300w, https:\/\/eticacomunica.com.mx\/wp-content\/uploads\/2022\/02\/IMG-20220211-WA0026-1024x682.jpg 1024w, https:\/\/eticacomunica.com.mx\/wp-content\/uploads\/2022\/02\/IMG-20220211-WA0026-768x511.jpg 768w, https:\/\/eticacomunica.com.mx\/wp-content\/uploads\/2022\/02\/IMG-20220211-WA0026-1170x779.jpg 1170w, https:\/\/eticacomunica.com.mx\/wp-content\/uploads\/2022\/02\/IMG-20220211-WA0026-585x389.jpg 585w, https:\/\/eticacomunica.com.mx\/wp-content\/uploads\/2022\/02\/IMG-20220211-WA0026-263x175.jpg 263w\" sizes=\"auto, (max-width: 1280px) 100vw, 1280px\" \/><\/figure>\n\n\n\n<figure class=\"wp-block-image\"><img loading=\"lazy\" decoding=\"async\" width=\"1280\" height=\"852\" data-id=\"9080\" src=\"https:\/\/eticacomunica.com.mx\/wp-content\/uploads\/2022\/02\/IMG-20220211-WA0027.jpg\" alt=\"\" class=\"wp-image-9080\" srcset=\"https:\/\/eticacomunica.com.mx\/wp-content\/uploads\/2022\/02\/IMG-20220211-WA0027.jpg 1280w, https:\/\/eticacomunica.com.mx\/wp-content\/uploads\/2022\/02\/IMG-20220211-WA0027-300x200.jpg 300w, https:\/\/eticacomunica.com.mx\/wp-content\/uploads\/2022\/02\/IMG-20220211-WA0027-1024x682.jpg 1024w, https:\/\/eticacomunica.com.mx\/wp-content\/uploads\/2022\/02\/IMG-20220211-WA0027-768x511.jpg 768w, https:\/\/eticacomunica.com.mx\/wp-content\/uploads\/2022\/02\/IMG-20220211-WA0027-1170x779.jpg 1170w, https:\/\/eticacomunica.com.mx\/wp-content\/uploads\/2022\/02\/IMG-20220211-WA0027-585x389.jpg 585w, https:\/\/eticacomunica.com.mx\/wp-content\/uploads\/2022\/02\/IMG-20220211-WA0027-263x175.jpg 263w\" sizes=\"auto, (max-width: 1280px) 100vw, 1280px\" \/><\/figure>\n<\/figure>\n","protected":false},"excerpt":{"rendered":"<p>El gobernador Rub\u00e9n Rocha Moya sign\u00f3 con la rectora de la Universidad Aut\u00f3noma de Occidente, Sylvia Paz D\u00edaz Camacho, el convenio para la elaboraci\u00f3n del Registro y Diagn\u00f3stico de V\u00edctimas&hellip;<\/p>\n","protected":false},"author":1,"featured_media":9082,"comment_status":"open","ping_status":"open","sticky":false,"template":"","format":"standard","meta":{"_jetpack_memberships_contains_paid_content":false,"footnotes":"","jetpack_publicize_message":"","jetpack_publicize_feature_enabled":true,"jetpack_social_post_already_shared":true,"jetpack_social_options":{"image_generator_settings":{"template":"highway","default_image_id":0,"font":"","enabled":false},"version":2}},"categories":[207,26],"tags":[34],"class_list":["post-9083","post","type-post","status-publish","format-standard","has-post-thumbnail","hentry","category-ges","category-portada","tag-gobierno-del-estado-de-sinaloa"],"yoast_head":"<!-- This site is optimized with the Yoast SEO plugin v27.2 - https:\/\/yoast.com\/product\/yoast-seo-wordpress\/ -->\n<title>Gobierno firma convenio con UAdeO para la elaboraci\u00f3n del censo de desplazamiento forzado interno - \u00c9tica Comunica<\/title>\n<meta name=\"robots\" content=\"index, follow, max-snippet:-1, max-image-preview:large, max-video-preview:-1\" \/>\n<link rel=\"canonical\" href=\"https:\/\/eticacomunica.com.mx\/?p=9083\" \/>\n<meta property=\"og:locale\" content=\"es_MX\" \/>\n<meta property=\"og:type\" content=\"article\" \/>\n<meta property=\"og:title\" content=\"Gobierno firma convenio con UAdeO para la elaboraci\u00f3n del censo de desplazamiento forzado interno - \u00c9tica Comunica\" \/>\n<meta property=\"og:description\" content=\"El gobernador Rub\u00e9n Rocha Moya sign\u00f3 con la rectora de la Universidad Aut\u00f3noma de Occidente, Sylvia Paz D\u00edaz Camacho, el convenio para la elaboraci\u00f3n del Registro y Diagn\u00f3stico de V\u00edctimas&hellip;\" \/>\n<meta property=\"og:url\" content=\"https:\/\/eticacomunica.com.mx\/?p=9083\" \/>\n<meta property=\"og:site_name\" content=\"\u00c9tica Comunica\" \/>\n<meta property=\"article:publisher\" content=\"https:\/\/www.facebook.com\/eticacomunica\" \/>\n<meta property=\"article:published_time\" content=\"2022-02-11T22:09:04+00:00\" \/>\n<meta property=\"article:modified_time\" content=\"2022-02-11T22:09:06+00:00\" \/>\n<meta property=\"og:image\" content=\"https:\/\/eticacomunica.com.mx\/wp-content\/uploads\/2022\/02\/IMG-20220211-WA0021.jpg\" \/>\n\t<meta property=\"og:image:width\" content=\"1280\" \/>\n\t<meta property=\"og:image:height\" content=\"852\" \/>\n\t<meta property=\"og:image:type\" content=\"image\/jpeg\" \/>\n<meta name=\"author\" content=\"etica\" \/>\n<meta name=\"twitter:card\" content=\"summary_large_image\" \/>\n<meta name=\"twitter:label1\" content=\"Escrito por\" \/>\n\t<meta name=\"twitter:data1\" content=\"etica\" \/>\n\t<meta name=\"twitter:label2\" content=\"Tiempo de lectura\" \/>\n\t<meta name=\"twitter:data2\" content=\"2 minutos\" \/>\n<script type=\"application\/ld+json\" class=\"yoast-schema-graph\">{\"@context\":\"https:\/\/schema.org\",\"@graph\":[{\"@type\":\"Article\",\"@id\":\"https:\/\/eticacomunica.com.mx\/?p=9083#article\",\"isPartOf\":{\"@id\":\"https:\/\/eticacomunica.com.mx\/?p=9083\"},\"author\":{\"name\":\"etica\",\"@id\":\"https:\/\/eticacomunica.com.mx\/#\/schema\/person\/2cacc47bd17fe8ad92f08c0313d22fa6\"},\"headline\":\"Gobierno firma convenio con UAdeO para la elaboraci\u00f3n del censo de desplazamiento forzado interno\",\"datePublished\":\"2022-02-11T22:09:04+00:00\",\"dateModified\":\"2022-02-11T22:09:06+00:00\",\"mainEntityOfPage\":{\"@id\":\"https:\/\/eticacomunica.com.mx\/?p=9083\"},\"wordCount\":451,\"commentCount\":0,\"publisher\":{\"@id\":\"https:\/\/eticacomunica.com.mx\/#organization\"},\"image\":{\"@id\":\"https:\/\/eticacomunica.com.mx\/?p=9083#primaryimage\"},\"thumbnailUrl\":\"https:\/\/eticacomunica.com.mx\/wp-content\/uploads\/2022\/02\/IMG-20220211-WA0021.jpg\",\"keywords\":[\"Gobierno del Estado de Sinaloa\"],\"articleSection\":[\"GES\",\"Portada\"],\"inLanguage\":\"es\",\"potentialAction\":[{\"@type\":\"CommentAction\",\"name\":\"Comment\",\"target\":[\"https:\/\/eticacomunica.com.mx\/?p=9083#respond\"]}]},{\"@type\":\"WebPage\",\"@id\":\"https:\/\/eticacomunica.com.mx\/?p=9083\",\"url\":\"https:\/\/eticacomunica.com.mx\/?p=9083\",\"name\":\"Gobierno firma convenio con UAdeO para la elaboraci\u00f3n del censo de desplazamiento forzado interno - \u00c9tica Comunica\",\"isPartOf\":{\"@id\":\"https:\/\/eticacomunica.com.mx\/#website\"},\"primaryImageOfPage\":{\"@id\":\"https:\/\/eticacomunica.com.mx\/?p=9083#primaryimage\"},\"image\":{\"@id\":\"https:\/\/eticacomunica.com.mx\/?p=9083#primaryimage\"},\"thumbnailUrl\":\"https:\/\/eticacomunica.com.mx\/wp-content\/uploads\/2022\/02\/IMG-20220211-WA0021.jpg\",\"datePublished\":\"2022-02-11T22:09:04+00:00\",\"dateModified\":\"2022-02-11T22:09:06+00:00\",\"breadcrumb\":{\"@id\":\"https:\/\/eticacomunica.com.mx\/?p=9083#breadcrumb\"},\"inLanguage\":\"es\",\"potentialAction\":[{\"@type\":\"ReadAction\",\"target\":[\"https:\/\/eticacomunica.com.mx\/?p=9083\"]}]},{\"@type\":\"ImageObject\",\"inLanguage\":\"es\",\"@id\":\"https:\/\/eticacomunica.com.mx\/?p=9083#primaryimage\",\"url\":\"https:\/\/eticacomunica.com.mx\/wp-content\/uploads\/2022\/02\/IMG-20220211-WA0021.jpg\",\"contentUrl\":\"https:\/\/eticacomunica.com.mx\/wp-content\/uploads\/2022\/02\/IMG-20220211-WA0021.jpg\",\"width\":1280,\"height\":852},{\"@type\":\"BreadcrumbList\",\"@id\":\"https:\/\/eticacomunica.com.mx\/?p=9083#breadcrumb\",\"itemListElement\":[{\"@type\":\"ListItem\",\"position\":1,\"name\":\"Inicio\",\"item\":\"https:\/\/eticacomunica.com.mx\/\"},{\"@type\":\"ListItem\",\"position\":2,\"name\":\"Gobierno firma convenio con UAdeO para la elaboraci\u00f3n del censo de desplazamiento forzado interno\"}]},{\"@type\":\"WebSite\",\"@id\":\"https:\/\/eticacomunica.com.mx\/#website\",\"url\":\"https:\/\/eticacomunica.com.mx\/\",\"name\":\"\u00c9tica Comunica\",\"description\":\"Diario Digital\",\"publisher\":{\"@id\":\"https:\/\/eticacomunica.com.mx\/#organization\"},\"potentialAction\":[{\"@type\":\"SearchAction\",\"target\":{\"@type\":\"EntryPoint\",\"urlTemplate\":\"https:\/\/eticacomunica.com.mx\/?s={search_term_string}\"},\"query-input\":{\"@type\":\"PropertyValueSpecification\",\"valueRequired\":true,\"valueName\":\"search_term_string\"}}],\"inLanguage\":\"es\"},{\"@type\":\"Organization\",\"@id\":\"https:\/\/eticacomunica.com.mx\/#organization\",\"name\":\"Diarios Digitales de Sinaloa\",\"url\":\"https:\/\/eticacomunica.com.mx\/\",\"logo\":{\"@type\":\"ImageObject\",\"inLanguage\":\"es\",\"@id\":\"https:\/\/eticacomunica.com.mx\/#\/schema\/logo\/image\/\",\"url\":\"https:\/\/eticacomunica.com.mx\/wp-content\/uploads\/2023\/10\/etica-logo.png\",\"contentUrl\":\"https:\/\/eticacomunica.com.mx\/wp-content\/uploads\/2023\/10\/etica-logo.png\",\"width\":1280,\"height\":432,\"caption\":\"Diarios Digitales de Sinaloa\"},\"image\":{\"@id\":\"https:\/\/eticacomunica.com.mx\/#\/schema\/logo\/image\/\"},\"sameAs\":[\"https:\/\/www.facebook.com\/eticacomunica\"]},{\"@type\":\"Person\",\"@id\":\"https:\/\/eticacomunica.com.mx\/#\/schema\/person\/2cacc47bd17fe8ad92f08c0313d22fa6\",\"name\":\"etica\",\"image\":{\"@type\":\"ImageObject\",\"inLanguage\":\"es\",\"@id\":\"https:\/\/secure.gravatar.com\/avatar\/dfb45d32bc7097f8f06d6e4f6e6b387e7cb8fd5b3a2869265c40587ab62cab1e?s=96&d=mm&r=g\",\"url\":\"https:\/\/secure.gravatar.com\/avatar\/dfb45d32bc7097f8f06d6e4f6e6b387e7cb8fd5b3a2869265c40587ab62cab1e?s=96&d=mm&r=g\",\"contentUrl\":\"https:\/\/secure.gravatar.com\/avatar\/dfb45d32bc7097f8f06d6e4f6e6b387e7cb8fd5b3a2869265c40587ab62cab1e?s=96&d=mm&r=g\",\"caption\":\"etica\"},\"sameAs\":[\"https:\/\/eticacomunica.com.mx\"],\"url\":\"https:\/\/eticacomunica.com.mx\/?author=1\"}]}<\/script>\n<!-- \/ Yoast SEO plugin. -->","yoast_head_json":{"title":"Gobierno firma convenio con UAdeO para la elaboraci\u00f3n del censo de desplazamiento forzado interno - \u00c9tica Comunica","robots":{"index":"index","follow":"follow","max-snippet":"max-snippet:-1","max-image-preview":"max-image-preview:large","max-video-preview":"max-video-preview:-1"},"canonical":"https:\/\/eticacomunica.com.mx\/?p=9083","og_locale":"es_MX","og_type":"article","og_title":"Gobierno firma convenio con UAdeO para la elaboraci\u00f3n del censo de desplazamiento forzado interno - \u00c9tica Comunica","og_description":"El gobernador Rub\u00e9n Rocha Moya sign\u00f3 con la rectora de la Universidad Aut\u00f3noma de Occidente, Sylvia Paz D\u00edaz Camacho, el convenio para la elaboraci\u00f3n del Registro y Diagn\u00f3stico de V\u00edctimas&hellip;","og_url":"https:\/\/eticacomunica.com.mx\/?p=9083","og_site_name":"\u00c9tica Comunica","article_publisher":"https:\/\/www.facebook.com\/eticacomunica","article_published_time":"2022-02-11T22:09:04+00:00","article_modified_time":"2022-02-11T22:09:06+00:00","og_image":[{"width":1280,"height":852,"url":"https:\/\/eticacomunica.com.mx\/wp-content\/uploads\/2022\/02\/IMG-20220211-WA0021.jpg","type":"image\/jpeg"}],"author":"etica","twitter_card":"summary_large_image","twitter_misc":{"Escrito por":"etica","Tiempo de lectura":"2 minutos"},"schema":{"@context":"https:\/\/schema.org","@graph":[{"@type":"Article","@id":"https:\/\/eticacomunica.com.mx\/?p=9083#article","isPartOf":{"@id":"https:\/\/eticacomunica.com.mx\/?p=9083"},"author":{"name":"etica","@id":"https:\/\/eticacomunica.com.mx\/#\/schema\/person\/2cacc47bd17fe8ad92f08c0313d22fa6"},"headline":"Gobierno firma convenio con UAdeO para la elaboraci\u00f3n del censo de desplazamiento forzado interno","datePublished":"2022-02-11T22:09:04+00:00","dateModified":"2022-02-11T22:09:06+00:00","mainEntityOfPage":{"@id":"https:\/\/eticacomunica.com.mx\/?p=9083"},"wordCount":451,"commentCount":0,"publisher":{"@id":"https:\/\/eticacomunica.com.mx\/#organization"},"image":{"@id":"https:\/\/eticacomunica.com.mx\/?p=9083#primaryimage"},"thumbnailUrl":"https:\/\/eticacomunica.com.mx\/wp-content\/uploads\/2022\/02\/IMG-20220211-WA0021.jpg","keywords":["Gobierno del Estado de Sinaloa"],"articleSection":["GES","Portada"],"inLanguage":"es","potentialAction":[{"@type":"CommentAction","name":"Comment","target":["https:\/\/eticacomunica.com.mx\/?p=9083#respond"]}]},{"@type":"WebPage","@id":"https:\/\/eticacomunica.com.mx\/?p=9083","url":"https:\/\/eticacomunica.com.mx\/?p=9083","name":"Gobierno firma convenio con UAdeO para la elaboraci\u00f3n del censo de desplazamiento forzado interno - \u00c9tica Comunica","isPartOf":{"@id":"https:\/\/eticacomunica.com.mx\/#website"},"primaryImageOfPage":{"@id":"https:\/\/eticacomunica.com.mx\/?p=9083#primaryimage"},"image":{"@id":"https:\/\/eticacomunica.com.mx\/?p=9083#primaryimage"},"thumbnailUrl":"https:\/\/eticacomunica.com.mx\/wp-content\/uploads\/2022\/02\/IMG-20220211-WA0021.jpg","datePublished":"2022-02-11T22:09:04+00:00","dateModified":"2022-02-11T22:09:06+00:00","breadcrumb":{"@id":"https:\/\/eticacomunica.com.mx\/?p=9083#breadcrumb"},"inLanguage":"es","potentialAction":[{"@type":"ReadAction","target":["https:\/\/eticacomunica.com.mx\/?p=9083"]}]},{"@type":"ImageObject","inLanguage":"es","@id":"https:\/\/eticacomunica.com.mx\/?p=9083#primaryimage","url":"https:\/\/eticacomunica.com.mx\/wp-content\/uploads\/2022\/02\/IMG-20220211-WA0021.jpg","contentUrl":"https:\/\/eticacomunica.com.mx\/wp-content\/uploads\/2022\/02\/IMG-20220211-WA0021.jpg","width":1280,"height":852},{"@type":"BreadcrumbList","@id":"https:\/\/eticacomunica.com.mx\/?p=9083#breadcrumb","itemListElement":[{"@type":"ListItem","position":1,"name":"Inicio","item":"https:\/\/eticacomunica.com.mx\/"},{"@type":"ListItem","position":2,"name":"Gobierno firma convenio con UAdeO para la elaboraci\u00f3n del censo de desplazamiento forzado interno"}]},{"@type":"WebSite","@id":"https:\/\/eticacomunica.com.mx\/#website","url":"https:\/\/eticacomunica.com.mx\/","name":"\u00c9tica Comunica","description":"Diario Digital","publisher":{"@id":"https:\/\/eticacomunica.com.mx\/#organization"},"potentialAction":[{"@type":"SearchAction","target":{"@type":"EntryPoint","urlTemplate":"https:\/\/eticacomunica.com.mx\/?s={search_term_string}"},"query-input":{"@type":"PropertyValueSpecification","valueRequired":true,"valueName":"search_term_string"}}],"inLanguage":"es"},{"@type":"Organization","@id":"https:\/\/eticacomunica.com.mx\/#organization","name":"Diarios Digitales de Sinaloa","url":"https:\/\/eticacomunica.com.mx\/","logo":{"@type":"ImageObject","inLanguage":"es","@id":"https:\/\/eticacomunica.com.mx\/#\/schema\/logo\/image\/","url":"https:\/\/eticacomunica.com.mx\/wp-content\/uploads\/2023\/10\/etica-logo.png","contentUrl":"https:\/\/eticacomunica.com.mx\/wp-content\/uploads\/2023\/10\/etica-logo.png","width":1280,"height":432,"caption":"Diarios Digitales de Sinaloa"},"image":{"@id":"https:\/\/eticacomunica.com.mx\/#\/schema\/logo\/image\/"},"sameAs":["https:\/\/www.facebook.com\/eticacomunica"]},{"@type":"Person","@id":"https:\/\/eticacomunica.com.mx\/#\/schema\/person\/2cacc47bd17fe8ad92f08c0313d22fa6","name":"etica","image":{"@type":"ImageObject","inLanguage":"es","@id":"https:\/\/secure.gravatar.com\/avatar\/dfb45d32bc7097f8f06d6e4f6e6b387e7cb8fd5b3a2869265c40587ab62cab1e?s=96&d=mm&r=g","url":"https:\/\/secure.gravatar.com\/avatar\/dfb45d32bc7097f8f06d6e4f6e6b387e7cb8fd5b3a2869265c40587ab62cab1e?s=96&d=mm&r=g","contentUrl":"https:\/\/secure.gravatar.com\/avatar\/dfb45d32bc7097f8f06d6e4f6e6b387e7cb8fd5b3a2869265c40587ab62cab1e?s=96&d=mm&r=g","caption":"etica"},"sameAs":["https:\/\/eticacomunica.com.mx"],"url":"https:\/\/eticacomunica.com.mx\/?author=1"}]}},"jetpack_publicize_connections":[],"jetpack_featured_media_url":"https:\/\/eticacomunica.com.mx\/wp-content\/uploads\/2022\/02\/IMG-20220211-WA0021.jpg","jetpack_sharing_enabled":true,"_links":{"self":[{"href":"https:\/\/eticacomunica.com.mx\/index.php?rest_route=\/wp\/v2\/posts\/9083","targetHints":{"allow":["GET"]}}],"collection":[{"href":"https:\/\/eticacomunica.com.mx\/index.php?rest_route=\/wp\/v2\/posts"}],"about":[{"href":"https:\/\/eticacomunica.com.mx\/index.php?rest_route=\/wp\/v2\/types\/post"}],"author":[{"embeddable":true,"href":"https:\/\/eticacomunica.com.mx\/index.php?rest_route=\/wp\/v2\/users\/1"}],"replies":[{"embeddable":true,"href":"https:\/\/eticacomunica.com.mx\/index.php?rest_route=%2Fwp%2Fv2%2Fcomments&post=9083"}],"version-history":[{"count":1,"href":"https:\/\/eticacomunica.com.mx\/index.php?rest_route=\/wp\/v2\/posts\/9083\/revisions"}],"predecessor-version":[{"id":9084,"href":"https:\/\/eticacomunica.com.mx\/index.php?rest_route=\/wp\/v2\/posts\/9083\/revisions\/9084"}],"wp:featuredmedia":[{"embeddable":true,"href":"https:\/\/eticacomunica.com.mx\/index.php?rest_route=\/wp\/v2\/media\/9082"}],"wp:attachment":[{"href":"https:\/\/eticacomunica.com.mx\/index.php?rest_route=%2Fwp%2Fv2%2Fmedia&parent=9083"}],"wp:term":[{"taxonomy":"category","embeddable":true,"href":"https:\/\/eticacomunica.com.mx\/index.php?rest_route=%2Fwp%2Fv2%2Fcategories&post=9083"},{"taxonomy":"post_tag","embeddable":true,"href":"https:\/\/eticacomunica.com.mx\/index.php?rest_route=%2Fwp%2Fv2%2Ftags&post=9083"}],"curies":[{"name":"wp","href":"https:\/\/api.w.org\/{rel}","templated":true}]}}