{"id":9454,"date":"2022-03-01T15:22:30","date_gmt":"2022-03-01T22:22:30","guid":{"rendered":"https:\/\/eticacomunica.com.mx\/?p=9454"},"modified":"2022-03-01T15:24:53","modified_gmt":"2022-03-01T22:24:53","slug":"el-puente-de-el-quelite-lo-reconstruira-el-gobierno-del-estado","status":"publish","type":"post","link":"https:\/\/eticacomunica.com.mx\/?p=9454","title":{"rendered":"El puente de El Quelite lo reconstruir\u00e1 el Gobierno del Estado"},"content":{"rendered":"\n<p>El gobernador Rub\u00e9n Rocha Moya dio a conocer que su gobierno iniciar\u00e1 la reconstrucci\u00f3n del puente sobre el r\u00edo Quelite, el cual derrib\u00f3 en agosto del a\u00f1o pasado el hurac\u00e1n \u201cNora\u201d y que mantiene interrumpido el tr\u00e1fico por la carretera internacional M\u00e9xico 15, en las inmediaciones de Mazatl\u00e1n.<br><br>\u2022A este acuerdo lleg\u00f3 con el presidente de la Rep\u00fablica, Andr\u00e9s Manuel L\u00f3pez Obrador, con quien abord\u00f3 la urgente necesidad de reconstruir dicho puente, y la decisi\u00f3n que tom\u00f3 el mandatario de la Naci\u00f3n es que la Federaci\u00f3n aportar\u00e1 los recursos necesarios al Gobierno del Estado, que son 192 millones de pesos de acuerdo a los peritajes de la Secretar\u00eda de Comunicaciones y Transportes, para que sea el Estado quien lo reconstruya.<br><br>\u2022El gobernador Rocha explic\u00f3 que una vez que se firme el convenio alusivo con el Gobierno de la Rep\u00fablica, se licitar\u00e1 la obra, incluso sin esperar que se radiquen el total de los recursos, pues para iniciar con los trabajos s\u00f3lo es necesario entregar el 25 por ciento como pago inicial, lo cual se har\u00e1 con recursos propios mientras la Federaci\u00f3n realiza la transferencia.<br><br>\u2022Adem\u00e1s, la licitaci\u00f3n estar\u00e1 dirigida a empresas constructoras de Sinaloa, a fin de que la derrama econ\u00f3mica se quede en el estado, y para que el tiempo de construcci\u00f3n sea el menor posible, se adjudicar\u00e1 la obra a tres o cuatro compa\u00f1\u00edas para que trabajen al mismo tiempo y as\u00ed se pueda terminar la reconstrucci\u00f3n del puente en el menor n\u00famero de semanas, sobre todo, para adelantarse a la temporada de lluvias del verano.<br><br>\u2022En cuanto a detalles t\u00e9cnicos, dijo que la reconstrucci\u00f3n comprender\u00e1 modificaciones en cuanto a su infraestructura para evitar que futuras crecidas del r\u00edo puedan derribarlo de nuevo, ya que el puente ca\u00eddo era de una antig\u00fcedad de varias d\u00e9cadas.<\/p>\n","protected":false},"excerpt":{"rendered":"<p>El gobernador Rub\u00e9n Rocha Moya dio a conocer que su gobierno iniciar\u00e1 la reconstrucci\u00f3n del puente sobre el r\u00edo Quelite, el cual derrib\u00f3 en agosto del a\u00f1o pasado el hurac\u00e1n&hellip;<\/p>\n","protected":false},"author":1,"featured_media":9457,"comment_status":"open","ping_status":"open","sticky":false,"template":"","format":"standard","meta":{"_jetpack_memberships_contains_paid_content":false,"footnotes":"","jetpack_publicize_message":"","jetpack_publicize_feature_enabled":true,"jetpack_social_post_already_shared":true,"jetpack_social_options":{"image_generator_settings":{"template":"highway","default_image_id":0,"font":"","enabled":false},"version":2}},"categories":[207],"tags":[34,109],"class_list":["post-9454","post","type-post","status-publish","format-standard","has-post-thumbnail","hentry","category-ges","tag-gobierno-del-estado-de-sinaloa","tag-ruben-rocha-moya"],"yoast_head":"<!-- This site is optimized with the Yoast SEO plugin v27.2 - https:\/\/yoast.com\/product\/yoast-seo-wordpress\/ -->\n<title>El puente de El Quelite lo reconstruir\u00e1 el Gobierno del Estado - \u00c9tica Comunica<\/title>\n<meta name=\"robots\" content=\"index, follow, max-snippet:-1, max-image-preview:large, max-video-preview:-1\" \/>\n<link rel=\"canonical\" href=\"https:\/\/eticacomunica.com.mx\/?p=9454\" \/>\n<meta property=\"og:locale\" content=\"es_MX\" \/>\n<meta property=\"og:type\" content=\"article\" \/>\n<meta property=\"og:title\" content=\"El puente de El Quelite lo reconstruir\u00e1 el Gobierno del Estado - \u00c9tica Comunica\" \/>\n<meta property=\"og:description\" content=\"El gobernador Rub\u00e9n Rocha Moya dio a conocer que su gobierno iniciar\u00e1 la reconstrucci\u00f3n del puente sobre el r\u00edo Quelite, el cual derrib\u00f3 en agosto del a\u00f1o pasado el hurac\u00e1n&hellip;\" \/>\n<meta property=\"og:url\" content=\"https:\/\/eticacomunica.com.mx\/?p=9454\" \/>\n<meta property=\"og:site_name\" content=\"\u00c9tica Comunica\" \/>\n<meta property=\"article:publisher\" content=\"https:\/\/www.facebook.com\/eticacomunica\" \/>\n<meta property=\"article:published_time\" content=\"2022-03-01T22:22:30+00:00\" \/>\n<meta property=\"article:modified_time\" content=\"2022-03-01T22:24:53+00:00\" \/>\n<meta property=\"og:image\" content=\"https:\/\/eticacomunica.com.mx\/wp-content\/uploads\/2022\/03\/IMG-20220301-WA0012-1.jpg\" \/>\n\t<meta property=\"og:image:width\" content=\"1280\" \/>\n\t<meta property=\"og:image:height\" content=\"853\" \/>\n\t<meta property=\"og:image:type\" content=\"image\/jpeg\" \/>\n<meta name=\"author\" content=\"etica\" \/>\n<meta name=\"twitter:card\" content=\"summary_large_image\" \/>\n<meta name=\"twitter:label1\" content=\"Escrito por\" \/>\n\t<meta name=\"twitter:data1\" content=\"etica\" \/>\n\t<meta name=\"twitter:label2\" content=\"Tiempo de lectura\" \/>\n\t<meta name=\"twitter:data2\" content=\"2 minutos\" \/>\n<script type=\"application\/ld+json\" class=\"yoast-schema-graph\">{\"@context\":\"https:\/\/schema.org\",\"@graph\":[{\"@type\":\"Article\",\"@id\":\"https:\/\/eticacomunica.com.mx\/?p=9454#article\",\"isPartOf\":{\"@id\":\"https:\/\/eticacomunica.com.mx\/?p=9454\"},\"author\":{\"name\":\"etica\",\"@id\":\"https:\/\/eticacomunica.com.mx\/#\/schema\/person\/2cacc47bd17fe8ad92f08c0313d22fa6\"},\"headline\":\"El puente de El Quelite lo reconstruir\u00e1 el Gobierno del Estado\",\"datePublished\":\"2022-03-01T22:22:30+00:00\",\"dateModified\":\"2022-03-01T22:24:53+00:00\",\"mainEntityOfPage\":{\"@id\":\"https:\/\/eticacomunica.com.mx\/?p=9454\"},\"wordCount\":336,\"commentCount\":0,\"publisher\":{\"@id\":\"https:\/\/eticacomunica.com.mx\/#organization\"},\"image\":{\"@id\":\"https:\/\/eticacomunica.com.mx\/?p=9454#primaryimage\"},\"thumbnailUrl\":\"https:\/\/eticacomunica.com.mx\/wp-content\/uploads\/2022\/03\/IMG-20220301-WA0012-1.jpg\",\"keywords\":[\"Gobierno del Estado de Sinaloa\",\"Rub\u00e9n Rocha Moya\"],\"articleSection\":[\"GES\"],\"inLanguage\":\"es\",\"potentialAction\":[{\"@type\":\"CommentAction\",\"name\":\"Comment\",\"target\":[\"https:\/\/eticacomunica.com.mx\/?p=9454#respond\"]}]},{\"@type\":\"WebPage\",\"@id\":\"https:\/\/eticacomunica.com.mx\/?p=9454\",\"url\":\"https:\/\/eticacomunica.com.mx\/?p=9454\",\"name\":\"El puente de El Quelite lo reconstruir\u00e1 el Gobierno del Estado - \u00c9tica Comunica\",\"isPartOf\":{\"@id\":\"https:\/\/eticacomunica.com.mx\/#website\"},\"primaryImageOfPage\":{\"@id\":\"https:\/\/eticacomunica.com.mx\/?p=9454#primaryimage\"},\"image\":{\"@id\":\"https:\/\/eticacomunica.com.mx\/?p=9454#primaryimage\"},\"thumbnailUrl\":\"https:\/\/eticacomunica.com.mx\/wp-content\/uploads\/2022\/03\/IMG-20220301-WA0012-1.jpg\",\"datePublished\":\"2022-03-01T22:22:30+00:00\",\"dateModified\":\"2022-03-01T22:24:53+00:00\",\"breadcrumb\":{\"@id\":\"https:\/\/eticacomunica.com.mx\/?p=9454#breadcrumb\"},\"inLanguage\":\"es\",\"potentialAction\":[{\"@type\":\"ReadAction\",\"target\":[\"https:\/\/eticacomunica.com.mx\/?p=9454\"]}]},{\"@type\":\"ImageObject\",\"inLanguage\":\"es\",\"@id\":\"https:\/\/eticacomunica.com.mx\/?p=9454#primaryimage\",\"url\":\"https:\/\/eticacomunica.com.mx\/wp-content\/uploads\/2022\/03\/IMG-20220301-WA0012-1.jpg\",\"contentUrl\":\"https:\/\/eticacomunica.com.mx\/wp-content\/uploads\/2022\/03\/IMG-20220301-WA0012-1.jpg\",\"width\":1280,\"height\":853},{\"@type\":\"BreadcrumbList\",\"@id\":\"https:\/\/eticacomunica.com.mx\/?p=9454#breadcrumb\",\"itemListElement\":[{\"@type\":\"ListItem\",\"position\":1,\"name\":\"Inicio\",\"item\":\"https:\/\/eticacomunica.com.mx\/\"},{\"@type\":\"ListItem\",\"position\":2,\"name\":\"El puente de El Quelite lo reconstruir\u00e1 el Gobierno del Estado\"}]},{\"@type\":\"WebSite\",\"@id\":\"https:\/\/eticacomunica.com.mx\/#website\",\"url\":\"https:\/\/eticacomunica.com.mx\/\",\"name\":\"\u00c9tica Comunica\",\"description\":\"Diario Digital\",\"publisher\":{\"@id\":\"https:\/\/eticacomunica.com.mx\/#organization\"},\"potentialAction\":[{\"@type\":\"SearchAction\",\"target\":{\"@type\":\"EntryPoint\",\"urlTemplate\":\"https:\/\/eticacomunica.com.mx\/?s={search_term_string}\"},\"query-input\":{\"@type\":\"PropertyValueSpecification\",\"valueRequired\":true,\"valueName\":\"search_term_string\"}}],\"inLanguage\":\"es\"},{\"@type\":\"Organization\",\"@id\":\"https:\/\/eticacomunica.com.mx\/#organization\",\"name\":\"Diarios Digitales de Sinaloa\",\"url\":\"https:\/\/eticacomunica.com.mx\/\",\"logo\":{\"@type\":\"ImageObject\",\"inLanguage\":\"es\",\"@id\":\"https:\/\/eticacomunica.com.mx\/#\/schema\/logo\/image\/\",\"url\":\"https:\/\/eticacomunica.com.mx\/wp-content\/uploads\/2023\/10\/etica-logo.png\",\"contentUrl\":\"https:\/\/eticacomunica.com.mx\/wp-content\/uploads\/2023\/10\/etica-logo.png\",\"width\":1280,\"height\":432,\"caption\":\"Diarios Digitales de Sinaloa\"},\"image\":{\"@id\":\"https:\/\/eticacomunica.com.mx\/#\/schema\/logo\/image\/\"},\"sameAs\":[\"https:\/\/www.facebook.com\/eticacomunica\"]},{\"@type\":\"Person\",\"@id\":\"https:\/\/eticacomunica.com.mx\/#\/schema\/person\/2cacc47bd17fe8ad92f08c0313d22fa6\",\"name\":\"etica\",\"image\":{\"@type\":\"ImageObject\",\"inLanguage\":\"es\",\"@id\":\"https:\/\/secure.gravatar.com\/avatar\/dfb45d32bc7097f8f06d6e4f6e6b387e7cb8fd5b3a2869265c40587ab62cab1e?s=96&d=mm&r=g\",\"url\":\"https:\/\/secure.gravatar.com\/avatar\/dfb45d32bc7097f8f06d6e4f6e6b387e7cb8fd5b3a2869265c40587ab62cab1e?s=96&d=mm&r=g\",\"contentUrl\":\"https:\/\/secure.gravatar.com\/avatar\/dfb45d32bc7097f8f06d6e4f6e6b387e7cb8fd5b3a2869265c40587ab62cab1e?s=96&d=mm&r=g\",\"caption\":\"etica\"},\"sameAs\":[\"https:\/\/eticacomunica.com.mx\"],\"url\":\"https:\/\/eticacomunica.com.mx\/?author=1\"}]}<\/script>\n<!-- \/ Yoast SEO plugin. -->","yoast_head_json":{"title":"El puente de El Quelite lo reconstruir\u00e1 el Gobierno del Estado - \u00c9tica Comunica","robots":{"index":"index","follow":"follow","max-snippet":"max-snippet:-1","max-image-preview":"max-image-preview:large","max-video-preview":"max-video-preview:-1"},"canonical":"https:\/\/eticacomunica.com.mx\/?p=9454","og_locale":"es_MX","og_type":"article","og_title":"El puente de El Quelite lo reconstruir\u00e1 el Gobierno del Estado - \u00c9tica Comunica","og_description":"El gobernador Rub\u00e9n Rocha Moya dio a conocer que su gobierno iniciar\u00e1 la reconstrucci\u00f3n del puente sobre el r\u00edo Quelite, el cual derrib\u00f3 en agosto del a\u00f1o pasado el hurac\u00e1n&hellip;","og_url":"https:\/\/eticacomunica.com.mx\/?p=9454","og_site_name":"\u00c9tica Comunica","article_publisher":"https:\/\/www.facebook.com\/eticacomunica","article_published_time":"2022-03-01T22:22:30+00:00","article_modified_time":"2022-03-01T22:24:53+00:00","og_image":[{"width":1280,"height":853,"url":"https:\/\/eticacomunica.com.mx\/wp-content\/uploads\/2022\/03\/IMG-20220301-WA0012-1.jpg","type":"image\/jpeg"}],"author":"etica","twitter_card":"summary_large_image","twitter_misc":{"Escrito por":"etica","Tiempo de lectura":"2 minutos"},"schema":{"@context":"https:\/\/schema.org","@graph":[{"@type":"Article","@id":"https:\/\/eticacomunica.com.mx\/?p=9454#article","isPartOf":{"@id":"https:\/\/eticacomunica.com.mx\/?p=9454"},"author":{"name":"etica","@id":"https:\/\/eticacomunica.com.mx\/#\/schema\/person\/2cacc47bd17fe8ad92f08c0313d22fa6"},"headline":"El puente de El Quelite lo reconstruir\u00e1 el Gobierno del Estado","datePublished":"2022-03-01T22:22:30+00:00","dateModified":"2022-03-01T22:24:53+00:00","mainEntityOfPage":{"@id":"https:\/\/eticacomunica.com.mx\/?p=9454"},"wordCount":336,"commentCount":0,"publisher":{"@id":"https:\/\/eticacomunica.com.mx\/#organization"},"image":{"@id":"https:\/\/eticacomunica.com.mx\/?p=9454#primaryimage"},"thumbnailUrl":"https:\/\/eticacomunica.com.mx\/wp-content\/uploads\/2022\/03\/IMG-20220301-WA0012-1.jpg","keywords":["Gobierno del Estado de Sinaloa","Rub\u00e9n Rocha Moya"],"articleSection":["GES"],"inLanguage":"es","potentialAction":[{"@type":"CommentAction","name":"Comment","target":["https:\/\/eticacomunica.com.mx\/?p=9454#respond"]}]},{"@type":"WebPage","@id":"https:\/\/eticacomunica.com.mx\/?p=9454","url":"https:\/\/eticacomunica.com.mx\/?p=9454","name":"El puente de El Quelite lo reconstruir\u00e1 el Gobierno del Estado - \u00c9tica Comunica","isPartOf":{"@id":"https:\/\/eticacomunica.com.mx\/#website"},"primaryImageOfPage":{"@id":"https:\/\/eticacomunica.com.mx\/?p=9454#primaryimage"},"image":{"@id":"https:\/\/eticacomunica.com.mx\/?p=9454#primaryimage"},"thumbnailUrl":"https:\/\/eticacomunica.com.mx\/wp-content\/uploads\/2022\/03\/IMG-20220301-WA0012-1.jpg","datePublished":"2022-03-01T22:22:30+00:00","dateModified":"2022-03-01T22:24:53+00:00","breadcrumb":{"@id":"https:\/\/eticacomunica.com.mx\/?p=9454#breadcrumb"},"inLanguage":"es","potentialAction":[{"@type":"ReadAction","target":["https:\/\/eticacomunica.com.mx\/?p=9454"]}]},{"@type":"ImageObject","inLanguage":"es","@id":"https:\/\/eticacomunica.com.mx\/?p=9454#primaryimage","url":"https:\/\/eticacomunica.com.mx\/wp-content\/uploads\/2022\/03\/IMG-20220301-WA0012-1.jpg","contentUrl":"https:\/\/eticacomunica.com.mx\/wp-content\/uploads\/2022\/03\/IMG-20220301-WA0012-1.jpg","width":1280,"height":853},{"@type":"BreadcrumbList","@id":"https:\/\/eticacomunica.com.mx\/?p=9454#breadcrumb","itemListElement":[{"@type":"ListItem","position":1,"name":"Inicio","item":"https:\/\/eticacomunica.com.mx\/"},{"@type":"ListItem","position":2,"name":"El puente de El Quelite lo reconstruir\u00e1 el Gobierno del Estado"}]},{"@type":"WebSite","@id":"https:\/\/eticacomunica.com.mx\/#website","url":"https:\/\/eticacomunica.com.mx\/","name":"\u00c9tica Comunica","description":"Diario Digital","publisher":{"@id":"https:\/\/eticacomunica.com.mx\/#organization"},"potentialAction":[{"@type":"SearchAction","target":{"@type":"EntryPoint","urlTemplate":"https:\/\/eticacomunica.com.mx\/?s={search_term_string}"},"query-input":{"@type":"PropertyValueSpecification","valueRequired":true,"valueName":"search_term_string"}}],"inLanguage":"es"},{"@type":"Organization","@id":"https:\/\/eticacomunica.com.mx\/#organization","name":"Diarios Digitales de Sinaloa","url":"https:\/\/eticacomunica.com.mx\/","logo":{"@type":"ImageObject","inLanguage":"es","@id":"https:\/\/eticacomunica.com.mx\/#\/schema\/logo\/image\/","url":"https:\/\/eticacomunica.com.mx\/wp-content\/uploads\/2023\/10\/etica-logo.png","contentUrl":"https:\/\/eticacomunica.com.mx\/wp-content\/uploads\/2023\/10\/etica-logo.png","width":1280,"height":432,"caption":"Diarios Digitales de Sinaloa"},"image":{"@id":"https:\/\/eticacomunica.com.mx\/#\/schema\/logo\/image\/"},"sameAs":["https:\/\/www.facebook.com\/eticacomunica"]},{"@type":"Person","@id":"https:\/\/eticacomunica.com.mx\/#\/schema\/person\/2cacc47bd17fe8ad92f08c0313d22fa6","name":"etica","image":{"@type":"ImageObject","inLanguage":"es","@id":"https:\/\/secure.gravatar.com\/avatar\/dfb45d32bc7097f8f06d6e4f6e6b387e7cb8fd5b3a2869265c40587ab62cab1e?s=96&d=mm&r=g","url":"https:\/\/secure.gravatar.com\/avatar\/dfb45d32bc7097f8f06d6e4f6e6b387e7cb8fd5b3a2869265c40587ab62cab1e?s=96&d=mm&r=g","contentUrl":"https:\/\/secure.gravatar.com\/avatar\/dfb45d32bc7097f8f06d6e4f6e6b387e7cb8fd5b3a2869265c40587ab62cab1e?s=96&d=mm&r=g","caption":"etica"},"sameAs":["https:\/\/eticacomunica.com.mx"],"url":"https:\/\/eticacomunica.com.mx\/?author=1"}]}},"jetpack_publicize_connections":[],"jetpack_featured_media_url":"https:\/\/eticacomunica.com.mx\/wp-content\/uploads\/2022\/03\/IMG-20220301-WA0012-1.jpg","jetpack_sharing_enabled":true,"_links":{"self":[{"href":"https:\/\/eticacomunica.com.mx\/index.php?rest_route=\/wp\/v2\/posts\/9454","targetHints":{"allow":["GET"]}}],"collection":[{"href":"https:\/\/eticacomunica.com.mx\/index.php?rest_route=\/wp\/v2\/posts"}],"about":[{"href":"https:\/\/eticacomunica.com.mx\/index.php?rest_route=\/wp\/v2\/types\/post"}],"author":[{"embeddable":true,"href":"https:\/\/eticacomunica.com.mx\/index.php?rest_route=\/wp\/v2\/users\/1"}],"replies":[{"embeddable":true,"href":"https:\/\/eticacomunica.com.mx\/index.php?rest_route=%2Fwp%2Fv2%2Fcomments&post=9454"}],"version-history":[{"count":1,"href":"https:\/\/eticacomunica.com.mx\/index.php?rest_route=\/wp\/v2\/posts\/9454\/revisions"}],"predecessor-version":[{"id":9456,"href":"https:\/\/eticacomunica.com.mx\/index.php?rest_route=\/wp\/v2\/posts\/9454\/revisions\/9456"}],"wp:featuredmedia":[{"embeddable":true,"href":"https:\/\/eticacomunica.com.mx\/index.php?rest_route=\/wp\/v2\/media\/9457"}],"wp:attachment":[{"href":"https:\/\/eticacomunica.com.mx\/index.php?rest_route=%2Fwp%2Fv2%2Fmedia&parent=9454"}],"wp:term":[{"taxonomy":"category","embeddable":true,"href":"https:\/\/eticacomunica.com.mx\/index.php?rest_route=%2Fwp%2Fv2%2Fcategories&post=9454"},{"taxonomy":"post_tag","embeddable":true,"href":"https:\/\/eticacomunica.com.mx\/index.php?rest_route=%2Fwp%2Fv2%2Ftags&post=9454"}],"curies":[{"name":"wp","href":"https:\/\/api.w.org\/{rel}","templated":true}]}}